{"id":64111,"date":"2026-01-24T18:13:08","date_gmt":"2026-01-24T21:13:08","guid":{"rendered":"https:\/\/www.pbagora.com.br\/?p=934973"},"modified":"2026-01-25T08:13:08","modified_gmt":"2026-01-25T11:13:08","slug":"em-nota-defesa-de-raphaella-brilhante-reforca-necessidade-de-medidas-protetivas-e-combate-a-cultura-de-violencia-domestica","status":"publish","type":"post","link":"https:\/\/sindaopcpb.org.br\/index.php\/2026\/01\/24\/em-nota-defesa-de-raphaella-brilhante-reforca-necessidade-de-medidas-protetivas-e-combate-a-cultura-de-violencia-domestica\/","title":{"rendered":"Em nota, defesa de Raphaella Brilhante refor\u00e7a necessidade de medidas protetivas e combate \u00e0 cultura de viol\u00eancia dom\u00e9stica"},"content":{"rendered":"<p><img width=\"768\" height=\"520\" src=\"https:\/\/www.pbagora.com.br\/storage\/2026\/01\/image-139.png\" class=\"attachment-large size-large wp-post-image\" alt=\"\" style=\"margin-bottom: 20px;\" decoding=\"async\" loading=\"lazy\" srcset=\"https:\/\/www.pbagora.com.br\/storage\/2026\/01\/image-139.png 768w, https:\/\/www.pbagora.com.br\/storage\/2026\/01\/image-139-300x203.png 300w, https:\/\/www.pbagora.com.br\/storage\/2026\/01\/image-139-150x102.png 150w, https:\/\/www.pbagora.com.br\/storage\/2026\/01\/image-139-380x257.png 380w, https:\/\/www.pbagora.com.br\/storage\/2026\/01\/image-139-80x54.png 80w, https:\/\/www.pbagora.com.br\/storage\/2026\/01\/image-139-760x515.png 760w, https:\/\/www.pbagora.com.br\/storage\/2026\/01\/image-139-600x406.png 600w\" sizes=\"auto, (max-width: 768px) 100vw, 768px\" \/><\/p>\n<p>A defesa da m\u00e9dica e influenciadora Raphaella Brilhante divulgou, neste s\u00e1bado (24), uma nota oficial sobre as agress\u00f5es sofridas pela profissional, que denunciou o esposo, o cantor Jo\u00e3o Lima, por viol\u00eancia dom\u00e9stica<\/p>\n\n\n\n<p>O documento foi assinado pela advogada Dayane Carvalho e refor\u00e7a que todas as medidas cab\u00edveis est\u00e3o sendo adotadas para garantir a prote\u00e7\u00e3o da v\u00edtima.<\/p>\n\n\n\n<p>Segundo a nota, o objetivo imediato \u00e9 fazer cessar as agress\u00f5es f\u00edsicas, psicol\u00f3gicas, morais e financeiras relatadas por Raphaella. A defesa enfatizou que tais pr\u00e1ticas s\u00e3o inaceit\u00e1veis e que o autor dever\u00e1 responder pelo rigor da Lei Maria da Penha.<\/p>\n\n\n\n<p>\u201cAgress\u00f5es f\u00edsicas, psicol\u00f3gicas, morais e financeiras n\u00e3o s\u00e3o aceit\u00e1veis e o autor dever\u00e1 arcar com as consequ\u00eancias do rigor da lei protetiva da mulher\u201d, destacou a advogada.<\/p>\n\n\n\n<p>O texto tamb\u00e9m chama aten\u00e7\u00e3o para o cen\u00e1rio nacional de viol\u00eancia contra a mulher, lembrando que o Brasil registrou recorde de feminic\u00eddios em 2025.<\/p>\n\n\n\n<p>\u201c\u00c9 passada da hora de n\u00e3o mais aceitarmos que homens abusivos se sintam confort\u00e1veis em tratar nossos corpos como se fossem objetos. A sociedade precisa se conscientizar de que a v\u00edtima deve ser protegida e os agressores punidos\u201d, acrescentou.<\/p>\n\n\n\n<p>Ap\u00f3s o registro da ocorr\u00eancia na Pol\u00edcia Civil, o caso ser\u00e1 encaminhado ao Minist\u00e9rio P\u00fablico da Para\u00edba, que dever\u00e1 oferecer den\u00fancia contra Jo\u00e3o Lima. O Judici\u00e1rio, por sua vez, ser\u00e1 respons\u00e1vel por impor medidas protetivas em favor de Raphaella Brilhante.<\/p>\n\n\n\n<p>Confira na \u00edntegra:<\/p>\n\n\n\n<p><em>Nota Raphaella Brilhante<\/em><\/p>\n\n\n\n<p><em>A defesa de Raphaella Brilhante informa que neste primeiro momento est\u00e1 atuando para fazer cessar imediatamente todas as agress\u00f5es por ela sofrida.<\/em><\/p>\n\n\n\n<p><em>Agress\u00f5es f\u00edsicas, psicol\u00f3gicas, morais e financeiras n\u00e3o s\u00e3o aceit\u00e1veis e o autor dever\u00e1 arcar com as consequ\u00eancias do rigor da lei protetiva da mulher.<\/em><\/p>\n\n\n\n<p><em>Em um pa\u00eds que ostenta recorde de feminic\u00eddios registrados em 2025, \u00e9 passada da hora de n\u00e3o mais aceitarmos que homens abusivos se sintam confort\u00e1veis em tratar nossos corpos como se fossem objetos.<\/em><\/p>\n\n\n\n<p><em>A sociedade precisa se conscientizar de que a v\u00edtima deve ser protegida e os agressores punidos.<\/em><\/p>\n\n\n\n<p><em>Ap\u00f3s o registro de ocorr\u00eancia realizado em sede policial, o caso ser\u00e1 encaminhado ao Minist\u00e9rio P\u00fablico da Para\u00edba para que seja oferecida a den\u00fancia e o Judici\u00e1rio imponha medidas protetivas em favor de Raphaella Brilhante.<\/em><\/p>\n\n\n\n<p><em>Jo\u00e3o Pessoa, 24 de janeiro de 2026<\/em><\/p>\n\n\n\n<p><em>Dayane Carvalho, advogada especializada em viol\u00eancia de g\u00eanero.<\/em><\/p>\n\n\n\n<p><em><strong>PB Agora<\/strong><\/em><\/p>\n","protected":false},"excerpt":{"rendered":"<p><img decoding=\"async\" width=\"768\" height=\"520\" src=\"https:\/\/www.pbagora.com.br\/storage\/2026\/01\/image-139.png\" class=\"attachment-large size-large wp-post-image\" alt=\"\" loading=\"lazy\" srcset=\"https:\/\/www.pbagora.com.br\/storage\/2026\/01\/image-139.png 768w, https:\/\/www.pbagora.com.br\/storage\/2026\/01\/image-139-300x203.png 300w, https:\/\/www.pbagora.com.br\/storage\/2026\/01\/image-139-150x102.png 150w, https:\/\/www.pbagora.com.br\/storage\/2026\/01\/image-139-380x257.png 380w, https:\/\/www.pbagora.com.br\/storage\/2026\/01\/image-139-80x54.png 80w, https:\/\/www.pbagora.com.br\/storage\/2026\/01\/image-139-760x515.png 760w, https:\/\/www.pbagora.com.br\/storage\/2026\/01\/image-139-600x406.png 600w\" sizes=\"auto, (max-width: 768px) 100vw, 768px\"><\/p>\n<p>A defesa da m\u00e9dica e influenciadora Raphaella Brilhante divulgou, neste s\u00e1bado (24), uma nota oficial sobre as agress\u00f5es\u2026<\/p>\n","protected":false},"author":123457,"featured_media":0,"comment_status":"closed","ping_status":"closed","sticky":false,"template":"","format":"standard","meta":{"advgb_blocks_editor_width":"","advgb_blocks_columns_visual_guide":"","footnotes":""},"categories":[34],"tags":[10841,35,10839],"class_list":["post-64111","post","type-post","status-publish","format-standard","hentry","category-g1","tag-destaque-centro-02","tag-g1","tag-policial"],"author_meta":{"display_name":"Reda\u00e7\u00e3o","author_link":"https:\/\/sindaopcpb.org.br\/author\/redacao\/"},"featured_img":null,"coauthors":[],"tax_additional":{"categories":{"linked":["<a href=\"https:\/\/sindaopcpb.org.br\/g1\/\" class=\"advgb-post-tax-term\">G1<\/a>"],"unlinked":["<span class=\"advgb-post-tax-term\">G1<\/span>"]},"tags":{"linked":["<a href=\"https:\/\/sindaopcpb.org.br\/g1\/\" class=\"advgb-post-tax-term\">Destaque Centro 02<\/a>","<a href=\"https:\/\/sindaopcpb.org.br\/g1\/\" class=\"advgb-post-tax-term\">g1<\/a>","<a href=\"https:\/\/sindaopcpb.org.br\/g1\/\" class=\"advgb-post-tax-term\">Policial<\/a>"],"unlinked":["<span class=\"advgb-post-tax-term\">Destaque Centro 02<\/span>","<span class=\"advgb-post-tax-term\">g1<\/span>","<span class=\"advgb-post-tax-term\">Policial<\/span>"]}},"comment_count":"0","relative_dates":{"created":"Publicado 3 meses atr\u00e1s","modified":"Atualizado 3 meses atr\u00e1s"},"absolute_dates":{"created":"Publicado em 24 de janeiro de 2026","modified":"Atualizado em 25 de janeiro de 2026"},"absolute_dates_time":{"created":"Publicado em 24 de janeiro de 2026 18:13","modified":"Atualizado em 25 de janeiro de 2026 08:13"},"featured_img_caption":"","series_order":"","_links":{"self":[{"href":"https:\/\/sindaopcpb.org.br\/index.php\/wp-json\/wp\/v2\/posts\/64111","targetHints":{"allow":["GET"]}}],"collection":[{"href":"https:\/\/sindaopcpb.org.br\/index.php\/wp-json\/wp\/v2\/posts"}],"about":[{"href":"https:\/\/sindaopcpb.org.br\/index.php\/wp-json\/wp\/v2\/types\/post"}],"author":[{"embeddable":true,"href":"https:\/\/sindaopcpb.org.br\/index.php\/wp-json\/wp\/v2\/users\/123457"}],"replies":[{"embeddable":true,"href":"https:\/\/sindaopcpb.org.br\/index.php\/wp-json\/wp\/v2\/comments?post=64111"}],"version-history":[{"count":2,"href":"https:\/\/sindaopcpb.org.br\/index.php\/wp-json\/wp\/v2\/posts\/64111\/revisions"}],"predecessor-version":[{"id":64118,"href":"https:\/\/sindaopcpb.org.br\/index.php\/wp-json\/wp\/v2\/posts\/64111\/revisions\/64118"}],"wp:attachment":[{"href":"https:\/\/sindaopcpb.org.br\/index.php\/wp-json\/wp\/v2\/media?parent=64111"}],"wp:term":[{"taxonomy":"category","embeddable":true,"href":"https:\/\/sindaopcpb.org.br\/index.php\/wp-json\/wp\/v2\/categories?post=64111"},{"taxonomy":"post_tag","embeddable":true,"href":"https:\/\/sindaopcpb.org.br\/index.php\/wp-json\/wp\/v2\/tags?post=64111"}],"curies":[{"name":"wp","href":"https:\/\/api.w.org\/{rel}","templated":true}]}}