{"id":64109,"date":"2026-01-24T18:16:58","date_gmt":"2026-01-24T21:16:58","guid":{"rendered":"https:\/\/www.pbagora.com.br\/?p=934977"},"modified":"2026-01-24T18:16:58","modified_gmt":"2026-01-24T21:16:58","slug":"apos-denuncia-de-violencia-joao-lima-apaga-fotos-da-esposa-e-desativa-comentarios-mas-ganha-seguidores","status":"publish","type":"post","link":"https:\/\/sindaopcpb.org.br\/index.php\/2026\/01\/24\/apos-denuncia-de-violencia-joao-lima-apaga-fotos-da-esposa-e-desativa-comentarios-mas-ganha-seguidores\/","title":{"rendered":"Ap\u00f3s den\u00fancia de viol\u00eancia, Jo\u00e3o Lima apaga fotos da esposa e desativa coment\u00e1rios, mas ganha seguidores"},"content":{"rendered":"<p><img width=\"641\" height=\"508\" src=\"https:\/\/www.pbagora.com.br\/storage\/2026\/01\/image-140.png\" class=\"attachment-large size-large wp-post-image\" alt=\"\" style=\"margin-bottom: 20px;\" decoding=\"async\" loading=\"lazy\" srcset=\"https:\/\/www.pbagora.com.br\/storage\/2026\/01\/image-140.png 641w, https:\/\/www.pbagora.com.br\/storage\/2026\/01\/image-140-300x238.png 300w, https:\/\/www.pbagora.com.br\/storage\/2026\/01\/image-140-150x119.png 150w, https:\/\/www.pbagora.com.br\/storage\/2026\/01\/image-140-380x301.png 380w, https:\/\/www.pbagora.com.br\/storage\/2026\/01\/image-140-80x63.png 80w, https:\/\/www.pbagora.com.br\/storage\/2026\/01\/image-140-600x476.png 600w\" sizes=\"auto, (max-width: 641px) 100vw, 641px\" \/><\/p>\n<p>O cantor Jo\u00e3o Lima, denunciado pela esposa, a m\u00e9dica e influenciadora Raphaella Brilhante, por viol\u00eancia dom\u00e9stica, tomou medidas em suas redes sociais ap\u00f3s a repercuss\u00e3o do caso. Neste s\u00e1bado (24), o artista apagou todas as fotos em que aparecia ao lado da companheira e desativou a fun\u00e7\u00e3o de coment\u00e1rios em seu perfil, diante da enxurrada de mensagens cr\u00edticas relacionadas \u00e0s agress\u00f5es denunciadas.<\/p>\n\n\n\n<p>Apesar da repercuss\u00e3o negativa, Jo\u00e3o Lima registrou um aumento no n\u00famero de seguidores. A movimenta\u00e7\u00e3o chamou aten\u00e7\u00e3o, j\u00e1 que o crescimento ocorreu em meio \u00e0s acusa\u00e7\u00f5es e \u00e0 ampla divulga\u00e7\u00e3o de v\u00eddeos que mostram o cantor agredindo a esposa.<\/p>\n\n\n\n<p>Raphaella Brilhante prestou depoimento na Central de Pol\u00edcia Civil de Jo\u00e3o Pessoa na manh\u00e3 deste s\u00e1bado, acompanhada de sua advogada, com o bra\u00e7o imobilizado devido \u00e0s les\u00f5es. Segundo relatos, as agress\u00f5es come\u00e7aram ainda na lua de mel, apenas dois meses ap\u00f3s o casamento.<\/p>\n\n\n\n<p>A defesa da m\u00e9dica informou que j\u00e1 foram solicitadas medidas protetivas e que o caso ser\u00e1 encaminhado ao Minist\u00e9rio P\u00fablico da Para\u00edba, para que seja oferecida den\u00fancia contra Jo\u00e3o Lima.<\/p>\n\n\n\n<p><strong><em>PB Agora<\/em><\/strong><\/p>\n","protected":false},"excerpt":{"rendered":"<p><img decoding=\"async\" width=\"641\" height=\"508\" src=\"https:\/\/www.pbagora.com.br\/storage\/2026\/01\/image-140.png\" class=\"attachment-large size-large wp-post-image\" alt=\"\" loading=\"lazy\" srcset=\"https:\/\/www.pbagora.com.br\/storage\/2026\/01\/image-140.png 641w, https:\/\/www.pbagora.com.br\/storage\/2026\/01\/image-140-300x238.png 300w, https:\/\/www.pbagora.com.br\/storage\/2026\/01\/image-140-150x119.png 150w, https:\/\/www.pbagora.com.br\/storage\/2026\/01\/image-140-380x301.png 380w, https:\/\/www.pbagora.com.br\/storage\/2026\/01\/image-140-80x63.png 80w, https:\/\/www.pbagora.com.br\/storage\/2026\/01\/image-140-600x476.png 600w\" sizes=\"auto, (max-width: 641px) 100vw, 641px\"><\/p>\n<p>O cantor Jo\u00e3o Lima, denunciado pela esposa, a m\u00e9dica e influenciadora Raphaella Brilhante, por viol\u00eancia dom\u00e9stica, tomou medidas\u2026<\/p>\n","protected":false},"author":123457,"featured_media":0,"comment_status":"closed","ping_status":"closed","sticky":false,"template":"","format":"standard","meta":{"advgb_blocks_editor_width":"","advgb_blocks_columns_visual_guide":"","footnotes":""},"categories":[34],"tags":[35,10839,10842],"class_list":["post-64109","post","type-post","status-publish","format-standard","hentry","category-g1","tag-g1","tag-policial","tag-principal3"],"author_meta":{"display_name":"Reda\u00e7\u00e3o","author_link":"https:\/\/sindaopcpb.org.br\/author\/redacao\/"},"featured_img":null,"coauthors":[],"tax_additional":{"categories":{"linked":["<a href=\"https:\/\/sindaopcpb.org.br\/g1\/\" class=\"advgb-post-tax-term\">G1<\/a>"],"unlinked":["<span class=\"advgb-post-tax-term\">G1<\/span>"]},"tags":{"linked":["<a href=\"https:\/\/sindaopcpb.org.br\/g1\/\" class=\"advgb-post-tax-term\">g1<\/a>","<a href=\"https:\/\/sindaopcpb.org.br\/g1\/\" class=\"advgb-post-tax-term\">Policial<\/a>","<a href=\"https:\/\/sindaopcpb.org.br\/g1\/\" class=\"advgb-post-tax-term\">Principal3<\/a>"],"unlinked":["<span class=\"advgb-post-tax-term\">g1<\/span>","<span class=\"advgb-post-tax-term\">Policial<\/span>","<span class=\"advgb-post-tax-term\">Principal3<\/span>"]}},"comment_count":"0","relative_dates":{"created":"Publicado 3 meses atr\u00e1s","modified":"Atualizado 3 meses atr\u00e1s"},"absolute_dates":{"created":"Publicado em 24 de janeiro de 2026","modified":"Atualizado em 24 de janeiro de 2026"},"absolute_dates_time":{"created":"Publicado em 24 de janeiro de 2026 18:16","modified":"Atualizado em 24 de janeiro de 2026 18:16"},"featured_img_caption":"","series_order":"","_links":{"self":[{"href":"https:\/\/sindaopcpb.org.br\/index.php\/wp-json\/wp\/v2\/posts\/64109","targetHints":{"allow":["GET"]}}],"collection":[{"href":"https:\/\/sindaopcpb.org.br\/index.php\/wp-json\/wp\/v2\/posts"}],"about":[{"href":"https:\/\/sindaopcpb.org.br\/index.php\/wp-json\/wp\/v2\/types\/post"}],"author":[{"embeddable":true,"href":"https:\/\/sindaopcpb.org.br\/index.php\/wp-json\/wp\/v2\/users\/123457"}],"replies":[{"embeddable":true,"href":"https:\/\/sindaopcpb.org.br\/index.php\/wp-json\/wp\/v2\/comments?post=64109"}],"version-history":[{"count":1,"href":"https:\/\/sindaopcpb.org.br\/index.php\/wp-json\/wp\/v2\/posts\/64109\/revisions"}],"predecessor-version":[{"id":64110,"href":"https:\/\/sindaopcpb.org.br\/index.php\/wp-json\/wp\/v2\/posts\/64109\/revisions\/64110"}],"wp:attachment":[{"href":"https:\/\/sindaopcpb.org.br\/index.php\/wp-json\/wp\/v2\/media?parent=64109"}],"wp:term":[{"taxonomy":"category","embeddable":true,"href":"https:\/\/sindaopcpb.org.br\/index.php\/wp-json\/wp\/v2\/categories?post=64109"},{"taxonomy":"post_tag","embeddable":true,"href":"https:\/\/sindaopcpb.org.br\/index.php\/wp-json\/wp\/v2\/tags?post=64109"}],"curies":[{"name":"wp","href":"https:\/\/api.w.org\/{rel}","templated":true}]}}