{"id":64106,"date":"2026-01-24T18:39:52","date_gmt":"2026-01-24T21:39:52","guid":{"rendered":"https:\/\/www.pbagora.com.br\/?p=934986"},"modified":"2026-01-25T08:39:52","modified_gmt":"2026-01-25T11:39:52","slug":"nao-tenho-interesse-em-transformar-dor-em-espetaculo-diz-raphaella-brilhante-ao-se-pronunciar-sobre-agressoes","status":"publish","type":"post","link":"https:\/\/sindaopcpb.org.br\/index.php\/2026\/01\/24\/nao-tenho-interesse-em-transformar-dor-em-espetaculo-diz-raphaella-brilhante-ao-se-pronunciar-sobre-agressoes\/","title":{"rendered":"\u201cN\u00e3o tenho interesse em transformar dor em espet\u00e1culo\u201d diz Raphaella Brilhante ao se pronunciar sobre agress\u00f5es"},"content":{"rendered":"<p><img width=\"984\" height=\"703\" src=\"https:\/\/www.pbagora.com.br\/storage\/2026\/01\/image-143.png\" class=\"attachment-large size-large wp-post-image\" alt=\"\" style=\"margin-bottom: 20px;\" decoding=\"async\" srcset=\"https:\/\/www.pbagora.com.br\/storage\/2026\/01\/image-143.png 984w, https:\/\/www.pbagora.com.br\/storage\/2026\/01\/image-143-300x214.png 300w, https:\/\/www.pbagora.com.br\/storage\/2026\/01\/image-143-150x107.png 150w, https:\/\/www.pbagora.com.br\/storage\/2026\/01\/image-143-768x549.png 768w, https:\/\/www.pbagora.com.br\/storage\/2026\/01\/image-143-380x271.png 380w, https:\/\/www.pbagora.com.br\/storage\/2026\/01\/image-143-800x572.png 800w, https:\/\/www.pbagora.com.br\/storage\/2026\/01\/image-143-80x58.png 80w, https:\/\/www.pbagora.com.br\/storage\/2026\/01\/image-143-760x543.png 760w, https:\/\/www.pbagora.com.br\/storage\/2026\/01\/image-143-600x429.png 600w\" sizes=\"(max-width: 984px) 100vw, 984px\" \/><\/p>\n<p>A m\u00e9dica e influenciadora Raphaella Brilhante, que denunciou o esposo, o cantor Jo\u00e3o Lima, por viol\u00eancia dom\u00e9stica, utilizou suas redes sociais para se pronunciar diante das informa\u00e7\u00f5es falsas e ofensivas que, segundo ela, v\u00eam sendo divulgadas sobre sua vida pessoal e sua fam\u00edlia.<\/p>\n\n\n\n<p>Em mensagem p\u00fablica, Raphaella destacou que atravessa um momento delicado e que, at\u00e9 ent\u00e3o, havia optado pelo sil\u00eancio em respeito a si mesma, \u00e0 fam\u00edlia e \u00e0s pessoas envolvidas. No entanto, diante da repercuss\u00e3o, afirmou que n\u00e3o hesitar\u00e1 em falar a verdade caso seja necess\u00e1rio para preservar sua dignidade.<\/p>\n\n\n\n<p>\u201cDiante de informa\u00e7\u00f5es falsas e ofensivas que est\u00e3o sendo divulgadas sobre mim e sobre minha fam\u00edlia, sinto que preciso me posicionar com serenidade e respeito. Meu momento atual \u00e9 delicado e envolve quest\u00f5es \u00edntimas e s\u00e9rias, que dizem respeito exclusivamente \u00e0 minha vida pessoal. Essas narrativas n\u00e3o condizem com a verdade. Optei at\u00e9 aqui pelo sil\u00eancio, por respeito a mim, a minha fam\u00edlia e at\u00e9 as pessoas envolvidas. N\u00e3o tenho interesse em expor ningu\u00e9m, nem transformar dor em espet\u00e1culo. No entanto, deixo claro que sei exatamente o que vivi, e se for necess\u00e1rio para me defender de mentiras e preservar minha dignidade, n\u00e3o hesitarei em falar a verdade\u201d, escreveu.<\/p>\n\n\n\n<p>Raphaella tamb\u00e9m pediu que cessem os ataques e exposi\u00e7\u00f5es indevidas, refor\u00e7ando que o sil\u00eancio pode ser uma forma de for\u00e7a, mas que a verdade estar\u00e1 sempre ao seu lado.<\/p>\n\n\n\n<p>\u201cPe\u00e7o com firmeza e educa\u00e7\u00e3o que cessem as inven\u00e7\u00f5es, ataques e exposi\u00e7\u00f5es indevidas. O sil\u00eancio tamb\u00e9m \u00e9 uma forma de for\u00e7a, mas a verdade sempre estar\u00e1 comigo\u201d, completou.<\/p>\n\n\n\n<p>Raphaella Brilhante prestou depoimento na Delegacia Especializada de Atendimento \u00e0 Mulher, em Jo\u00e3o Pessoa, relatando que as agress\u00f5es come\u00e7aram ainda na lua de mel. O caso segue sob investiga\u00e7\u00e3o da Pol\u00edcia Civil da Para\u00edba e dever\u00e1 ser encaminhado ao Minist\u00e9rio P\u00fablico, que decidir\u00e1 sobre a den\u00fancia contra Jo\u00e3o Lima.<\/p>\n\n\n\n<p>At\u00e9 o momento, o cantor n\u00e3o se manifestou oficialmente sobre as acusa\u00e7\u00f5es.<\/p>\n\n\n\n<p><strong><em>PB Agora<\/em><\/strong><\/p>\n","protected":false},"excerpt":{"rendered":"<p><img loading=\"lazy\" decoding=\"async\" width=\"984\" height=\"703\" src=\"https:\/\/www.pbagora.com.br\/storage\/2026\/01\/image-143.png\" class=\"attachment-large size-large wp-post-image\" alt=\"\" srcset=\"https:\/\/www.pbagora.com.br\/storage\/2026\/01\/image-143.png 984w, https:\/\/www.pbagora.com.br\/storage\/2026\/01\/image-143-300x214.png 300w, https:\/\/www.pbagora.com.br\/storage\/2026\/01\/image-143-150x107.png 150w, https:\/\/www.pbagora.com.br\/storage\/2026\/01\/image-143-768x549.png 768w, https:\/\/www.pbagora.com.br\/storage\/2026\/01\/image-143-380x271.png 380w, https:\/\/www.pbagora.com.br\/storage\/2026\/01\/image-143-800x572.png 800w, https:\/\/www.pbagora.com.br\/storage\/2026\/01\/image-143-80x58.png 80w, https:\/\/www.pbagora.com.br\/storage\/2026\/01\/image-143-760x543.png 760w, https:\/\/www.pbagora.com.br\/storage\/2026\/01\/image-143-600x429.png 600w\" sizes=\"auto, (max-width: 984px) 100vw, 984px\"><\/p>\n<p>A m\u00e9dica e influenciadora Raphaella Brilhante, que denunciou o esposo, o cantor Jo\u00e3o Lima, por viol\u00eancia dom\u00e9stica, utilizou\u2026<\/p>\n","protected":false},"author":123457,"featured_media":0,"comment_status":"closed","ping_status":"closed","sticky":false,"template":"","format":"standard","meta":{"advgb_blocks_editor_width":"","advgb_blocks_columns_visual_guide":"","footnotes":""},"categories":[34],"tags":[10852,35,10839],"class_list":["post-64106","post","type-post","status-publish","format-standard","hentry","category-g1","tag-destaque-final-01","tag-g1","tag-policial"],"author_meta":{"display_name":"Reda\u00e7\u00e3o","author_link":"https:\/\/sindaopcpb.org.br\/author\/redacao\/"},"featured_img":null,"coauthors":[],"tax_additional":{"categories":{"linked":["<a href=\"https:\/\/sindaopcpb.org.br\/g1\/\" class=\"advgb-post-tax-term\">G1<\/a>"],"unlinked":["<span class=\"advgb-post-tax-term\">G1<\/span>"]},"tags":{"linked":["<a href=\"https:\/\/sindaopcpb.org.br\/g1\/\" class=\"advgb-post-tax-term\">Destaque Final 01<\/a>","<a href=\"https:\/\/sindaopcpb.org.br\/g1\/\" class=\"advgb-post-tax-term\">g1<\/a>","<a href=\"https:\/\/sindaopcpb.org.br\/g1\/\" class=\"advgb-post-tax-term\">Policial<\/a>"],"unlinked":["<span class=\"advgb-post-tax-term\">Destaque Final 01<\/span>","<span class=\"advgb-post-tax-term\">g1<\/span>","<span class=\"advgb-post-tax-term\">Policial<\/span>"]}},"comment_count":"0","relative_dates":{"created":"Publicado 3 meses atr\u00e1s","modified":"Atualizado 3 meses atr\u00e1s"},"absolute_dates":{"created":"Publicado em 24 de janeiro de 2026","modified":"Atualizado em 25 de janeiro de 2026"},"absolute_dates_time":{"created":"Publicado em 24 de janeiro de 2026 18:39","modified":"Atualizado em 25 de janeiro de 2026 08:39"},"featured_img_caption":"","series_order":"","_links":{"self":[{"href":"https:\/\/sindaopcpb.org.br\/index.php\/wp-json\/wp\/v2\/posts\/64106","targetHints":{"allow":["GET"]}}],"collection":[{"href":"https:\/\/sindaopcpb.org.br\/index.php\/wp-json\/wp\/v2\/posts"}],"about":[{"href":"https:\/\/sindaopcpb.org.br\/index.php\/wp-json\/wp\/v2\/types\/post"}],"author":[{"embeddable":true,"href":"https:\/\/sindaopcpb.org.br\/index.php\/wp-json\/wp\/v2\/users\/123457"}],"replies":[{"embeddable":true,"href":"https:\/\/sindaopcpb.org.br\/index.php\/wp-json\/wp\/v2\/comments?post=64106"}],"version-history":[{"count":3,"href":"https:\/\/sindaopcpb.org.br\/index.php\/wp-json\/wp\/v2\/posts\/64106\/revisions"}],"predecessor-version":[{"id":64125,"href":"https:\/\/sindaopcpb.org.br\/index.php\/wp-json\/wp\/v2\/posts\/64106\/revisions\/64125"}],"wp:attachment":[{"href":"https:\/\/sindaopcpb.org.br\/index.php\/wp-json\/wp\/v2\/media?parent=64106"}],"wp:term":[{"taxonomy":"category","embeddable":true,"href":"https:\/\/sindaopcpb.org.br\/index.php\/wp-json\/wp\/v2\/categories?post=64106"},{"taxonomy":"post_tag","embeddable":true,"href":"https:\/\/sindaopcpb.org.br\/index.php\/wp-json\/wp\/v2\/tags?post=64106"}],"curies":[{"name":"wp","href":"https:\/\/api.w.org\/{rel}","templated":true}]}}