{"id":64098,"date":"2026-01-24T12:53:47","date_gmt":"2026-01-24T15:53:47","guid":{"rendered":"https:\/\/www.pbagora.com.br\/?p=934962"},"modified":"2026-01-24T17:53:47","modified_gmt":"2026-01-24T20:53:47","slug":"mais-um-equipamento-do-smart-city-joao-pessoa-e-alvo-de-vandalismo","status":"publish","type":"post","link":"https:\/\/sindaopcpb.org.br\/index.php\/2026\/01\/24\/mais-um-equipamento-do-smart-city-joao-pessoa-e-alvo-de-vandalismo\/","title":{"rendered":"Mais um equipamento do Smart City Jo\u00e3o Pessoa \u00e9 alvo de vandalismo"},"content":{"rendered":"<p><img width=\"1024\" height=\"682\" src=\"https:\/\/www.pbagora.com.br\/storage\/2026\/01\/image-136-1024x682.png\" class=\"attachment-large size-large wp-post-image\" alt=\"\" style=\"margin-bottom: 20px;\" decoding=\"async\" loading=\"lazy\" srcset=\"https:\/\/www.pbagora.com.br\/storage\/2026\/01\/image-136-1024x682.png 1024w, https:\/\/www.pbagora.com.br\/storage\/2026\/01\/image-136-300x200.png 300w, https:\/\/www.pbagora.com.br\/storage\/2026\/01\/image-136-150x100.png 150w, https:\/\/www.pbagora.com.br\/storage\/2026\/01\/image-136-768x512.png 768w, https:\/\/www.pbagora.com.br\/storage\/2026\/01\/image-136-1536x1023.png 1536w, https:\/\/www.pbagora.com.br\/storage\/2026\/01\/image-136-380x253.png 380w, https:\/\/www.pbagora.com.br\/storage\/2026\/01\/image-136-800x533.png 800w, https:\/\/www.pbagora.com.br\/storage\/2026\/01\/image-136-1160x773.png 1160w, https:\/\/www.pbagora.com.br\/storage\/2026\/01\/image-136-80x53.png 80w, https:\/\/www.pbagora.com.br\/storage\/2026\/01\/image-136-760x506.png 760w, https:\/\/www.pbagora.com.br\/storage\/2026\/01\/image-136-600x400.png 600w, https:\/\/www.pbagora.com.br\/storage\/2026\/01\/image-136.png 1600w\" sizes=\"auto, (max-width: 1024px) 100vw, 1024px\" \/><\/p>\n<p>Instaladas por toda a cidade pela Prefeitura de Jo\u00e3o Pessoa com foco na seguran\u00e7a p\u00fablica, auxiliar no combate \u00e0 criminalidade e apoio \u00e0 gest\u00e3o urbana, as c\u00e2meras inteligentes da Smart City Jo\u00e3o Pessoa est\u00e3o sendo alvo de vandalismo. Na madrugada deste s\u00e1bado (24), o equipamento instalado em frente a uma escola no Bairro das Ind\u00fastrias foi danificado por criminosos. De acordo com o secret\u00e1rio de Seguran\u00e7a Urbana e Cidadania, Jo\u00e3o Almeida, o monitoramento 24 horas de pontos estrat\u00e9gicos da Capital vem incomodando fac\u00e7\u00f5es criminosas.<\/p>\n\n\n\n<p>\u201c\u00c9 lament\u00e1vel que isso ocorra. O objetivo das c\u00e2meras \u00e9 proteger vidas e apoiar no trabalho das for\u00e7as de seguran\u00e7a. Por isso, esses criminosos est\u00e3o incomodados. Mas eles destroem uma e n\u00f3s instalamos mais duas. Esse trabalho n\u00e3o vai parar. Vamos nos juntar a outras for\u00e7as de seguran\u00e7a, acionar o Gaeco, o Minist\u00e9rio P\u00fablico, e eles n\u00e3o v\u00e3o nos frear porque o mal n\u00e3o vai vencer o bem\u201d, afirmou.<\/p>\n\n\n\n<p>A c\u00e2mera danificada fica instalada em frente a Escola Municipal Professor Lynaldo Cavalcanti de Albuquerque, no Bairro das Ind\u00fastrias. \u201cNossas c\u00e2meras est\u00e3o em locais estrat\u00e9gicos. As fac\u00e7\u00f5es distribuem drogas nas redondezas das escolas, realizam furtos, e n\u00f3s precisamos combater, proteger nossas crian\u00e7as e a sociedade das a\u00e7\u00f5es destes bandidos\u201d, esclareceu Jo\u00e3o Almeida. Ele afirmou que este \u00e9 o segundo equipamento do tipo danificado. Na \u00faltima semana, aconteceu no bairro de Mangabeira e um dos suspeitos foi preso.<\/p>\n\n\n\n<p>As c\u00e2meras do Smart City s\u00e3o ferramentas tecnol\u00f3gicas que auxiliam no monitoramento da cidade, preven\u00e7\u00e3o de crimes e no acionamento r\u00e1pido das equipes da Guarda Civil Metropolitana e demais \u00f3rg\u00e3os de seguran\u00e7a. Elas est\u00e3o integradas a uma central de monitoramento, permitindo o acompanhamento em tempo real de \u00e1reas como a Orla, o Centro Hist\u00f3rico, corredores vi\u00e1rios e espa\u00e7os p\u00fablicos com grande circula\u00e7\u00e3o de pessoas.<\/p>\n\n\n\n<p>O sistema possibilita a identifica\u00e7\u00e3o de situa\u00e7\u00f5es suspeitas, o acompanhamento de ocorr\u00eancias em andamento e o uso de recursos tecnol\u00f3gicos, como o reconhecimento facial, sempre dentro dos par\u00e2metros legais, inclusive com c\u00e2meras de vis\u00e3o noturna e sensores de movimento, para auxiliar na localiza\u00e7\u00e3o de pessoas com mandados de pris\u00e3o em aberto. As imagens tamb\u00e9m contribuem para a organiza\u00e7\u00e3o do tr\u00e2nsito, o controle de grandes eventos e a resposta r\u00e1pida a emerg\u00eancias.<\/p>\n\n\n\n<p><strong><em>PB Agora<\/em><\/strong><\/p>\n","protected":false},"excerpt":{"rendered":"<p><img decoding=\"async\" width=\"1024\" height=\"682\" src=\"https:\/\/www.pbagora.com.br\/storage\/2026\/01\/image-136-1024x682.png\" class=\"attachment-large size-large wp-post-image\" alt=\"\" loading=\"lazy\" srcset=\"https:\/\/www.pbagora.com.br\/storage\/2026\/01\/image-136-1024x682.png 1024w, https:\/\/www.pbagora.com.br\/storage\/2026\/01\/image-136-300x200.png 300w, https:\/\/www.pbagora.com.br\/storage\/2026\/01\/image-136-150x100.png 150w, https:\/\/www.pbagora.com.br\/storage\/2026\/01\/image-136-768x512.png 768w, https:\/\/www.pbagora.com.br\/storage\/2026\/01\/image-136-1536x1023.png 1536w, https:\/\/www.pbagora.com.br\/storage\/2026\/01\/image-136-380x253.png 380w, https:\/\/www.pbagora.com.br\/storage\/2026\/01\/image-136-800x533.png 800w, https:\/\/www.pbagora.com.br\/storage\/2026\/01\/image-136-1160x773.png 1160w, https:\/\/www.pbagora.com.br\/storage\/2026\/01\/image-136-80x53.png 80w, https:\/\/www.pbagora.com.br\/storage\/2026\/01\/image-136-760x506.png 760w, https:\/\/www.pbagora.com.br\/storage\/2026\/01\/image-136-600x400.png 600w, https:\/\/www.pbagora.com.br\/storage\/2026\/01\/image-136.png 1600w\" sizes=\"auto, (max-width: 1024px) 100vw, 1024px\"><\/p>\n<p>Instaladas por toda a cidade pela Prefeitura de Jo\u00e3o Pessoa com foco na seguran\u00e7a p\u00fablica, auxiliar no combate\u2026<\/p>\n","protected":false},"author":123457,"featured_media":0,"comment_status":"closed","ping_status":"closed","sticky":false,"template":"","format":"standard","meta":{"advgb_blocks_editor_width":"","advgb_blocks_columns_visual_guide":"","footnotes":""},"categories":[34],"tags":[35,10839,10846],"class_list":["post-64098","post","type-post","status-publish","format-standard","hentry","category-g1","tag-g1","tag-policial","tag-rodape-02"],"author_meta":{"display_name":"Reda\u00e7\u00e3o","author_link":"https:\/\/sindaopcpb.org.br\/author\/redacao\/"},"featured_img":null,"coauthors":[],"tax_additional":{"categories":{"linked":["<a href=\"https:\/\/sindaopcpb.org.br\/g1\/\" class=\"advgb-post-tax-term\">G1<\/a>"],"unlinked":["<span class=\"advgb-post-tax-term\">G1<\/span>"]},"tags":{"linked":["<a href=\"https:\/\/sindaopcpb.org.br\/g1\/\" class=\"advgb-post-tax-term\">g1<\/a>","<a href=\"https:\/\/sindaopcpb.org.br\/g1\/\" class=\"advgb-post-tax-term\">Policial<\/a>","<a href=\"https:\/\/sindaopcpb.org.br\/g1\/\" class=\"advgb-post-tax-term\">Rodape 02<\/a>"],"unlinked":["<span class=\"advgb-post-tax-term\">g1<\/span>","<span class=\"advgb-post-tax-term\">Policial<\/span>","<span class=\"advgb-post-tax-term\">Rodape 02<\/span>"]}},"comment_count":"0","relative_dates":{"created":"Publicado 3 meses atr\u00e1s","modified":"Atualizado 3 meses atr\u00e1s"},"absolute_dates":{"created":"Publicado em 24 de janeiro de 2026","modified":"Atualizado em 24 de janeiro de 2026"},"absolute_dates_time":{"created":"Publicado em 24 de janeiro de 2026 12:53","modified":"Atualizado em 24 de janeiro de 2026 17:53"},"featured_img_caption":"","series_order":"","_links":{"self":[{"href":"https:\/\/sindaopcpb.org.br\/index.php\/wp-json\/wp\/v2\/posts\/64098","targetHints":{"allow":["GET"]}}],"collection":[{"href":"https:\/\/sindaopcpb.org.br\/index.php\/wp-json\/wp\/v2\/posts"}],"about":[{"href":"https:\/\/sindaopcpb.org.br\/index.php\/wp-json\/wp\/v2\/types\/post"}],"author":[{"embeddable":true,"href":"https:\/\/sindaopcpb.org.br\/index.php\/wp-json\/wp\/v2\/users\/123457"}],"replies":[{"embeddable":true,"href":"https:\/\/sindaopcpb.org.br\/index.php\/wp-json\/wp\/v2\/comments?post=64098"}],"version-history":[{"count":2,"href":"https:\/\/sindaopcpb.org.br\/index.php\/wp-json\/wp\/v2\/posts\/64098\/revisions"}],"predecessor-version":[{"id":64114,"href":"https:\/\/sindaopcpb.org.br\/index.php\/wp-json\/wp\/v2\/posts\/64098\/revisions\/64114"}],"wp:attachment":[{"href":"https:\/\/sindaopcpb.org.br\/index.php\/wp-json\/wp\/v2\/media?parent=64098"}],"wp:term":[{"taxonomy":"category","embeddable":true,"href":"https:\/\/sindaopcpb.org.br\/index.php\/wp-json\/wp\/v2\/categories?post=64098"},{"taxonomy":"post_tag","embeddable":true,"href":"https:\/\/sindaopcpb.org.br\/index.php\/wp-json\/wp\/v2\/tags?post=64098"}],"curies":[{"name":"wp","href":"https:\/\/api.w.org\/{rel}","templated":true}]}}