{"id":64094,"date":"2026-01-23T14:40:31","date_gmt":"2026-01-23T17:40:31","guid":{"rendered":"https:\/\/www.pbagora.com.br\/?p=934827"},"modified":"2026-01-23T14:40:31","modified_gmt":"2026-01-23T17:40:31","slug":"duas-pessoas-sao-presas-acusadas-de-trafico-de-drogas-durante-operacao-no-agreste-paraibano","status":"publish","type":"post","link":"https:\/\/sindaopcpb.org.br\/index.php\/2026\/01\/23\/duas-pessoas-sao-presas-acusadas-de-trafico-de-drogas-durante-operacao-no-agreste-paraibano\/","title":{"rendered":"Duas pessoas s\u00e3o presas acusadas de tr\u00e1fico de drogas durante opera\u00e7\u00e3o no Agreste paraibano"},"content":{"rendered":"<p><img width=\"1024\" height=\"888\" src=\"https:\/\/www.pbagora.com.br\/storage\/2026\/01\/WhatsApp-Image-2026-01-23-at-11.25.34-1024x888.jpeg\" class=\"attachment-large size-large wp-post-image\" alt=\"\" style=\"margin-bottom: 20px;\" decoding=\"async\" loading=\"lazy\" srcset=\"https:\/\/www.pbagora.com.br\/storage\/2026\/01\/WhatsApp-Image-2026-01-23-at-11.25.34-1024x888.jpeg 1024w, https:\/\/www.pbagora.com.br\/storage\/2026\/01\/WhatsApp-Image-2026-01-23-at-11.25.34-300x260.jpeg 300w, https:\/\/www.pbagora.com.br\/storage\/2026\/01\/WhatsApp-Image-2026-01-23-at-11.25.34-150x130.jpeg 150w, https:\/\/www.pbagora.com.br\/storage\/2026\/01\/WhatsApp-Image-2026-01-23-at-11.25.34-768x666.jpeg 768w, https:\/\/www.pbagora.com.br\/storage\/2026\/01\/WhatsApp-Image-2026-01-23-at-11.25.34-1536x1332.jpeg 1536w, https:\/\/www.pbagora.com.br\/storage\/2026\/01\/WhatsApp-Image-2026-01-23-at-11.25.34-380x330.jpeg 380w, https:\/\/www.pbagora.com.br\/storage\/2026\/01\/WhatsApp-Image-2026-01-23-at-11.25.34-800x694.jpeg 800w, https:\/\/www.pbagora.com.br\/storage\/2026\/01\/WhatsApp-Image-2026-01-23-at-11.25.34-1160x1006.jpeg 1160w, https:\/\/www.pbagora.com.br\/storage\/2026\/01\/WhatsApp-Image-2026-01-23-at-11.25.34-80x69.jpeg 80w, https:\/\/www.pbagora.com.br\/storage\/2026\/01\/WhatsApp-Image-2026-01-23-at-11.25.34-760x659.jpeg 760w, https:\/\/www.pbagora.com.br\/storage\/2026\/01\/WhatsApp-Image-2026-01-23-at-11.25.34-600x521.jpeg 600w, https:\/\/www.pbagora.com.br\/storage\/2026\/01\/WhatsApp-Image-2026-01-23-at-11.25.34.jpeg 1600w\" sizes=\"auto, (max-width: 1024px) 100vw, 1024px\" \/><\/p>\n<p>A Pol\u00edcia Civil da Para\u00edba, por meio do Grupo T\u00e1tico Especial (GTE), da 12\u00aa Delegacia Seccional de Pol\u00edcia Civil (12\u00aa DSPC), deflagrou, na manh\u00e3 desta sexta-feira (23), uma opera\u00e7\u00e3o policial nos munic\u00edpios de Pocinhos e Montadas, com foco na repress\u00e3o ao tr\u00e1fico de entorpecentes e no aprofundamento das investiga\u00e7\u00f5es acerca de um homic\u00eddio ocorrido na cidade de Montadas.<\/p>\n\n\n\n<p>A a\u00e7\u00e3o policial \u00e9 resultado do avan\u00e7o das investiga\u00e7\u00f5es relacionadas ao homic\u00eddio, ocasi\u00e3o em que foi identificado que terceiros teriam prestado apoio log\u00edstico aos executores do crime, auxiliando na fuga e na oculta\u00e7\u00e3o ap\u00f3s a pr\u00e1tica delituosa. Constatou-se, ainda, a poss\u00edvel participa\u00e7\u00e3o de um l\u00edder do tr\u00e1fico de entorpecentes atuante na regi\u00e3o do munic\u00edpio de Pocinhos.<\/p>\n\n\n\n<p>Diante dos elementos colhidos ao longo da investiga\u00e7\u00e3o, a Pol\u00edcia Civil representou pela expedi\u00e7\u00e3o de mandados judiciais, sendo cumpridos cinco mandados de busca e apreens\u00e3o em endere\u00e7os ligados aos suspeitos. No decorrer das dilig\u00eancias, foram efetuadas duas pris\u00f5es em flagrante delito. Os conduzidos foram autuados pelos crimes de tr\u00e1fico de entorpecentes, porte ilegal de arma de fogo de uso restrito e adultera\u00e7\u00e3o de ve\u00edculo automotor.<\/p>\n\n\n\n<p>A opera\u00e7\u00e3o resultou, ao todo, no cumprimento de cinco mandados de busca e apreens\u00e3o, na realiza\u00e7\u00e3o de duas pris\u00f5es em flagrante e na apreens\u00e3o de tr\u00eas ve\u00edculos automotores. As investiga\u00e7\u00f5es prosseguem com o objetivo de desarticular completamente a organiza\u00e7\u00e3o criminosa, identificar e responsabilizar todos os envolvidos e refor\u00e7ar a seguran\u00e7a da popula\u00e7\u00e3o.<\/p>\n\n\n\n<p><strong><em>Ascom PCPB<\/em><\/strong><\/p>\n\n\n\n<p><\/p>\n","protected":false},"excerpt":{"rendered":"<p><img decoding=\"async\" width=\"1024\" height=\"888\" src=\"https:\/\/www.pbagora.com.br\/storage\/2026\/01\/WhatsApp-Image-2026-01-23-at-11.25.34-1024x888.jpeg\" class=\"attachment-large size-large wp-post-image\" alt=\"\" loading=\"lazy\" srcset=\"https:\/\/www.pbagora.com.br\/storage\/2026\/01\/WhatsApp-Image-2026-01-23-at-11.25.34-1024x888.jpeg 1024w, https:\/\/www.pbagora.com.br\/storage\/2026\/01\/WhatsApp-Image-2026-01-23-at-11.25.34-300x260.jpeg 300w, https:\/\/www.pbagora.com.br\/storage\/2026\/01\/WhatsApp-Image-2026-01-23-at-11.25.34-150x130.jpeg 150w, https:\/\/www.pbagora.com.br\/storage\/2026\/01\/WhatsApp-Image-2026-01-23-at-11.25.34-768x666.jpeg 768w, https:\/\/www.pbagora.com.br\/storage\/2026\/01\/WhatsApp-Image-2026-01-23-at-11.25.34-1536x1332.jpeg 1536w, https:\/\/www.pbagora.com.br\/storage\/2026\/01\/WhatsApp-Image-2026-01-23-at-11.25.34-380x330.jpeg 380w, https:\/\/www.pbagora.com.br\/storage\/2026\/01\/WhatsApp-Image-2026-01-23-at-11.25.34-800x694.jpeg 800w, https:\/\/www.pbagora.com.br\/storage\/2026\/01\/WhatsApp-Image-2026-01-23-at-11.25.34-1160x1006.jpeg 1160w, https:\/\/www.pbagora.com.br\/storage\/2026\/01\/WhatsApp-Image-2026-01-23-at-11.25.34-80x69.jpeg 80w, https:\/\/www.pbagora.com.br\/storage\/2026\/01\/WhatsApp-Image-2026-01-23-at-11.25.34-760x659.jpeg 760w, https:\/\/www.pbagora.com.br\/storage\/2026\/01\/WhatsApp-Image-2026-01-23-at-11.25.34-600x521.jpeg 600w, https:\/\/www.pbagora.com.br\/storage\/2026\/01\/WhatsApp-Image-2026-01-23-at-11.25.34.jpeg 1600w\" sizes=\"auto, (max-width: 1024px) 100vw, 1024px\"><\/p>\n<p>A Pol\u00edcia Civil da Para\u00edba, por meio do Grupo T\u00e1tico Especial (GTE), da 12\u00aa Delegacia Seccional de Pol\u00edcia\u2026<\/p>\n","protected":false},"author":123457,"featured_media":0,"comment_status":"closed","ping_status":"closed","sticky":false,"template":"","format":"standard","meta":{"advgb_blocks_editor_width":"","advgb_blocks_columns_visual_guide":"","footnotes":""},"categories":[34],"tags":[35,10839],"class_list":["post-64094","post","type-post","status-publish","format-standard","hentry","category-g1","tag-g1","tag-policial"],"author_meta":{"display_name":"Reda\u00e7\u00e3o","author_link":"https:\/\/sindaopcpb.org.br\/author\/redacao\/"},"featured_img":null,"coauthors":[],"tax_additional":{"categories":{"linked":["<a href=\"https:\/\/sindaopcpb.org.br\/g1\/\" class=\"advgb-post-tax-term\">G1<\/a>"],"unlinked":["<span class=\"advgb-post-tax-term\">G1<\/span>"]},"tags":{"linked":["<a href=\"https:\/\/sindaopcpb.org.br\/g1\/\" class=\"advgb-post-tax-term\">g1<\/a>","<a href=\"https:\/\/sindaopcpb.org.br\/g1\/\" class=\"advgb-post-tax-term\">Policial<\/a>"],"unlinked":["<span class=\"advgb-post-tax-term\">g1<\/span>","<span class=\"advgb-post-tax-term\">Policial<\/span>"]}},"comment_count":"0","relative_dates":{"created":"Publicado 3 meses atr\u00e1s","modified":"Atualizado 3 meses atr\u00e1s"},"absolute_dates":{"created":"Publicado em 23 de janeiro de 2026","modified":"Atualizado em 23 de janeiro de 2026"},"absolute_dates_time":{"created":"Publicado em 23 de janeiro de 2026 14:40","modified":"Atualizado em 23 de janeiro de 2026 14:40"},"featured_img_caption":"","series_order":"","_links":{"self":[{"href":"https:\/\/sindaopcpb.org.br\/index.php\/wp-json\/wp\/v2\/posts\/64094","targetHints":{"allow":["GET"]}}],"collection":[{"href":"https:\/\/sindaopcpb.org.br\/index.php\/wp-json\/wp\/v2\/posts"}],"about":[{"href":"https:\/\/sindaopcpb.org.br\/index.php\/wp-json\/wp\/v2\/types\/post"}],"author":[{"embeddable":true,"href":"https:\/\/sindaopcpb.org.br\/index.php\/wp-json\/wp\/v2\/users\/123457"}],"replies":[{"embeddable":true,"href":"https:\/\/sindaopcpb.org.br\/index.php\/wp-json\/wp\/v2\/comments?post=64094"}],"version-history":[{"count":1,"href":"https:\/\/sindaopcpb.org.br\/index.php\/wp-json\/wp\/v2\/posts\/64094\/revisions"}],"predecessor-version":[{"id":64095,"href":"https:\/\/sindaopcpb.org.br\/index.php\/wp-json\/wp\/v2\/posts\/64094\/revisions\/64095"}],"wp:attachment":[{"href":"https:\/\/sindaopcpb.org.br\/index.php\/wp-json\/wp\/v2\/media?parent=64094"}],"wp:term":[{"taxonomy":"category","embeddable":true,"href":"https:\/\/sindaopcpb.org.br\/index.php\/wp-json\/wp\/v2\/categories?post=64094"},{"taxonomy":"post_tag","embeddable":true,"href":"https:\/\/sindaopcpb.org.br\/index.php\/wp-json\/wp\/v2\/tags?post=64094"}],"curies":[{"name":"wp","href":"https:\/\/api.w.org\/{rel}","templated":true}]}}