{"id":63628,"date":"2025-12-16T12:45:00","date_gmt":"2025-12-16T15:45:00","guid":{"rendered":"https:\/\/www.pbagora.com.br\/?p=930624"},"modified":"2025-12-16T12:45:00","modified_gmt":"2025-12-16T15:45:00","slug":"prf-flagra-motociclista-a-151-km-h-na-br-101-na-paraiba","status":"publish","type":"post","link":"https:\/\/sindaopcpb.org.br\/index.php\/2025\/12\/16\/prf-flagra-motociclista-a-151-km-h-na-br-101-na-paraiba\/","title":{"rendered":"PRF flagra motociclista a 151 km\/h na BR-101, na Para\u00edba"},"content":{"rendered":"<p><img width=\"471\" height=\"502\" src=\"https:\/\/www.pbagora.com.br\/storage\/2025\/12\/image-84.png\" class=\"attachment-large size-large wp-post-image\" alt=\"\" style=\"margin-bottom: 20px;\" decoding=\"async\" loading=\"lazy\" srcset=\"https:\/\/www.pbagora.com.br\/storage\/2025\/12\/image-84.png 471w, https:\/\/www.pbagora.com.br\/storage\/2025\/12\/image-84-281x300.png 281w, https:\/\/www.pbagora.com.br\/storage\/2025\/12\/image-84-141x150.png 141w, https:\/\/www.pbagora.com.br\/storage\/2025\/12\/image-84-380x405.png 380w, https:\/\/www.pbagora.com.br\/storage\/2025\/12\/image-84-80x85.png 80w, https:\/\/www.pbagora.com.br\/storage\/2025\/12\/image-84-75x80.png 75w\" sizes=\"auto, (max-width: 471px) 100vw, 471px\" \/><\/p>\n<p>A Pol\u00edcia Rodovi\u00e1ria Federal (PRF) flagrou, nesse domingo (15), um motociclista trafegando a 151 km\/h na BR-101, no km 71, pr\u00f3ximo \u00e0 entrada do munic\u00edpio de Lucena, no Litoral Norte da Para\u00edba. A infra\u00e7\u00e3o foi registrada durante uma fiscaliza\u00e7\u00e3o de velocidade realizada com radar port\u00e1til.<\/p>\n\n\n\n<p>De acordo com a PRF, somente nesta a\u00e7\u00e3o foram contabilizados 1.606 ve\u00edculos acima do limite permitido na via, configurando um recorde negativo de flagrantes por excesso de velocidade no trecho fiscalizado.<\/p>\n\n\n\n<p>Os dados refor\u00e7am a gravidade da situa\u00e7\u00e3o na BR-101. Segundo o Anu\u00e1rio Estat\u00edstico 2024 da PRF, a rodovia \u00e9 considerada a mais violenta do pa\u00eds, liderando o ranking nacional em n\u00famero de sinistros, com 12.778 ocorr\u00eancias, al\u00e9m de concentrar o maior n\u00famero de feridos, com 14.644 registros. A BR-101 tamb\u00e9m aparece como a segunda rodovia federal com maior n\u00famero de mortes, totalizando 732 \u00f3bitos.<\/p>\n\n\n\n<p>O excesso de velocidade \u00e9 apontado como um dos principais fatores de risco no tr\u00e2nsito. Conforme a Organiza\u00e7\u00e3o Pan-Americana da Sa\u00fade (OPAS), em pa\u00edses de renda baixa e m\u00e9dia, como o Brasil, a velocidade excessiva est\u00e1 associada a cerca de metade das mortes no tr\u00e2nsito.<\/p>\n\n\n\n<p>Na Para\u00edba, os n\u00fameros tamb\u00e9m s\u00e3o alarmantes. Dados da Secretaria Estadual de Sa\u00fade apontam que, entre janeiro e outubro de 2025, o Hospital do Trauma realizou 8.063 atendimentos a v\u00edtimas de sinistros envolvendo motocicletas, o que corresponde a cerca de 80% dos atendimentos a v\u00edtimas de ocorr\u00eancias de tr\u00e2nsito no estado.<\/p>\n\n\n\n<p>A PRF destaca que o combate ao excesso de velocidade \u00e9 uma medida priorit\u00e1ria para alcan\u00e7ar a meta estabelecida pela Organiza\u00e7\u00e3o das Na\u00e7\u00f5es Unidas (ONU), que prev\u00ea a redu\u00e7\u00e3o de 50% das mortes e les\u00f5es no tr\u00e2nsito em todo o mundo at\u00e9 2030.<\/p>\n\n\n\n<p><strong><em>PB Agora<\/em><\/strong><\/p>\n","protected":false},"excerpt":{"rendered":"<p><img loading=\"lazy\" decoding=\"async\" width=\"471\" height=\"502\" src=\"https:\/\/www.pbagora.com.br\/storage\/2025\/12\/image-84.png\" class=\"attachment-large size-large wp-post-image\" alt=\"\" srcset=\"https:\/\/www.pbagora.com.br\/storage\/2025\/12\/image-84.png 471w, https:\/\/www.pbagora.com.br\/storage\/2025\/12\/image-84-281x300.png 281w, https:\/\/www.pbagora.com.br\/storage\/2025\/12\/image-84-141x150.png 141w, https:\/\/www.pbagora.com.br\/storage\/2025\/12\/image-84-380x405.png 380w, https:\/\/www.pbagora.com.br\/storage\/2025\/12\/image-84-80x85.png 80w, https:\/\/www.pbagora.com.br\/storage\/2025\/12\/image-84-75x80.png 75w\" sizes=\"auto, (max-width: 471px) 100vw, 471px\"><\/p>\n<p>A Pol\u00edcia Rodovi\u00e1ria Federal (PRF) flagrou, nesse domingo (15), um motociclista trafegando a 151 km\/h na BR-101, no\u2026<\/p>\n","protected":false},"author":123457,"featured_media":0,"comment_status":"closed","ping_status":"closed","sticky":false,"template":"","format":"standard","meta":{"advgb_blocks_editor_width":"","advgb_blocks_columns_visual_guide":"","footnotes":""},"categories":[34],"tags":[10841,35,10839],"class_list":["post-63628","post","type-post","status-publish","format-standard","hentry","category-g1","tag-destaque-centro-02","tag-g1","tag-policial"],"author_meta":{"display_name":"Reda\u00e7\u00e3o","author_link":"https:\/\/sindaopcpb.org.br\/author\/redacao\/"},"featured_img":null,"coauthors":[],"tax_additional":{"categories":{"linked":["<a href=\"https:\/\/sindaopcpb.org.br\/g1\/\" class=\"advgb-post-tax-term\">G1<\/a>"],"unlinked":["<span class=\"advgb-post-tax-term\">G1<\/span>"]},"tags":{"linked":["<a href=\"https:\/\/sindaopcpb.org.br\/g1\/\" class=\"advgb-post-tax-term\">Destaque Centro 02<\/a>","<a href=\"https:\/\/sindaopcpb.org.br\/g1\/\" class=\"advgb-post-tax-term\">g1<\/a>","<a href=\"https:\/\/sindaopcpb.org.br\/g1\/\" class=\"advgb-post-tax-term\">Policial<\/a>"],"unlinked":["<span class=\"advgb-post-tax-term\">Destaque Centro 02<\/span>","<span class=\"advgb-post-tax-term\">g1<\/span>","<span class=\"advgb-post-tax-term\">Policial<\/span>"]}},"comment_count":"0","relative_dates":{"created":"Publicado 5 meses atr\u00e1s","modified":"Atualizado 5 meses atr\u00e1s"},"absolute_dates":{"created":"Publicado em 16 de dezembro de 2025","modified":"Atualizado em 16 de dezembro de 2025"},"absolute_dates_time":{"created":"Publicado em 16 de dezembro de 2025 12:45","modified":"Atualizado em 16 de dezembro de 2025 12:45"},"featured_img_caption":"","series_order":"","_links":{"self":[{"href":"https:\/\/sindaopcpb.org.br\/index.php\/wp-json\/wp\/v2\/posts\/63628","targetHints":{"allow":["GET"]}}],"collection":[{"href":"https:\/\/sindaopcpb.org.br\/index.php\/wp-json\/wp\/v2\/posts"}],"about":[{"href":"https:\/\/sindaopcpb.org.br\/index.php\/wp-json\/wp\/v2\/types\/post"}],"author":[{"embeddable":true,"href":"https:\/\/sindaopcpb.org.br\/index.php\/wp-json\/wp\/v2\/users\/123457"}],"replies":[{"embeddable":true,"href":"https:\/\/sindaopcpb.org.br\/index.php\/wp-json\/wp\/v2\/comments?post=63628"}],"version-history":[{"count":2,"href":"https:\/\/sindaopcpb.org.br\/index.php\/wp-json\/wp\/v2\/posts\/63628\/revisions"}],"predecessor-version":[{"id":63634,"href":"https:\/\/sindaopcpb.org.br\/index.php\/wp-json\/wp\/v2\/posts\/63628\/revisions\/63634"}],"wp:attachment":[{"href":"https:\/\/sindaopcpb.org.br\/index.php\/wp-json\/wp\/v2\/media?parent=63628"}],"wp:term":[{"taxonomy":"category","embeddable":true,"href":"https:\/\/sindaopcpb.org.br\/index.php\/wp-json\/wp\/v2\/categories?post=63628"},{"taxonomy":"post_tag","embeddable":true,"href":"https:\/\/sindaopcpb.org.br\/index.php\/wp-json\/wp\/v2\/tags?post=63628"}],"curies":[{"name":"wp","href":"https:\/\/api.w.org\/{rel}","templated":true}]}}