{"id":63624,"date":"2025-12-16T11:16:28","date_gmt":"2025-12-16T14:16:28","guid":{"rendered":"https:\/\/www.pbagora.com.br\/?p=930612"},"modified":"2025-12-16T13:23:28","modified_gmt":"2025-12-16T16:23:28","slug":"mppb-confirma-confissao-de-ex-secretario-em-caso-do-assassinato-do-vereador-peron-filho-de-jacarau","status":"publish","type":"post","link":"https:\/\/sindaopcpb.org.br\/index.php\/2025\/12\/16\/mppb-confirma-confissao-de-ex-secretario-em-caso-do-assassinato-do-vereador-peron-filho-de-jacarau\/","title":{"rendered":"MPPB confirma confiss\u00e3o de ex-secret\u00e1rio em caso do assassinato do vereador Peron Filho, de Jacara\u00fa"},"content":{"rendered":"<p><img width=\"446\" height=\"364\" src=\"https:\/\/www.pbagora.com.br\/storage\/2025\/11\/Captura-de-tela-2025-11-19-072904.png\" class=\"attachment-large size-large wp-post-image\" alt=\"\" style=\"margin-bottom: 20px;\" decoding=\"async\" srcset=\"https:\/\/www.pbagora.com.br\/storage\/2025\/11\/Captura-de-tela-2025-11-19-072904.png 446w, https:\/\/www.pbagora.com.br\/storage\/2025\/11\/Captura-de-tela-2025-11-19-072904-300x245.png 300w, https:\/\/www.pbagora.com.br\/storage\/2025\/11\/Captura-de-tela-2025-11-19-072904-150x122.png 150w, https:\/\/www.pbagora.com.br\/storage\/2025\/11\/Captura-de-tela-2025-11-19-072904-380x310.png 380w, https:\/\/www.pbagora.com.br\/storage\/2025\/11\/Captura-de-tela-2025-11-19-072904-80x65.png 80w\" sizes=\"(max-width: 446px) 100vw, 446px\" \/><\/p>\n<p>O Minist\u00e9rio P\u00fablico da Para\u00edba (MPPB) confirmou nesta ter\u00e7a-feira (16) que o ex-secret\u00e1rio de Transportes e Mobilidade de Jacara\u00fa, Jeferson Carvalho da Silva, confessou participa\u00e7\u00e3o no assassinato do vereador Peron Filho, ocorrido em setembro de 2025.<\/p>\n\n\n\n<p>Jeferson e o ex-secret\u00e1rio de Administra\u00e7\u00e3o, Ant\u00f4nio Fernandes, haviam sido presos temporariamente no dia 30 de outubro. As pris\u00f5es foram renovadas ap\u00f3s pedido da Pol\u00edcia Civil. Ambos foram exonerados pela Prefeitura de Jacara\u00fa no mesmo dia em que foram detidos.<\/p>\n\n\n\n<p>Al\u00e9m dos ex-secret\u00e1rios, outros dois homens foram presos sob suspeita de terem sido contratados para executar o vereador.<\/p>\n\n\n\n<p>Peron Filho foi atingido por tr\u00eas disparos nas costas quando voltava de moto para casa, ap\u00f3s participar de uma partida de futebol, na entrada da cidade de Pedro R\u00e9gis.<\/p>\n\n\n\n<p>O prefeito de Jacara\u00fa, M\u00e1rcio Aur\u00e9lio Cruz, passou a ser formalmente investigado pela Pol\u00edcia Civil no caso. A apura\u00e7\u00e3o tem rela\u00e7\u00e3o com uma reuni\u00e3o considerada suspeita entre o gestor e os ex-secret\u00e1rios presos, realizada cerca de 25 dias ap\u00f3s o crime. A den\u00fancia an\u00f4nima que apontou o encontro indicou que a reuni\u00e3o n\u00e3o tinha rela\u00e7\u00e3o com assuntos administrativos do munic\u00edpio.<\/p>\n\n\n\n<p>O MPPB ainda informou que as investiga\u00e7\u00f5es continuam, com an\u00e1lise de materiais apreendidos para verificar se h\u00e1 outros envolvidos no crime. Os autos do inqu\u00e9rito j\u00e1 foram remetidos ao Tribunal de Justi\u00e7a da Para\u00edba (TJPB), que conduz apura\u00e7\u00f5es paralelas em conjunto com o Minist\u00e9rio P\u00fablico.<\/p>\n\n\n\n<p><strong><em>Relembre<\/em><\/strong><\/p>\n\n\n\n<p>O vereador Peron Filho, filiado ao MDB, foi encontrado morto em 15 de setembro na estrada de Pedro R\u00e9gis. Ele tinha 37 anos, era divorciado e n\u00e3o deixou filhos. Reeleito em 2024 com 702 votos, foi o terceiro mais votado em Jacara\u00fa. Reconhecido por sua atua\u00e7\u00e3o na causa animal, foi um dos fundadores da ONG Zona dos Pets, dedicada ao cuidado e ado\u00e7\u00e3o de animais abandonados.<\/p>\n\n\n\n<p><strong><em>PB Agora<\/em><\/strong><\/p>\n\n\n\n<p><\/p>\n","protected":false},"excerpt":{"rendered":"<p><img loading=\"lazy\" decoding=\"async\" width=\"446\" height=\"364\" src=\"https:\/\/www.pbagora.com.br\/storage\/2025\/11\/Captura-de-tela-2025-11-19-072904.png\" class=\"attachment-large size-large wp-post-image\" alt=\"\" srcset=\"https:\/\/www.pbagora.com.br\/storage\/2025\/11\/Captura-de-tela-2025-11-19-072904.png 446w, https:\/\/www.pbagora.com.br\/storage\/2025\/11\/Captura-de-tela-2025-11-19-072904-300x245.png 300w, https:\/\/www.pbagora.com.br\/storage\/2025\/11\/Captura-de-tela-2025-11-19-072904-150x122.png 150w, https:\/\/www.pbagora.com.br\/storage\/2025\/11\/Captura-de-tela-2025-11-19-072904-380x310.png 380w, https:\/\/www.pbagora.com.br\/storage\/2025\/11\/Captura-de-tela-2025-11-19-072904-80x65.png 80w\" sizes=\"auto, (max-width: 446px) 100vw, 446px\"><\/p>\n<p>O Minist\u00e9rio P\u00fablico da Para\u00edba (MPPB) confirmou nesta ter\u00e7a-feira (16) que o ex-secret\u00e1rio de Transportes e Mobilidade de\u2026<\/p>\n","protected":false},"author":123457,"featured_media":0,"comment_status":"closed","ping_status":"closed","sticky":false,"template":"","format":"standard","meta":{"advgb_blocks_editor_width":"","advgb_blocks_columns_visual_guide":"","footnotes":""},"categories":[34],"tags":[10852,35,10839,52],"class_list":["post-63624","post","type-post","status-publish","format-standard","hentry","category-g1","tag-destaque-final-01","tag-g1","tag-policial","tag-politica"],"author_meta":{"display_name":"Reda\u00e7\u00e3o","author_link":"https:\/\/sindaopcpb.org.br\/author\/redacao\/"},"featured_img":null,"coauthors":[],"tax_additional":{"categories":{"linked":["<a href=\"https:\/\/sindaopcpb.org.br\/g1\/\" class=\"advgb-post-tax-term\">G1<\/a>"],"unlinked":["<span class=\"advgb-post-tax-term\">G1<\/span>"]},"tags":{"linked":["<a href=\"https:\/\/sindaopcpb.org.br\/g1\/\" class=\"advgb-post-tax-term\">Destaque Final 01<\/a>","<a href=\"https:\/\/sindaopcpb.org.br\/g1\/\" class=\"advgb-post-tax-term\">g1<\/a>","<a href=\"https:\/\/sindaopcpb.org.br\/g1\/\" class=\"advgb-post-tax-term\">Policial<\/a>","<a href=\"https:\/\/sindaopcpb.org.br\/g1\/\" class=\"advgb-post-tax-term\">politica<\/a>"],"unlinked":["<span class=\"advgb-post-tax-term\">Destaque Final 01<\/span>","<span class=\"advgb-post-tax-term\">g1<\/span>","<span class=\"advgb-post-tax-term\">Policial<\/span>","<span class=\"advgb-post-tax-term\">politica<\/span>"]}},"comment_count":"0","relative_dates":{"created":"Publicado 5 meses atr\u00e1s","modified":"Atualizado 5 meses atr\u00e1s"},"absolute_dates":{"created":"Publicado em 16 de dezembro de 2025","modified":"Atualizado em 16 de dezembro de 2025"},"absolute_dates_time":{"created":"Publicado em 16 de dezembro de 2025 11:16","modified":"Atualizado em 16 de dezembro de 2025 13:23"},"featured_img_caption":"","series_order":"","_links":{"self":[{"href":"https:\/\/sindaopcpb.org.br\/index.php\/wp-json\/wp\/v2\/posts\/63624","targetHints":{"allow":["GET"]}}],"collection":[{"href":"https:\/\/sindaopcpb.org.br\/index.php\/wp-json\/wp\/v2\/posts"}],"about":[{"href":"https:\/\/sindaopcpb.org.br\/index.php\/wp-json\/wp\/v2\/types\/post"}],"author":[{"embeddable":true,"href":"https:\/\/sindaopcpb.org.br\/index.php\/wp-json\/wp\/v2\/users\/123457"}],"replies":[{"embeddable":true,"href":"https:\/\/sindaopcpb.org.br\/index.php\/wp-json\/wp\/v2\/comments?post=63624"}],"version-history":[{"count":3,"href":"https:\/\/sindaopcpb.org.br\/index.php\/wp-json\/wp\/v2\/posts\/63624\/revisions"}],"predecessor-version":[{"id":63632,"href":"https:\/\/sindaopcpb.org.br\/index.php\/wp-json\/wp\/v2\/posts\/63624\/revisions\/63632"}],"wp:attachment":[{"href":"https:\/\/sindaopcpb.org.br\/index.php\/wp-json\/wp\/v2\/media?parent=63624"}],"wp:term":[{"taxonomy":"category","embeddable":true,"href":"https:\/\/sindaopcpb.org.br\/index.php\/wp-json\/wp\/v2\/categories?post=63624"},{"taxonomy":"post_tag","embeddable":true,"href":"https:\/\/sindaopcpb.org.br\/index.php\/wp-json\/wp\/v2\/tags?post=63624"}],"curies":[{"name":"wp","href":"https:\/\/api.w.org\/{rel}","templated":true}]}}