{"id":63382,"date":"2025-12-07T15:22:54","date_gmt":"2025-12-07T18:22:54","guid":{"rendered":"https:\/\/www.pbagora.com.br\/?p=929438"},"modified":"2025-12-07T19:54:54","modified_gmt":"2025-12-07T22:54:54","slug":"tiroteio-provoca-correria-e-deixa-comerciante-ferido-na-orla-de-cabedelo","status":"publish","type":"post","link":"https:\/\/sindaopcpb.org.br\/index.php\/2025\/12\/07\/tiroteio-provoca-correria-e-deixa-comerciante-ferido-na-orla-de-cabedelo\/","title":{"rendered":"Tiroteio provoca correria e deixa comerciante ferido na orla de Cabedelo"},"content":{"rendered":"<p><img width=\"964\" height=\"837\" src=\"https:\/\/www.pbagora.com.br\/storage\/2025\/12\/Captura-de-tela-2025-12-07-150317.png\" class=\"attachment-large size-large wp-post-image\" alt=\"\" style=\"margin-bottom: 20px;\" decoding=\"async\" srcset=\"https:\/\/www.pbagora.com.br\/storage\/2025\/12\/Captura-de-tela-2025-12-07-150317.png 964w, https:\/\/www.pbagora.com.br\/storage\/2025\/12\/Captura-de-tela-2025-12-07-150317-300x260.png 300w, https:\/\/www.pbagora.com.br\/storage\/2025\/12\/Captura-de-tela-2025-12-07-150317-150x130.png 150w, https:\/\/www.pbagora.com.br\/storage\/2025\/12\/Captura-de-tela-2025-12-07-150317-768x667.png 768w, https:\/\/www.pbagora.com.br\/storage\/2025\/12\/Captura-de-tela-2025-12-07-150317-380x330.png 380w, https:\/\/www.pbagora.com.br\/storage\/2025\/12\/Captura-de-tela-2025-12-07-150317-800x695.png 800w, https:\/\/www.pbagora.com.br\/storage\/2025\/12\/Captura-de-tela-2025-12-07-150317-80x69.png 80w, https:\/\/www.pbagora.com.br\/storage\/2025\/12\/Captura-de-tela-2025-12-07-150317-760x660.png 760w, https:\/\/www.pbagora.com.br\/storage\/2025\/12\/Captura-de-tela-2025-12-07-150317-600x521.png 600w\" sizes=\"(max-width: 964px) 100vw, 964px\" \/><\/p>\n<p>Um tiroteio deixou um comerciante ferido e provocou correria no inicio da tarde deste domingo (7), na praia de Ponta de Campina, em Cabedelo, Regi\u00e3o Metropolitana de Jo\u00e3o Pessoa. Segundo testemunhas, a v\u00edtima estava trabalhando com a venda de espetinhos quando foi surpreendida por homens armados, que se aproximaram e come\u00e7aram a atirar.<\/p>\n\n\n\n<p>Ap\u00f3s os disparos, os criminosos fugiram e at\u00e9 o momento n\u00e3o foram identificados. Profissionais de sa\u00fade que estavam no local ajudaram no socorro da v\u00edtima at\u00e9 a chegada do Samu. <\/p>\n\n\n\n<p>O helic\u00f3ptero Acau\u00e3, da Secretaria de Seguran\u00e7a da Para\u00edba, foi acionado e levou o homem para o Hospital de Emerg\u00eancia e Trauma de Jo\u00e3o Pessoa. A identidade e o quadro de sa\u00fade da v\u00edtima ainda n\u00e3o foram divulgados. <\/p>\n\n\n\n<p><strong><em>PB Agora <\/em><\/strong><\/p>\n","protected":false},"excerpt":{"rendered":"<p><img loading=\"lazy\" decoding=\"async\" width=\"964\" height=\"837\" src=\"https:\/\/www.pbagora.com.br\/storage\/2025\/12\/Captura-de-tela-2025-12-07-150317.png\" class=\"attachment-large size-large wp-post-image\" alt=\"\" srcset=\"https:\/\/www.pbagora.com.br\/storage\/2025\/12\/Captura-de-tela-2025-12-07-150317.png 964w, https:\/\/www.pbagora.com.br\/storage\/2025\/12\/Captura-de-tela-2025-12-07-150317-300x260.png 300w, https:\/\/www.pbagora.com.br\/storage\/2025\/12\/Captura-de-tela-2025-12-07-150317-150x130.png 150w, https:\/\/www.pbagora.com.br\/storage\/2025\/12\/Captura-de-tela-2025-12-07-150317-768x667.png 768w, https:\/\/www.pbagora.com.br\/storage\/2025\/12\/Captura-de-tela-2025-12-07-150317-380x330.png 380w, https:\/\/www.pbagora.com.br\/storage\/2025\/12\/Captura-de-tela-2025-12-07-150317-800x695.png 800w, https:\/\/www.pbagora.com.br\/storage\/2025\/12\/Captura-de-tela-2025-12-07-150317-80x69.png 80w, https:\/\/www.pbagora.com.br\/storage\/2025\/12\/Captura-de-tela-2025-12-07-150317-760x660.png 760w, https:\/\/www.pbagora.com.br\/storage\/2025\/12\/Captura-de-tela-2025-12-07-150317-600x521.png 600w\" sizes=\"auto, (max-width: 964px) 100vw, 964px\"><\/p>\n<p>Um tiroteio deixou um comerciante ferido e provocou correria no inicio da tarde deste domingo (7), na praia\u2026<\/p>\n","protected":false},"author":123457,"featured_media":0,"comment_status":"closed","ping_status":"closed","sticky":false,"template":"","format":"standard","meta":{"advgb_blocks_editor_width":"","advgb_blocks_columns_visual_guide":"","footnotes":""},"categories":[34],"tags":[10841,35,10839],"class_list":["post-63382","post","type-post","status-publish","format-standard","hentry","category-g1","tag-destaque-centro-02","tag-g1","tag-policial"],"author_meta":{"display_name":"Reda\u00e7\u00e3o","author_link":"https:\/\/sindaopcpb.org.br\/author\/redacao\/"},"featured_img":null,"coauthors":[],"tax_additional":{"categories":{"linked":["<a href=\"https:\/\/sindaopcpb.org.br\/g1\/\" class=\"advgb-post-tax-term\">G1<\/a>"],"unlinked":["<span class=\"advgb-post-tax-term\">G1<\/span>"]},"tags":{"linked":["<a href=\"https:\/\/sindaopcpb.org.br\/g1\/\" class=\"advgb-post-tax-term\">Destaque Centro 02<\/a>","<a href=\"https:\/\/sindaopcpb.org.br\/g1\/\" class=\"advgb-post-tax-term\">g1<\/a>","<a href=\"https:\/\/sindaopcpb.org.br\/g1\/\" class=\"advgb-post-tax-term\">Policial<\/a>"],"unlinked":["<span class=\"advgb-post-tax-term\">Destaque Centro 02<\/span>","<span class=\"advgb-post-tax-term\">g1<\/span>","<span class=\"advgb-post-tax-term\">Policial<\/span>"]}},"comment_count":"0","relative_dates":{"created":"Publicado 5 meses atr\u00e1s","modified":"Atualizado 5 meses atr\u00e1s"},"absolute_dates":{"created":"Publicado em 7 de dezembro de 2025","modified":"Atualizado em 7 de dezembro de 2025"},"absolute_dates_time":{"created":"Publicado em 7 de dezembro de 2025 15:22","modified":"Atualizado em 7 de dezembro de 2025 19:54"},"featured_img_caption":"","series_order":"","_links":{"self":[{"href":"https:\/\/sindaopcpb.org.br\/index.php\/wp-json\/wp\/v2\/posts\/63382","targetHints":{"allow":["GET"]}}],"collection":[{"href":"https:\/\/sindaopcpb.org.br\/index.php\/wp-json\/wp\/v2\/posts"}],"about":[{"href":"https:\/\/sindaopcpb.org.br\/index.php\/wp-json\/wp\/v2\/types\/post"}],"author":[{"embeddable":true,"href":"https:\/\/sindaopcpb.org.br\/index.php\/wp-json\/wp\/v2\/users\/123457"}],"replies":[{"embeddable":true,"href":"https:\/\/sindaopcpb.org.br\/index.php\/wp-json\/wp\/v2\/comments?post=63382"}],"version-history":[{"count":3,"href":"https:\/\/sindaopcpb.org.br\/index.php\/wp-json\/wp\/v2\/posts\/63382\/revisions"}],"predecessor-version":[{"id":63399,"href":"https:\/\/sindaopcpb.org.br\/index.php\/wp-json\/wp\/v2\/posts\/63382\/revisions\/63399"}],"wp:attachment":[{"href":"https:\/\/sindaopcpb.org.br\/index.php\/wp-json\/wp\/v2\/media?parent=63382"}],"wp:term":[{"taxonomy":"category","embeddable":true,"href":"https:\/\/sindaopcpb.org.br\/index.php\/wp-json\/wp\/v2\/categories?post=63382"},{"taxonomy":"post_tag","embeddable":true,"href":"https:\/\/sindaopcpb.org.br\/index.php\/wp-json\/wp\/v2\/tags?post=63382"}],"curies":[{"name":"wp","href":"https:\/\/api.w.org\/{rel}","templated":true}]}}