{"id":63378,"date":"2025-12-07T14:15:31","date_gmt":"2025-12-07T17:15:31","guid":{"rendered":"https:\/\/www.pbagora.com.br\/?p=929432"},"modified":"2025-12-07T18:27:31","modified_gmt":"2025-12-07T21:27:31","slug":"homem-e-preso-em-flagrante-com-arma-drogas-e-moto-roubada-em-joao-pessoa","status":"publish","type":"post","link":"https:\/\/sindaopcpb.org.br\/index.php\/2025\/12\/07\/homem-e-preso-em-flagrante-com-arma-drogas-e-moto-roubada-em-joao-pessoa\/","title":{"rendered":"Homem \u00e9 preso em flagrante com arma, drogas e moto roubada em Jo\u00e3o Pessoa"},"content":{"rendered":"<p><img width=\"800\" height=\"445\" src=\"https:\/\/www.pbagora.com.br\/storage\/2025\/12\/Prisao-Joao-Pessoa.jpeg\" class=\"attachment-large size-large wp-post-image\" alt=\"\" style=\"margin-bottom: 20px;\" decoding=\"async\" loading=\"lazy\" srcset=\"https:\/\/www.pbagora.com.br\/storage\/2025\/12\/Prisao-Joao-Pessoa.jpeg 800w, https:\/\/www.pbagora.com.br\/storage\/2025\/12\/Prisao-Joao-Pessoa-300x167.jpeg 300w, https:\/\/www.pbagora.com.br\/storage\/2025\/12\/Prisao-Joao-Pessoa-150x83.jpeg 150w, https:\/\/www.pbagora.com.br\/storage\/2025\/12\/Prisao-Joao-Pessoa-768x427.jpeg 768w, https:\/\/www.pbagora.com.br\/storage\/2025\/12\/Prisao-Joao-Pessoa-380x211.jpeg 380w, https:\/\/www.pbagora.com.br\/storage\/2025\/12\/Prisao-Joao-Pessoa-80x46.jpeg 80w, https:\/\/www.pbagora.com.br\/storage\/2025\/12\/Prisao-Joao-Pessoa-760x423.jpeg 760w, https:\/\/www.pbagora.com.br\/storage\/2025\/12\/Prisao-Joao-Pessoa-600x334.jpeg 600w\" sizes=\"auto, (max-width: 800px) 100vw, 800px\" \/><\/p>\n<p>Na manh\u00e3 deste domingo (07), policiais do 5\u00ba BPM prenderam um suspeito em flagrante por porte ilegal de arma e tr\u00e1fico de drogas em Jo\u00e3o Pessoa. Com o suspeito foi recuperada uma motocicleta roubada dias antes.<\/p>\n\n\n\n<p>As equipes policiais estavam realizando o policiamento no bairro de Valentina, quando visualizaram uma motocicleta com restri\u00e7\u00e3o de roubo, estacionada na vaga de um apartamento localizado dentro de um condom\u00ednio. <\/p>\n\n\n\n<p>Os agentes de seguran\u00e7a foram at\u00e9 o apartamento, onde a porta encontrava-se aberta, sendo poss\u00edvel visualizar um indiv\u00edduo no interior do im\u00f3vel de com uma arma de fogo e drogas. No apartamento foram apreendidos uma pistola, calibre 380, com carregadores e muni\u00e7\u00f5es, maconha e R$ 36.641,20 reais, em esp\u00e9cie.<\/p>\n\n\n\n<p>Diante dos fatos, o indiv\u00edduo foi preso e conduzido at\u00e9 a Cidade de Pol\u00edcia Civil, juntamente com todo o material apreendido e a motocicleta roubada, para os procedimentos cab\u00edveis.\u00a0<\/p>\n\n\n\n<p><strong><em>Ascom PMPB<\/em><\/strong><\/p>\n","protected":false},"excerpt":{"rendered":"<p><img loading=\"lazy\" decoding=\"async\" width=\"800\" height=\"445\" src=\"https:\/\/www.pbagora.com.br\/storage\/2025\/12\/Prisao-Joao-Pessoa.jpeg\" class=\"attachment-large size-large wp-post-image\" alt=\"\" srcset=\"https:\/\/www.pbagora.com.br\/storage\/2025\/12\/Prisao-Joao-Pessoa.jpeg 800w, https:\/\/www.pbagora.com.br\/storage\/2025\/12\/Prisao-Joao-Pessoa-300x167.jpeg 300w, https:\/\/www.pbagora.com.br\/storage\/2025\/12\/Prisao-Joao-Pessoa-150x83.jpeg 150w, https:\/\/www.pbagora.com.br\/storage\/2025\/12\/Prisao-Joao-Pessoa-768x427.jpeg 768w, https:\/\/www.pbagora.com.br\/storage\/2025\/12\/Prisao-Joao-Pessoa-380x211.jpeg 380w, https:\/\/www.pbagora.com.br\/storage\/2025\/12\/Prisao-Joao-Pessoa-80x46.jpeg 80w, https:\/\/www.pbagora.com.br\/storage\/2025\/12\/Prisao-Joao-Pessoa-760x423.jpeg 760w, https:\/\/www.pbagora.com.br\/storage\/2025\/12\/Prisao-Joao-Pessoa-600x334.jpeg 600w\" sizes=\"auto, (max-width: 800px) 100vw, 800px\"><\/p>\n<p>Na manh\u00e3 deste domingo (07), policiais do 5\u00ba BPM prenderam um suspeito em flagrante por porte ilegal de\u2026<\/p>\n","protected":false},"author":123457,"featured_media":0,"comment_status":"closed","ping_status":"closed","sticky":false,"template":"","format":"standard","meta":{"advgb_blocks_editor_width":"","advgb_blocks_columns_visual_guide":"","footnotes":""},"categories":[34],"tags":[10841,35,10839],"class_list":["post-63378","post","type-post","status-publish","format-standard","hentry","category-g1","tag-destaque-centro-02","tag-g1","tag-policial"],"author_meta":{"display_name":"Reda\u00e7\u00e3o","author_link":"https:\/\/sindaopcpb.org.br\/author\/redacao\/"},"featured_img":null,"coauthors":[],"tax_additional":{"categories":{"linked":["<a href=\"https:\/\/sindaopcpb.org.br\/g1\/\" class=\"advgb-post-tax-term\">G1<\/a>"],"unlinked":["<span class=\"advgb-post-tax-term\">G1<\/span>"]},"tags":{"linked":["<a href=\"https:\/\/sindaopcpb.org.br\/g1\/\" class=\"advgb-post-tax-term\">Destaque Centro 02<\/a>","<a href=\"https:\/\/sindaopcpb.org.br\/g1\/\" class=\"advgb-post-tax-term\">g1<\/a>","<a href=\"https:\/\/sindaopcpb.org.br\/g1\/\" class=\"advgb-post-tax-term\">Policial<\/a>"],"unlinked":["<span class=\"advgb-post-tax-term\">Destaque Centro 02<\/span>","<span class=\"advgb-post-tax-term\">g1<\/span>","<span class=\"advgb-post-tax-term\">Policial<\/span>"]}},"comment_count":"0","relative_dates":{"created":"Publicado 5 meses atr\u00e1s","modified":"Atualizado 5 meses atr\u00e1s"},"absolute_dates":{"created":"Publicado em 7 de dezembro de 2025","modified":"Atualizado em 7 de dezembro de 2025"},"absolute_dates_time":{"created":"Publicado em 7 de dezembro de 2025 14:15","modified":"Atualizado em 7 de dezembro de 2025 18:27"},"featured_img_caption":"","series_order":"","_links":{"self":[{"href":"https:\/\/sindaopcpb.org.br\/index.php\/wp-json\/wp\/v2\/posts\/63378","targetHints":{"allow":["GET"]}}],"collection":[{"href":"https:\/\/sindaopcpb.org.br\/index.php\/wp-json\/wp\/v2\/posts"}],"about":[{"href":"https:\/\/sindaopcpb.org.br\/index.php\/wp-json\/wp\/v2\/types\/post"}],"author":[{"embeddable":true,"href":"https:\/\/sindaopcpb.org.br\/index.php\/wp-json\/wp\/v2\/users\/123457"}],"replies":[{"embeddable":true,"href":"https:\/\/sindaopcpb.org.br\/index.php\/wp-json\/wp\/v2\/comments?post=63378"}],"version-history":[{"count":3,"href":"https:\/\/sindaopcpb.org.br\/index.php\/wp-json\/wp\/v2\/posts\/63378\/revisions"}],"predecessor-version":[{"id":63387,"href":"https:\/\/sindaopcpb.org.br\/index.php\/wp-json\/wp\/v2\/posts\/63378\/revisions\/63387"}],"wp:attachment":[{"href":"https:\/\/sindaopcpb.org.br\/index.php\/wp-json\/wp\/v2\/media?parent=63378"}],"wp:term":[{"taxonomy":"category","embeddable":true,"href":"https:\/\/sindaopcpb.org.br\/index.php\/wp-json\/wp\/v2\/categories?post=63378"},{"taxonomy":"post_tag","embeddable":true,"href":"https:\/\/sindaopcpb.org.br\/index.php\/wp-json\/wp\/v2\/tags?post=63378"}],"curies":[{"name":"wp","href":"https:\/\/api.w.org\/{rel}","templated":true}]}}