{"id":63376,"date":"2025-12-07T14:17:09","date_gmt":"2025-12-07T17:17:09","guid":{"rendered":"https:\/\/www.pbagora.com.br\/?p=929405"},"modified":"2025-12-07T14:17:09","modified_gmt":"2025-12-07T17:17:09","slug":"homem-acusado-de-trafico-de-drogas-e-preso-em-flagrante-na-cidade-de-esperanca","status":"publish","type":"post","link":"https:\/\/sindaopcpb.org.br\/index.php\/2025\/12\/07\/homem-acusado-de-trafico-de-drogas-e-preso-em-flagrante-na-cidade-de-esperanca\/","title":{"rendered":"Homem acusado de tr\u00e1fico de drogas \u00e9 preso em flagrante na cidade de Esperan\u00e7a"},"content":{"rendered":"<p><img width=\"1024\" height=\"570\" src=\"https:\/\/www.pbagora.com.br\/storage\/2025\/12\/imagem-1024x570.png\" class=\"attachment-large size-large wp-post-image\" alt=\"\" style=\"margin-bottom: 20px;\" decoding=\"async\" loading=\"lazy\" srcset=\"https:\/\/www.pbagora.com.br\/storage\/2025\/12\/imagem-1024x570.png 1024w, https:\/\/www.pbagora.com.br\/storage\/2025\/12\/imagem-300x167.png 300w, https:\/\/www.pbagora.com.br\/storage\/2025\/12\/imagem-150x83.png 150w, https:\/\/www.pbagora.com.br\/storage\/2025\/12\/imagem-768x427.png 768w, https:\/\/www.pbagora.com.br\/storage\/2025\/12\/imagem-380x211.png 380w, https:\/\/www.pbagora.com.br\/storage\/2025\/12\/imagem-800x445.png 800w, https:\/\/www.pbagora.com.br\/storage\/2025\/12\/imagem-1160x646.png 1160w, https:\/\/www.pbagora.com.br\/storage\/2025\/12\/imagem-80x46.png 80w, https:\/\/www.pbagora.com.br\/storage\/2025\/12\/imagem-760x423.png 760w, https:\/\/www.pbagora.com.br\/storage\/2025\/12\/imagem-600x334.png 600w, https:\/\/www.pbagora.com.br\/storage\/2025\/12\/imagem.png 1371w\" sizes=\"auto, (max-width: 1024px) 100vw, 1024px\" \/><\/p>\n<p>Na noite desse s\u00e1bado (06), policiais militares do 2\u00ba Esquadr\u00e3o do ROTAM prenderam um homem por tr\u00e1fico de drogas na cidade de Esperan\u00e7a-PB. Com o suspeito forram apreendidas diversas drogas, todas prontas para o com\u00e9rcio il\u00edcito.<\/p>\n\n\n\n<p>A a\u00e7\u00e3o ocorreu durante o policiamento na Comunidade S\u00e3o Francisco, os policiais visualizaram indiv\u00edduos em atitude suspeita na frente de uma resid\u00eancia. Ao perceberem a presen\u00e7a policial, os suspeitos tentaram fugir, mas a equipe agiu rapidamente, realizando a abordagem no local.<\/p>\n\n\n\n<p>Com os suspeitos, os militares localizaram inv\u00f3lucros de maconha e coca\u00edna, al\u00e9m de uma balan\u00e7a de precis\u00e3o, um simulacro de pistola, faca, dinheiro e diversos materiais utilizados para embalagem de drogas, caracterizando o tr\u00e1fico de drogas no local.<\/p>\n\n\n\n<p>Um homem foi preso e todo o material apreendido foi conduzido \u00e0 Central de Pol\u00edcia, onde foram adotadas as provid\u00eancias legais cab\u00edveis.<\/p>\n\n\n\n<p><strong><em>Ascom-PMPB<\/em><\/strong><\/p>\n","protected":false},"excerpt":{"rendered":"<p><img loading=\"lazy\" decoding=\"async\" width=\"1024\" height=\"570\" src=\"https:\/\/www.pbagora.com.br\/storage\/2025\/12\/imagem-1024x570.png\" class=\"attachment-large size-large wp-post-image\" alt=\"\" srcset=\"https:\/\/www.pbagora.com.br\/storage\/2025\/12\/imagem-1024x570.png 1024w, https:\/\/www.pbagora.com.br\/storage\/2025\/12\/imagem-300x167.png 300w, https:\/\/www.pbagora.com.br\/storage\/2025\/12\/imagem-150x83.png 150w, https:\/\/www.pbagora.com.br\/storage\/2025\/12\/imagem-768x427.png 768w, https:\/\/www.pbagora.com.br\/storage\/2025\/12\/imagem-380x211.png 380w, https:\/\/www.pbagora.com.br\/storage\/2025\/12\/imagem-800x445.png 800w, https:\/\/www.pbagora.com.br\/storage\/2025\/12\/imagem-1160x646.png 1160w, https:\/\/www.pbagora.com.br\/storage\/2025\/12\/imagem-80x46.png 80w, https:\/\/www.pbagora.com.br\/storage\/2025\/12\/imagem-760x423.png 760w, https:\/\/www.pbagora.com.br\/storage\/2025\/12\/imagem-600x334.png 600w, https:\/\/www.pbagora.com.br\/storage\/2025\/12\/imagem.png 1371w\" sizes=\"auto, (max-width: 1024px) 100vw, 1024px\"><\/p>\n<p>Na noite desse s\u00e1bado (06), policiais militares do 2\u00ba Esquadr\u00e3o do ROTAM prenderam um homem por tr\u00e1fico de\u2026<\/p>\n","protected":false},"author":123457,"featured_media":0,"comment_status":"closed","ping_status":"closed","sticky":false,"template":"","format":"standard","meta":{"advgb_blocks_editor_width":"","advgb_blocks_columns_visual_guide":"","footnotes":""},"categories":[34],"tags":[10840,35,10839],"class_list":["post-63376","post","type-post","status-publish","format-standard","hentry","category-g1","tag-destaque-centro-03","tag-g1","tag-policial"],"author_meta":{"display_name":"Reda\u00e7\u00e3o","author_link":"https:\/\/sindaopcpb.org.br\/author\/redacao\/"},"featured_img":null,"coauthors":[],"tax_additional":{"categories":{"linked":["<a href=\"https:\/\/sindaopcpb.org.br\/g1\/\" class=\"advgb-post-tax-term\">G1<\/a>"],"unlinked":["<span class=\"advgb-post-tax-term\">G1<\/span>"]},"tags":{"linked":["<a href=\"https:\/\/sindaopcpb.org.br\/g1\/\" class=\"advgb-post-tax-term\">Destaque Centro 03<\/a>","<a href=\"https:\/\/sindaopcpb.org.br\/g1\/\" class=\"advgb-post-tax-term\">g1<\/a>","<a href=\"https:\/\/sindaopcpb.org.br\/g1\/\" class=\"advgb-post-tax-term\">Policial<\/a>"],"unlinked":["<span class=\"advgb-post-tax-term\">Destaque Centro 03<\/span>","<span class=\"advgb-post-tax-term\">g1<\/span>","<span class=\"advgb-post-tax-term\">Policial<\/span>"]}},"comment_count":"0","relative_dates":{"created":"Publicado 5 meses atr\u00e1s","modified":"Atualizado 5 meses atr\u00e1s"},"absolute_dates":{"created":"Publicado em 7 de dezembro de 2025","modified":"Atualizado em 7 de dezembro de 2025"},"absolute_dates_time":{"created":"Publicado em 7 de dezembro de 2025 14:17","modified":"Atualizado em 7 de dezembro de 2025 14:17"},"featured_img_caption":"","series_order":"","_links":{"self":[{"href":"https:\/\/sindaopcpb.org.br\/index.php\/wp-json\/wp\/v2\/posts\/63376","targetHints":{"allow":["GET"]}}],"collection":[{"href":"https:\/\/sindaopcpb.org.br\/index.php\/wp-json\/wp\/v2\/posts"}],"about":[{"href":"https:\/\/sindaopcpb.org.br\/index.php\/wp-json\/wp\/v2\/types\/post"}],"author":[{"embeddable":true,"href":"https:\/\/sindaopcpb.org.br\/index.php\/wp-json\/wp\/v2\/users\/123457"}],"replies":[{"embeddable":true,"href":"https:\/\/sindaopcpb.org.br\/index.php\/wp-json\/wp\/v2\/comments?post=63376"}],"version-history":[{"count":2,"href":"https:\/\/sindaopcpb.org.br\/index.php\/wp-json\/wp\/v2\/posts\/63376\/revisions"}],"predecessor-version":[{"id":63385,"href":"https:\/\/sindaopcpb.org.br\/index.php\/wp-json\/wp\/v2\/posts\/63376\/revisions\/63385"}],"wp:attachment":[{"href":"https:\/\/sindaopcpb.org.br\/index.php\/wp-json\/wp\/v2\/media?parent=63376"}],"wp:term":[{"taxonomy":"category","embeddable":true,"href":"https:\/\/sindaopcpb.org.br\/index.php\/wp-json\/wp\/v2\/categories?post=63376"},{"taxonomy":"post_tag","embeddable":true,"href":"https:\/\/sindaopcpb.org.br\/index.php\/wp-json\/wp\/v2\/tags?post=63376"}],"curies":[{"name":"wp","href":"https:\/\/api.w.org\/{rel}","templated":true}]}}