{"id":63372,"date":"2025-12-07T08:44:40","date_gmt":"2025-12-07T11:44:40","guid":{"rendered":"https:\/\/www.pbagora.com.br\/?p=929424"},"modified":"2025-12-07T14:40:40","modified_gmt":"2025-12-07T17:40:40","slug":"cinco-homens-acusados-de-roubar-carro-sao-presos-com-armas-e-municao-no-litoral-norte-paraibano","status":"publish","type":"post","link":"https:\/\/sindaopcpb.org.br\/index.php\/2025\/12\/07\/cinco-homens-acusados-de-roubar-carro-sao-presos-com-armas-e-municao-no-litoral-norte-paraibano\/","title":{"rendered":"Cinco homens acusados de roubar carro s\u00e3o presos com armas e muni\u00e7\u00e3o no Litoral Norte paraibano"},"content":{"rendered":"<p><img width=\"1000\" height=\"556\" src=\"https:\/\/www.pbagora.com.br\/storage\/2025\/12\/Prisao-Marcacao.png\" class=\"attachment-large size-large wp-post-image\" alt=\"\" style=\"margin-bottom: 20px;\" decoding=\"async\" srcset=\"https:\/\/www.pbagora.com.br\/storage\/2025\/12\/Prisao-Marcacao.png 1000w, https:\/\/www.pbagora.com.br\/storage\/2025\/12\/Prisao-Marcacao-300x167.png 300w, https:\/\/www.pbagora.com.br\/storage\/2025\/12\/Prisao-Marcacao-150x83.png 150w, https:\/\/www.pbagora.com.br\/storage\/2025\/12\/Prisao-Marcacao-768x427.png 768w, https:\/\/www.pbagora.com.br\/storage\/2025\/12\/Prisao-Marcacao-380x211.png 380w, https:\/\/www.pbagora.com.br\/storage\/2025\/12\/Prisao-Marcacao-800x445.png 800w, https:\/\/www.pbagora.com.br\/storage\/2025\/12\/Prisao-Marcacao-80x44.png 80w, https:\/\/www.pbagora.com.br\/storage\/2025\/12\/Prisao-Marcacao-760x423.png 760w, https:\/\/www.pbagora.com.br\/storage\/2025\/12\/Prisao-Marcacao-600x334.png 600w\" sizes=\"(max-width: 1000px) 100vw, 1000px\" \/><\/p>\n<p>Na noite desse s\u00e1bado (06), policiais militares do 17\u00b0 BPM realizaram uma a\u00e7\u00e3o que resultou na recupera\u00e7\u00e3o de um carro roubado e na pris\u00e3o de cinco homens armados em Marca\u00e7\u00e3o. O grupo criminoso tinha por objetivo o cometimento de homic\u00eddios na regi\u00e3o.<\/p>\n\n\n\n<p>A a\u00e7\u00e3o deu in\u00edcio ap\u00f3s o acionamento das equipes policiais pelo Centro Integrado de Opera\u00e7\u00f5es (CIOP), para interceptar um ve\u00edculo suspeito com poss\u00edvel restri\u00e7\u00e3o de roubo circulando entre as cidades de Rio Tinto e Marca\u00e7\u00e3o. <\/p>\n\n\n\n<p>As equipes realizaram um cerco policial e interceptaram o ve\u00edculo roubado. Na abordagem, foram localizadas diversas armas e equipamentos em poder dos cinco suspeitos, sendo apreendidos: 03 pistolas, calibre 9mm, 02 pistolas, calibre .380, 10 carregadores, sendo 02 alongados, 01 carregador do tipo caracol, 03 capas de colete, 02 balaclavas, 139 muni\u00e7\u00f5es, calibre 9mm e 134 muni\u00e7\u00f5es, calibre .380.<\/p>\n\n\n\n<p>Todos os suspeitos foram presos e, juntamente com o material apreendido, conduzidos \u00e0 Delegacia de Pol\u00edcia Civil de Mamanguape para os procedimentos legais cab\u00edveis.<\/p>\n\n\n\n<p><strong><em>Ascom PMPB<\/em><\/strong><\/p>\n","protected":false},"excerpt":{"rendered":"<p><img loading=\"lazy\" decoding=\"async\" width=\"1000\" height=\"556\" src=\"https:\/\/www.pbagora.com.br\/storage\/2025\/12\/Prisao-Marcacao.png\" class=\"attachment-large size-large wp-post-image\" alt=\"\" srcset=\"https:\/\/www.pbagora.com.br\/storage\/2025\/12\/Prisao-Marcacao.png 1000w, https:\/\/www.pbagora.com.br\/storage\/2025\/12\/Prisao-Marcacao-300x167.png 300w, https:\/\/www.pbagora.com.br\/storage\/2025\/12\/Prisao-Marcacao-150x83.png 150w, https:\/\/www.pbagora.com.br\/storage\/2025\/12\/Prisao-Marcacao-768x427.png 768w, https:\/\/www.pbagora.com.br\/storage\/2025\/12\/Prisao-Marcacao-380x211.png 380w, https:\/\/www.pbagora.com.br\/storage\/2025\/12\/Prisao-Marcacao-800x445.png 800w, https:\/\/www.pbagora.com.br\/storage\/2025\/12\/Prisao-Marcacao-80x44.png 80w, https:\/\/www.pbagora.com.br\/storage\/2025\/12\/Prisao-Marcacao-760x423.png 760w, https:\/\/www.pbagora.com.br\/storage\/2025\/12\/Prisao-Marcacao-600x334.png 600w\" sizes=\"auto, (max-width: 1000px) 100vw, 1000px\"><\/p>\n<p>Na noite desse s\u00e1bado (06), policiais militares do 17\u00b0 BPM realizaram uma a\u00e7\u00e3o que resultou na recupera\u00e7\u00e3o de\u2026<\/p>\n","protected":false},"author":123457,"featured_media":0,"comment_status":"closed","ping_status":"closed","sticky":false,"template":"","format":"standard","meta":{"advgb_blocks_editor_width":"","advgb_blocks_columns_visual_guide":"","footnotes":""},"categories":[34],"tags":[10841,35,10839],"class_list":["post-63372","post","type-post","status-publish","format-standard","hentry","category-g1","tag-destaque-centro-02","tag-g1","tag-policial"],"author_meta":{"display_name":"Reda\u00e7\u00e3o","author_link":"https:\/\/sindaopcpb.org.br\/author\/redacao\/"},"featured_img":null,"coauthors":[],"tax_additional":{"categories":{"linked":["<a href=\"https:\/\/sindaopcpb.org.br\/g1\/\" class=\"advgb-post-tax-term\">G1<\/a>"],"unlinked":["<span class=\"advgb-post-tax-term\">G1<\/span>"]},"tags":{"linked":["<a href=\"https:\/\/sindaopcpb.org.br\/g1\/\" class=\"advgb-post-tax-term\">Destaque Centro 02<\/a>","<a href=\"https:\/\/sindaopcpb.org.br\/g1\/\" class=\"advgb-post-tax-term\">g1<\/a>","<a href=\"https:\/\/sindaopcpb.org.br\/g1\/\" class=\"advgb-post-tax-term\">Policial<\/a>"],"unlinked":["<span class=\"advgb-post-tax-term\">Destaque Centro 02<\/span>","<span class=\"advgb-post-tax-term\">g1<\/span>","<span class=\"advgb-post-tax-term\">Policial<\/span>"]}},"comment_count":"0","relative_dates":{"created":"Publicado 5 meses atr\u00e1s","modified":"Atualizado 5 meses atr\u00e1s"},"absolute_dates":{"created":"Publicado em 7 de dezembro de 2025","modified":"Atualizado em 7 de dezembro de 2025"},"absolute_dates_time":{"created":"Publicado em 7 de dezembro de 2025 08:44","modified":"Atualizado em 7 de dezembro de 2025 14:40"},"featured_img_caption":"","series_order":"","_links":{"self":[{"href":"https:\/\/sindaopcpb.org.br\/index.php\/wp-json\/wp\/v2\/posts\/63372","targetHints":{"allow":["GET"]}}],"collection":[{"href":"https:\/\/sindaopcpb.org.br\/index.php\/wp-json\/wp\/v2\/posts"}],"about":[{"href":"https:\/\/sindaopcpb.org.br\/index.php\/wp-json\/wp\/v2\/types\/post"}],"author":[{"embeddable":true,"href":"https:\/\/sindaopcpb.org.br\/index.php\/wp-json\/wp\/v2\/users\/123457"}],"replies":[{"embeddable":true,"href":"https:\/\/sindaopcpb.org.br\/index.php\/wp-json\/wp\/v2\/comments?post=63372"}],"version-history":[{"count":3,"href":"https:\/\/sindaopcpb.org.br\/index.php\/wp-json\/wp\/v2\/posts\/63372\/revisions"}],"predecessor-version":[{"id":63384,"href":"https:\/\/sindaopcpb.org.br\/index.php\/wp-json\/wp\/v2\/posts\/63372\/revisions\/63384"}],"wp:attachment":[{"href":"https:\/\/sindaopcpb.org.br\/index.php\/wp-json\/wp\/v2\/media?parent=63372"}],"wp:term":[{"taxonomy":"category","embeddable":true,"href":"https:\/\/sindaopcpb.org.br\/index.php\/wp-json\/wp\/v2\/categories?post=63372"},{"taxonomy":"post_tag","embeddable":true,"href":"https:\/\/sindaopcpb.org.br\/index.php\/wp-json\/wp\/v2\/tags?post=63372"}],"curies":[{"name":"wp","href":"https:\/\/api.w.org\/{rel}","templated":true}]}}