{"id":63369,"date":"2025-12-05T14:26:47","date_gmt":"2025-12-05T17:26:47","guid":{"rendered":"https:\/\/www.pbagora.com.br\/?p=929266"},"modified":"2025-12-05T14:26:47","modified_gmt":"2025-12-05T17:26:47","slug":"pc-prende-homem-por-posse-ilegal-de-armas-de-fogo-em-cuite","status":"publish","type":"post","link":"https:\/\/sindaopcpb.org.br\/index.php\/2025\/12\/05\/pc-prende-homem-por-posse-ilegal-de-armas-de-fogo-em-cuite\/","title":{"rendered":"PC prende homem por posse ilegal de armas de fogo em Cuit\u00e9"},"content":{"rendered":"<p><img width=\"1024\" height=\"865\" src=\"https:\/\/www.pbagora.com.br\/storage\/2025\/12\/WhatsApp-Image-2025-12-05-at-14.19.19-1024x865.jpeg\" class=\"attachment-large size-large wp-post-image\" alt=\"\" style=\"margin-bottom: 20px;\" decoding=\"async\" loading=\"lazy\" srcset=\"https:\/\/www.pbagora.com.br\/storage\/2025\/12\/WhatsApp-Image-2025-12-05-at-14.19.19-1024x865.jpeg 1024w, https:\/\/www.pbagora.com.br\/storage\/2025\/12\/WhatsApp-Image-2025-12-05-at-14.19.19-300x253.jpeg 300w, https:\/\/www.pbagora.com.br\/storage\/2025\/12\/WhatsApp-Image-2025-12-05-at-14.19.19-150x127.jpeg 150w, https:\/\/www.pbagora.com.br\/storage\/2025\/12\/WhatsApp-Image-2025-12-05-at-14.19.19-768x649.jpeg 768w, https:\/\/www.pbagora.com.br\/storage\/2025\/12\/WhatsApp-Image-2025-12-05-at-14.19.19-380x321.jpeg 380w, https:\/\/www.pbagora.com.br\/storage\/2025\/12\/WhatsApp-Image-2025-12-05-at-14.19.19-800x676.jpeg 800w, https:\/\/www.pbagora.com.br\/storage\/2025\/12\/WhatsApp-Image-2025-12-05-at-14.19.19-80x68.jpeg 80w, https:\/\/www.pbagora.com.br\/storage\/2025\/12\/WhatsApp-Image-2025-12-05-at-14.19.19-760x642.jpeg 760w, https:\/\/www.pbagora.com.br\/storage\/2025\/12\/WhatsApp-Image-2025-12-05-at-14.19.19-600x507.jpeg 600w, https:\/\/www.pbagora.com.br\/storage\/2025\/12\/WhatsApp-Image-2025-12-05-at-14.19.19.jpeg 1099w\" sizes=\"auto, (max-width: 1024px) 100vw, 1024px\" \/><\/p>\n<p>A Pol\u00edcia Civil da Para\u00edba, por meio da Delegacia de Cuit\u00e9, com apoio do Grupo T\u00e1tico Especial da 13\u00aa Delegacia Seccional de Pol\u00edcia Civil (DSPC), deflagrou, na manh\u00e3 desta sexta-feira (5), a Opera\u00e7\u00e3o Perseveran\u00e7a, que resultou no cumprimento de mandados de busca e apreens\u00e3o na zona rural do munic\u00edpio e na pris\u00e3o em flagrante de um indiv\u00edduo por posse ilegal de armas de fogo.<\/p>\n\n\n\n<p>A a\u00e7\u00e3o \u00e9 fruto de mandados judiciais expedidos a partir de representa\u00e7\u00e3o da Delegacia de Crimes contra a Pessoa de Jo\u00e3o Pessoa, em investiga\u00e7\u00e3o conjunta com equipes da 13\u00aa DSPC, que apura crimes de homic\u00eddio consumado e tentado ocorridos no bairro Ernesto Geisel, na capital, no dia 13 de outubro de 2025.<\/p>\n\n\n\n<p>Durante as dilig\u00eancias, os policiais localizaram na resid\u00eancia do investigado tr\u00eas espingardas, sendo uma de calibre .32, acompanhada de oito cartuchos, al\u00e9m de duas espingardas artesanais. O suspeito recebeu voz de pris\u00e3o em flagrante e foi conduzido \u00e0 unidade policial para os procedimentos legais.<\/p>\n\n\n\n<p>Mesmo ap\u00f3s a apresenta\u00e7\u00e3o espont\u00e2nea do investigado \u00e0 Delegacia de Homic\u00eddios de Jo\u00e3o Pessoa, a Pol\u00edcia Civil perseverou nas dilig\u00eancias com o objetivo de localizar e apreender poss\u00edveis armas relacionadas aos fatos investigados, refor\u00e7ando o compromisso com a elucida\u00e7\u00e3o dos crimes.<\/p>\n","protected":false},"excerpt":{"rendered":"<p><img decoding=\"async\" width=\"1024\" height=\"865\" src=\"https:\/\/www.pbagora.com.br\/storage\/2025\/12\/WhatsApp-Image-2025-12-05-at-14.19.19-1024x865.jpeg\" class=\"attachment-large size-large wp-post-image\" alt=\"\" loading=\"lazy\" srcset=\"https:\/\/www.pbagora.com.br\/storage\/2025\/12\/WhatsApp-Image-2025-12-05-at-14.19.19-1024x865.jpeg 1024w, https:\/\/www.pbagora.com.br\/storage\/2025\/12\/WhatsApp-Image-2025-12-05-at-14.19.19-300x253.jpeg 300w, https:\/\/www.pbagora.com.br\/storage\/2025\/12\/WhatsApp-Image-2025-12-05-at-14.19.19-150x127.jpeg 150w, https:\/\/www.pbagora.com.br\/storage\/2025\/12\/WhatsApp-Image-2025-12-05-at-14.19.19-768x649.jpeg 768w, https:\/\/www.pbagora.com.br\/storage\/2025\/12\/WhatsApp-Image-2025-12-05-at-14.19.19-380x321.jpeg 380w, https:\/\/www.pbagora.com.br\/storage\/2025\/12\/WhatsApp-Image-2025-12-05-at-14.19.19-800x676.jpeg 800w, https:\/\/www.pbagora.com.br\/storage\/2025\/12\/WhatsApp-Image-2025-12-05-at-14.19.19-80x68.jpeg 80w, https:\/\/www.pbagora.com.br\/storage\/2025\/12\/WhatsApp-Image-2025-12-05-at-14.19.19-760x642.jpeg 760w, https:\/\/www.pbagora.com.br\/storage\/2025\/12\/WhatsApp-Image-2025-12-05-at-14.19.19-600x507.jpeg 600w, https:\/\/www.pbagora.com.br\/storage\/2025\/12\/WhatsApp-Image-2025-12-05-at-14.19.19.jpeg 1099w\" sizes=\"auto, (max-width: 1024px) 100vw, 1024px\"><\/p>\n<p>A Pol\u00edcia Civil da Para\u00edba, por meio da Delegacia de Cuit\u00e9, com apoio do Grupo T\u00e1tico Especial da\u2026<\/p>\n","protected":false},"author":123457,"featured_media":0,"comment_status":"closed","ping_status":"closed","sticky":false,"template":"","format":"standard","meta":{"advgb_blocks_editor_width":"","advgb_blocks_columns_visual_guide":"","footnotes":""},"categories":[34],"tags":[35,10839],"class_list":["post-63369","post","type-post","status-publish","format-standard","hentry","category-g1","tag-g1","tag-policial"],"author_meta":{"display_name":"Reda\u00e7\u00e3o","author_link":"https:\/\/sindaopcpb.org.br\/author\/redacao\/"},"featured_img":null,"coauthors":[],"tax_additional":{"categories":{"linked":["<a href=\"https:\/\/sindaopcpb.org.br\/g1\/\" class=\"advgb-post-tax-term\">G1<\/a>"],"unlinked":["<span class=\"advgb-post-tax-term\">G1<\/span>"]},"tags":{"linked":["<a href=\"https:\/\/sindaopcpb.org.br\/g1\/\" class=\"advgb-post-tax-term\">g1<\/a>","<a href=\"https:\/\/sindaopcpb.org.br\/g1\/\" class=\"advgb-post-tax-term\">Policial<\/a>"],"unlinked":["<span class=\"advgb-post-tax-term\">g1<\/span>","<span class=\"advgb-post-tax-term\">Policial<\/span>"]}},"comment_count":"0","relative_dates":{"created":"Publicado 5 meses atr\u00e1s","modified":"Atualizado 5 meses atr\u00e1s"},"absolute_dates":{"created":"Publicado em 5 de dezembro de 2025","modified":"Atualizado em 5 de dezembro de 2025"},"absolute_dates_time":{"created":"Publicado em 5 de dezembro de 2025 14:26","modified":"Atualizado em 5 de dezembro de 2025 14:26"},"featured_img_caption":"","series_order":"","_links":{"self":[{"href":"https:\/\/sindaopcpb.org.br\/index.php\/wp-json\/wp\/v2\/posts\/63369","targetHints":{"allow":["GET"]}}],"collection":[{"href":"https:\/\/sindaopcpb.org.br\/index.php\/wp-json\/wp\/v2\/posts"}],"about":[{"href":"https:\/\/sindaopcpb.org.br\/index.php\/wp-json\/wp\/v2\/types\/post"}],"author":[{"embeddable":true,"href":"https:\/\/sindaopcpb.org.br\/index.php\/wp-json\/wp\/v2\/users\/123457"}],"replies":[{"embeddable":true,"href":"https:\/\/sindaopcpb.org.br\/index.php\/wp-json\/wp\/v2\/comments?post=63369"}],"version-history":[{"count":1,"href":"https:\/\/sindaopcpb.org.br\/index.php\/wp-json\/wp\/v2\/posts\/63369\/revisions"}],"predecessor-version":[{"id":63370,"href":"https:\/\/sindaopcpb.org.br\/index.php\/wp-json\/wp\/v2\/posts\/63369\/revisions\/63370"}],"wp:attachment":[{"href":"https:\/\/sindaopcpb.org.br\/index.php\/wp-json\/wp\/v2\/media?parent=63369"}],"wp:term":[{"taxonomy":"category","embeddable":true,"href":"https:\/\/sindaopcpb.org.br\/index.php\/wp-json\/wp\/v2\/categories?post=63369"},{"taxonomy":"post_tag","embeddable":true,"href":"https:\/\/sindaopcpb.org.br\/index.php\/wp-json\/wp\/v2\/tags?post=63369"}],"curies":[{"name":"wp","href":"https:\/\/api.w.org\/{rel}","templated":true}]}}