{"id":63364,"date":"2025-12-05T17:00:06","date_gmt":"2025-12-05T20:00:06","guid":{"rendered":"https:\/\/www.pbagora.com.br\/?p=929298"},"modified":"2025-12-05T23:45:06","modified_gmt":"2025-12-06T02:45:06","slug":"condenado-por-estupro-de-vulneravel-pediatra-fernando-cunha-lima-tera-direito-a-prisao-domiciliar","status":"publish","type":"post","link":"https:\/\/sindaopcpb.org.br\/index.php\/2025\/12\/05\/condenado-por-estupro-de-vulneravel-pediatra-fernando-cunha-lima-tera-direito-a-prisao-domiciliar\/","title":{"rendered":"Condenado por estupro de vulner\u00e1vel, pediatra Fernando Cunha Lima ter\u00e1 direito \u00e0 pris\u00e3o domiciliar"},"content":{"rendered":"<p><img width=\"1024\" height=\"628\" src=\"https:\/\/www.pbagora.com.br\/storage\/2024\/11\/fernando-cunha-lima_-1024x628.png\" class=\"attachment-large size-large wp-post-image\" alt=\"\" style=\"margin-bottom: 20px;\" decoding=\"async\" srcset=\"https:\/\/www.pbagora.com.br\/storage\/2024\/11\/fernando-cunha-lima_-1024x628.png 1024w, https:\/\/www.pbagora.com.br\/storage\/2024\/11\/fernando-cunha-lima_-300x184.png 300w, https:\/\/www.pbagora.com.br\/storage\/2024\/11\/fernando-cunha-lima_-150x92.png 150w, https:\/\/www.pbagora.com.br\/storage\/2024\/11\/fernando-cunha-lima_-768x471.png 768w, https:\/\/www.pbagora.com.br\/storage\/2024\/11\/fernando-cunha-lima_-380x233.png 380w, https:\/\/www.pbagora.com.br\/storage\/2024\/11\/fernando-cunha-lima_-800x491.png 800w, https:\/\/www.pbagora.com.br\/storage\/2024\/11\/fernando-cunha-lima_-80x50.png 80w, https:\/\/www.pbagora.com.br\/storage\/2024\/11\/fernando-cunha-lima_-760x466.png 760w, https:\/\/www.pbagora.com.br\/storage\/2024\/11\/fernando-cunha-lima_-600x368.png 600w, https:\/\/www.pbagora.com.br\/storage\/2024\/11\/fernando-cunha-lima_.png 1060w\" sizes=\"(max-width: 1024px) 100vw, 1024px\" \/><\/p>\n<p>Na tarde desta sexta-feira (5), a Justi\u00e7a concedeu pris\u00e3o domiciliar ao m\u00e9dico Fernando Cunha Lima, condenado por estupro de vulner\u00e1vel. A idade avan\u00e7ada do r\u00e9u e seu estado de sa\u00fade foram os crit\u00e9rios avaliados para a decis\u00e3o.<\/p>\n\n\n\n<p>Condenado pela 4\u00aa Vara Criminal de Jo\u00e3o Pessoa a 22 anos, 5 meses e 2 dias de reclus\u00e3o, o pediatra vinha cumprindo pena em regime fechado na Penitenci\u00e1ria Valentina de Figueiredo.<\/p>\n\n\n\n<p>Fernando Cunha Lima foi preso pela Pol\u00edcia Civil da Para\u00edba em mar\u00e7o deste ano, ap\u00f3s ser localizado em um flat na cidade de Paulista, Litoral Norte de Pernambuco, na Regi\u00e3o Metropolitana do Recife, onde, segundo a pol\u00edcia, estava escondido com apoio de familiares.<\/p>\n\n\n\n<p>Confira decis\u00e3o:<\/p>\n\n\n\n<p><\/p>\n\n\n<div class=\"wp-block-image\">\n<figure class=\"aligncenter size-full\"><img  decoding=\"async\"  width=\"709\"  height=\"449\"  src=\"https:\/\/www.pbagora.com.br\/storage\/2025\/12\/decisao.jpeg\"  alt=\"\"  class=\"wp-image-929299\"  srcset=\"https:\/\/www.pbagora.com.br\/storage\/2025\/12\/decisao.jpeg 709w, https:\/\/www.pbagora.com.br\/storage\/2025\/12\/decisao-300x190.jpeg 300w, https:\/\/www.pbagora.com.br\/storage\/2025\/12\/decisao-150x95.jpeg 150w, https:\/\/www.pbagora.com.br\/storage\/2025\/12\/decisao-380x241.jpeg 380w, https:\/\/www.pbagora.com.br\/storage\/2025\/12\/decisao-80x50.jpeg 80w, https:\/\/www.pbagora.com.br\/storage\/2025\/12\/decisao-600x380.jpeg 600w\"  sizes=\"(max-width: 709px) 100vw, 709px\" ><figcaption class=\"wp-element-caption\">Imagem: reprodu\u00e7\u00e3o \/ Portal Correio<\/figcaption><\/figure><\/div>\n\n\n<p><strong><em>PB Agora<\/em><\/strong><\/p>\n","protected":false},"excerpt":{"rendered":"<p><img loading=\"lazy\" decoding=\"async\" width=\"1024\" height=\"628\" src=\"https:\/\/www.pbagora.com.br\/storage\/2024\/11\/fernando-cunha-lima_-1024x628.png\" class=\"attachment-large size-large wp-post-image\" alt=\"\" srcset=\"https:\/\/www.pbagora.com.br\/storage\/2024\/11\/fernando-cunha-lima_-1024x628.png 1024w, https:\/\/www.pbagora.com.br\/storage\/2024\/11\/fernando-cunha-lima_-300x184.png 300w, https:\/\/www.pbagora.com.br\/storage\/2024\/11\/fernando-cunha-lima_-150x92.png 150w, https:\/\/www.pbagora.com.br\/storage\/2024\/11\/fernando-cunha-lima_-768x471.png 768w, https:\/\/www.pbagora.com.br\/storage\/2024\/11\/fernando-cunha-lima_-380x233.png 380w, https:\/\/www.pbagora.com.br\/storage\/2024\/11\/fernando-cunha-lima_-800x491.png 800w, https:\/\/www.pbagora.com.br\/storage\/2024\/11\/fernando-cunha-lima_-80x50.png 80w, https:\/\/www.pbagora.com.br\/storage\/2024\/11\/fernando-cunha-lima_-760x466.png 760w, https:\/\/www.pbagora.com.br\/storage\/2024\/11\/fernando-cunha-lima_-600x368.png 600w, https:\/\/www.pbagora.com.br\/storage\/2024\/11\/fernando-cunha-lima_.png 1060w\" sizes=\"auto, (max-width: 1024px) 100vw, 1024px\"><\/p>\n<p>Na tarde desta sexta-feira (5), a Justi\u00e7a concedeu pris\u00e3o domiciliar ao m\u00e9dico Fernando Cunha Lima, condenado por estupro\u2026<\/p>\n","protected":false},"author":123457,"featured_media":0,"comment_status":"closed","ping_status":"closed","sticky":false,"template":"","format":"standard","meta":{"advgb_blocks_editor_width":"","advgb_blocks_columns_visual_guide":"","footnotes":""},"categories":[34],"tags":[35,10839,10846],"class_list":["post-63364","post","type-post","status-publish","format-standard","hentry","category-g1","tag-g1","tag-policial","tag-rodape-02"],"author_meta":{"display_name":"Reda\u00e7\u00e3o","author_link":"https:\/\/sindaopcpb.org.br\/author\/redacao\/"},"featured_img":null,"coauthors":[],"tax_additional":{"categories":{"linked":["<a href=\"https:\/\/sindaopcpb.org.br\/g1\/\" class=\"advgb-post-tax-term\">G1<\/a>"],"unlinked":["<span class=\"advgb-post-tax-term\">G1<\/span>"]},"tags":{"linked":["<a href=\"https:\/\/sindaopcpb.org.br\/g1\/\" class=\"advgb-post-tax-term\">g1<\/a>","<a href=\"https:\/\/sindaopcpb.org.br\/g1\/\" class=\"advgb-post-tax-term\">Policial<\/a>","<a href=\"https:\/\/sindaopcpb.org.br\/g1\/\" class=\"advgb-post-tax-term\">Rodape 02<\/a>"],"unlinked":["<span class=\"advgb-post-tax-term\">g1<\/span>","<span class=\"advgb-post-tax-term\">Policial<\/span>","<span class=\"advgb-post-tax-term\">Rodape 02<\/span>"]}},"comment_count":"0","relative_dates":{"created":"Publicado 5 meses atr\u00e1s","modified":"Atualizado 5 meses atr\u00e1s"},"absolute_dates":{"created":"Publicado em 5 de dezembro de 2025","modified":"Atualizado em 5 de dezembro de 2025"},"absolute_dates_time":{"created":"Publicado em 5 de dezembro de 2025 17:00","modified":"Atualizado em 5 de dezembro de 2025 23:45"},"featured_img_caption":"","series_order":"","_links":{"self":[{"href":"https:\/\/sindaopcpb.org.br\/index.php\/wp-json\/wp\/v2\/posts\/63364","targetHints":{"allow":["GET"]}}],"collection":[{"href":"https:\/\/sindaopcpb.org.br\/index.php\/wp-json\/wp\/v2\/posts"}],"about":[{"href":"https:\/\/sindaopcpb.org.br\/index.php\/wp-json\/wp\/v2\/types\/post"}],"author":[{"embeddable":true,"href":"https:\/\/sindaopcpb.org.br\/index.php\/wp-json\/wp\/v2\/users\/123457"}],"replies":[{"embeddable":true,"href":"https:\/\/sindaopcpb.org.br\/index.php\/wp-json\/wp\/v2\/comments?post=63364"}],"version-history":[{"count":5,"href":"https:\/\/sindaopcpb.org.br\/index.php\/wp-json\/wp\/v2\/posts\/63364\/revisions"}],"predecessor-version":[{"id":63380,"href":"https:\/\/sindaopcpb.org.br\/index.php\/wp-json\/wp\/v2\/posts\/63364\/revisions\/63380"}],"wp:attachment":[{"href":"https:\/\/sindaopcpb.org.br\/index.php\/wp-json\/wp\/v2\/media?parent=63364"}],"wp:term":[{"taxonomy":"category","embeddable":true,"href":"https:\/\/sindaopcpb.org.br\/index.php\/wp-json\/wp\/v2\/categories?post=63364"},{"taxonomy":"post_tag","embeddable":true,"href":"https:\/\/sindaopcpb.org.br\/index.php\/wp-json\/wp\/v2\/tags?post=63364"}],"curies":[{"name":"wp","href":"https:\/\/api.w.org\/{rel}","templated":true}]}}