{"id":63330,"date":"2025-12-08T09:09:00","date_gmt":"2025-12-08T12:09:00","guid":{"rendered":"https:\/\/sindaopcpb.org.br\/?p=63330"},"modified":"2025-12-08T21:29:27","modified_gmt":"2025-12-09T00:29:27","slug":"mobilizacao-pelo-direito-de-paridade-e-integralidade-na-seguranca-publica","status":"publish","type":"post","link":"https:\/\/sindaopcpb.org.br\/index.php\/2025\/12\/08\/mobilizacao-pelo-direito-de-paridade-e-integralidade-na-seguranca-publica\/","title":{"rendered":"Mobiliza\u00e7\u00e3o pelo Direito de Paridade e Integralidade na Seguran\u00e7a P\u00fablica"},"content":{"rendered":"\n<h2 class=\"wp-block-heading\">Uma Luta pela Justi\u00e7a e Valoriza\u00e7\u00e3o<\/h2>\n\n\n\n<p>Recentemente, Charles Lustosa (SINDAOPCPB) e Erivaldo, presidente do Sindspol-PB, e demais presidentes de sindicatos de todo o pa\u00eds estiveram em Bras\u00edlia atendendo \u00e0 convoca\u00e7\u00e3o de Giancarlo Miranda presidente da Cobrapol. O objetivo desta mobiliza\u00e7\u00e3o \u00e9 acompanhar os trabalhos da PEC 18\/2025, que trata de quest\u00f5es fundamentais para a seguran\u00e7a p\u00fablica em todo o Brasil. Durante este per\u00edodo, o foco se dirige \u00e0 luta pela paridade e integralidade, com destaque a emenda n\u00ba 08, direitos que n\u00e3o foram assegurados pela Emenda Constitucional 103\/2019.<\/p>\n\n\n\n<h2 class=\"wp-block-heading\">A Import\u00e2ncia da Paridade e Integralidade<\/h2>\n\n\n\n<p>A paridade e a integralidade representam n\u00e3o apenas a justi\u00e7a e o respeito que os policiais civis merecem, mas tamb\u00e9m uma valoriza\u00e7\u00e3o necess\u00e1ria para aqueles que dedicam suas vidas ao servi\u00e7o da sociedade. A mobiliza\u00e7\u00e3o conjunta das entidades da Para\u00edba demonstra a uni\u00e3o e a determina\u00e7\u00e3o em restaurar esses direitos hist\u00f3ricos, essenciais para a prote\u00e7\u00e3o e valoriza\u00e7\u00e3o dos profissionais de seguran\u00e7a p\u00fablica.<\/p>\n\n\n\n<h2 class=\"wp-block-heading\">Avan\u00e7ando Juntos<\/h2>\n\n\n\n<figure class=\"wp-block-image size-full\"><img loading=\"lazy\" decoding=\"async\" width=\"960\" height=\"669\" src=\"https:\/\/sindaopcpb.org.br\/wp-content\/uploads\/2025\/12\/WhatsApp-Image-2025-12-04-at-22.12.22.jpeg\" alt=\"\" class=\"wp-image-63332\" title=\"\" srcset=\"https:\/\/sindaopcpb.org.br\/wp-content\/uploads\/2025\/12\/WhatsApp-Image-2025-12-04-at-22.12.22.jpeg 960w, https:\/\/sindaopcpb.org.br\/wp-content\/uploads\/2025\/12\/WhatsApp-Image-2025-12-04-at-22.12.22-300x209.jpeg 300w, https:\/\/sindaopcpb.org.br\/wp-content\/uploads\/2025\/12\/WhatsApp-Image-2025-12-04-at-22.12.22-768x535.jpeg 768w\" sizes=\"auto, (max-width: 960px) 100vw, 960px\" \/><figcaption class=\"wp-element-caption\"><strong>Charles &#8211; Sindao-PCPB, Erivaldo &#8211; Sindspol-PB, Breno Almeida &#8211;<strong> Sinpol-MG,<\/strong> Vagner de Paula &#8211; Sindpol-RJ<\/strong><\/figcaption><\/figure>\n\n\n\n<p>As entidades nacionais e estaduais t\u00eam se unido nessa luta, reconhecendo a import\u00e2ncia da paridade e integralidade como prioridades na agenda de direitos trabalhistas. A jornada \u00e9 desafiadora, mas a mobiliza\u00e7\u00e3o ativa e a presen\u00e7a em Bras\u00edlia refletem um compromisso firme em defender a dignidade e os direitos dos policiais civis. Seguimos com determina\u00e7\u00e3o, pois paridade e integralidade s\u00e3o sin\u00f4nimos de justi\u00e7a, respeito e valoriza\u00e7\u00e3o.<\/p>\n\n\n\n<p><\/p>\n","protected":false},"excerpt":{"rendered":"<p>Uma Luta pela Justi\u00e7a e Valoriza\u00e7\u00e3o Recentemente, Charles Lustosa (SINDAOPCPB) e Erivaldo, presidente do Sindspol-PB,<\/p>\n","protected":false},"author":7,"featured_media":63331,"comment_status":"open","ping_status":"open","sticky":false,"template":"","format":"standard","meta":{"advgb_blocks_editor_width":"","advgb_blocks_columns_visual_guide":"","footnotes":""},"categories":[10869,3,10832],"tags":[10872,53,10873,10871,10874],"class_list":["post-63330","post","type-post","status-publish","format-standard","has-post-thumbnail","hentry","category-luta-por-direitos","category-uncategorised","category-sindao-pcpb","tag-brasilia","tag-cobrapol","tag-congresso","tag-pec18","tag-sindpolrj"],"author_meta":{"display_name":"charles lustosa dos passos","author_link":"https:\/\/sindaopcpb.org.br\/author\/charles\/"},"featured_img":"https:\/\/sindaopcpb.org.br\/wp-content\/uploads\/2025\/12\/WhatsApp-Image-2025-12-04-at-22.11.40-300x167.jpeg","coauthors":[],"tax_additional":{"categories":{"linked":["<a href=\"https:\/\/sindaopcpb.org.br\/luta-por-direitos\/\" class=\"advgb-post-tax-term\">Luta por Direitos<\/a>","<a href=\"https:\/\/sindaopcpb.org.br\/uncategorised\/\" class=\"advgb-post-tax-term\">Geral<\/a>","<a href=\"https:\/\/sindaopcpb.org.br\/sindao-pcpb\/\" class=\"advgb-post-tax-term\">Sindao-PCPB<\/a>"],"unlinked":["<span class=\"advgb-post-tax-term\">Luta por Direitos<\/span>","<span class=\"advgb-post-tax-term\">Geral<\/span>","<span class=\"advgb-post-tax-term\">Sindao-PCPB<\/span>"]},"tags":{"linked":["<a href=\"https:\/\/sindaopcpb.org.br\/sindao-pcpb\/\" class=\"advgb-post-tax-term\">BRASILIA<\/a>","<a href=\"https:\/\/sindaopcpb.org.br\/sindao-pcpb\/\" class=\"advgb-post-tax-term\">cobrapol<\/a>","<a href=\"https:\/\/sindaopcpb.org.br\/sindao-pcpb\/\" class=\"advgb-post-tax-term\">CONGRESSO<\/a>","<a href=\"https:\/\/sindaopcpb.org.br\/sindao-pcpb\/\" class=\"advgb-post-tax-term\">PEC18<\/a>","<a href=\"https:\/\/sindaopcpb.org.br\/sindao-pcpb\/\" class=\"advgb-post-tax-term\">sindpolrj<\/a>"],"unlinked":["<span class=\"advgb-post-tax-term\">BRASILIA<\/span>","<span class=\"advgb-post-tax-term\">cobrapol<\/span>","<span class=\"advgb-post-tax-term\">CONGRESSO<\/span>","<span class=\"advgb-post-tax-term\">PEC18<\/span>","<span class=\"advgb-post-tax-term\">sindpolrj<\/span>"]}},"comment_count":"3","relative_dates":{"created":"Publicado 5 meses atr\u00e1s","modified":"Atualizado 5 meses atr\u00e1s"},"absolute_dates":{"created":"Publicado em 8 de dezembro de 2025","modified":"Atualizado em 8 de dezembro de 2025"},"absolute_dates_time":{"created":"Publicado em 8 de dezembro de 2025 09:09","modified":"Atualizado em 8 de dezembro de 2025 21:29"},"featured_img_caption":"","series_order":"","_links":{"self":[{"href":"https:\/\/sindaopcpb.org.br\/index.php\/wp-json\/wp\/v2\/posts\/63330","targetHints":{"allow":["GET"]}}],"collection":[{"href":"https:\/\/sindaopcpb.org.br\/index.php\/wp-json\/wp\/v2\/posts"}],"about":[{"href":"https:\/\/sindaopcpb.org.br\/index.php\/wp-json\/wp\/v2\/types\/post"}],"author":[{"embeddable":true,"href":"https:\/\/sindaopcpb.org.br\/index.php\/wp-json\/wp\/v2\/users\/7"}],"replies":[{"embeddable":true,"href":"https:\/\/sindaopcpb.org.br\/index.php\/wp-json\/wp\/v2\/comments?post=63330"}],"version-history":[{"count":7,"href":"https:\/\/sindaopcpb.org.br\/index.php\/wp-json\/wp\/v2\/posts\/63330\/revisions"}],"predecessor-version":[{"id":63392,"href":"https:\/\/sindaopcpb.org.br\/index.php\/wp-json\/wp\/v2\/posts\/63330\/revisions\/63392"}],"wp:featuredmedia":[{"embeddable":true,"href":"https:\/\/sindaopcpb.org.br\/index.php\/wp-json\/wp\/v2\/media\/63331"}],"wp:attachment":[{"href":"https:\/\/sindaopcpb.org.br\/index.php\/wp-json\/wp\/v2\/media?parent=63330"}],"wp:term":[{"taxonomy":"category","embeddable":true,"href":"https:\/\/sindaopcpb.org.br\/index.php\/wp-json\/wp\/v2\/categories?post=63330"},{"taxonomy":"post_tag","embeddable":true,"href":"https:\/\/sindaopcpb.org.br\/index.php\/wp-json\/wp\/v2\/tags?post=63330"}],"curies":[{"name":"wp","href":"https:\/\/api.w.org\/{rel}","templated":true}]}}