{"id":63319,"date":"2025-12-04T14:56:43","date_gmt":"2025-12-04T17:56:43","guid":{"rendered":"https:\/\/www.pbagora.com.br\/?p=929089"},"modified":"2025-12-04T17:55:43","modified_gmt":"2025-12-04T20:55:43","slug":"tjpb-nega-pedido-da-defesa-e-mantem-prisao-domiciliar-de-padre-egidio","status":"publish","type":"post","link":"https:\/\/sindaopcpb.org.br\/index.php\/2025\/12\/04\/tjpb-nega-pedido-da-defesa-e-mantem-prisao-domiciliar-de-padre-egidio\/","title":{"rendered":"TJPB nega pedido da defesa e mant\u00e9m pris\u00e3o domiciliar de Padre Eg\u00eddio"},"content":{"rendered":"<p><img width=\"1024\" height=\"576\" src=\"https:\/\/www.pbagora.com.br\/storage\/2024\/01\/padreegidiofotodoface-1024x576.jpeg\" class=\"attachment-large size-large wp-post-image\" alt=\"\" style=\"margin-bottom: 20px;\" decoding=\"async\" srcset=\"https:\/\/www.pbagora.com.br\/storage\/2024\/01\/padreegidiofotodoface-1024x576.jpeg 1024w, https:\/\/www.pbagora.com.br\/storage\/2024\/01\/padreegidiofotodoface-300x169.jpeg 300w, https:\/\/www.pbagora.com.br\/storage\/2024\/01\/padreegidiofotodoface-150x84.jpeg 150w, https:\/\/www.pbagora.com.br\/storage\/2024\/01\/padreegidiofotodoface-768x432.jpeg 768w, https:\/\/www.pbagora.com.br\/storage\/2024\/01\/padreegidiofotodoface-1536x864.jpeg 1536w, https:\/\/www.pbagora.com.br\/storage\/2024\/01\/padreegidiofotodoface-380x214.jpeg 380w, https:\/\/www.pbagora.com.br\/storage\/2024\/01\/padreegidiofotodoface-800x450.jpeg 800w, https:\/\/www.pbagora.com.br\/storage\/2024\/01\/padreegidiofotodoface-1160x652.jpeg 1160w, https:\/\/www.pbagora.com.br\/storage\/2024\/01\/padreegidiofotodoface-80x46.jpeg 80w, https:\/\/www.pbagora.com.br\/storage\/2024\/01\/padreegidiofotodoface-760x427.jpeg 760w, https:\/\/www.pbagora.com.br\/storage\/2024\/01\/padreegidiofotodoface-600x337.jpeg 600w, https:\/\/www.pbagora.com.br\/storage\/2024\/01\/padreegidiofotodoface.jpeg 1599w\" sizes=\"(max-width: 1024px) 100vw, 1024px\" \/><\/p>\n<p>O desembargador Ricardo Vital de Almeida, do Tribunal de Justi\u00e7a da Para\u00edba, decidiu manter a pris\u00e3o domiciliar do padre Eg\u00eddio de Carvalho e rejeitou o pedido de revoga\u00e7\u00e3o apresentado pela defesa do religioso. A decis\u00e3o foi tomada na tarde desta quinta-feira (4).<\/p>\n\n\n\n<p>No pedido apresentado ao desembargador, os advogados argumentaram que o padre j\u00e1 est\u00e1 privado de liberdade h\u00e1 mais de dois anos, o que, na avalia\u00e7\u00e3o da defesa, configuraria \u201cconstrangimento ilegal\u201d e uma esp\u00e9cie de antecipa\u00e7\u00e3o de pena, j\u00e1 que n\u00e3o houve condena\u00e7\u00e3o definitiva.<\/p>\n\n\n\n<p>Ao negar o habeas corpus, Ricardo Vital destacou que esse tipo de medida \u00e9 reservado a situa\u00e7\u00f5es em que a pris\u00e3o se mostra claramente insustent\u00e1vel do ponto de vista legal ou quando o risco \u00e0 liberdade \u00e9 t\u00e3o elevado que n\u00e3o permite aguardar o julgamento colegiado. Segundo o magistrado, esse n\u00e3o \u00e9 o cen\u00e1rio atual, uma vez que a pris\u00e3o domiciliar est\u00e1 amparada em decis\u00e3o judicial fundamentada.<\/p>\n\n\n\n<p>O desembargador tamb\u00e9m afirmou que a an\u00e1lise sobre uma poss\u00edvel revoga\u00e7\u00e3o da pris\u00e3o deve ser feita com mais cautela, somente ap\u00f3s a integraliza\u00e7\u00e3o dos autos e a manifesta\u00e7\u00e3o do Minist\u00e9rio P\u00fablico em segunda inst\u00e2ncia. Para ele, \u00e9 necess\u00e1rio que o colegiado tenha a oportunidade de examinar, com profundidade, todos os argumentos apresentados pela defesa, confrontando-os com as informa\u00e7\u00f5es do ju\u00edzo de origem e com o hist\u00f3rico do processo, que se estende h\u00e1 longo per\u00edodo em raz\u00e3o da gravidade dos crimes investigados.<\/p>\n\n\n\n<p>Apontado pelo Minist\u00e9rio P\u00fablico da Para\u00edba como l\u00edder de uma organiza\u00e7\u00e3o criminosa suspeita de desviar recursos do Hospital Padre Z\u00e9, em Jo\u00e3o Pessoa, o sacerdote cumpre pris\u00e3o domiciliar ap\u00f3s relatar \u00e0 Justi\u00e7a problemas graves de sa\u00fade.<\/p>\n\n\n\n<p>Com a decis\u00e3o, Padre Eg\u00eddio segue em pris\u00e3o domiciliar, enquanto o processo continua tramitando no Tribunal de Justi\u00e7a da Para\u00edba.<\/p>\n\n\n\n<p><strong><em>PB Agora<\/em><\/strong><\/p>\n","protected":false},"excerpt":{"rendered":"<p><img loading=\"lazy\" decoding=\"async\" width=\"1024\" height=\"576\" src=\"https:\/\/www.pbagora.com.br\/storage\/2024\/01\/padreegidiofotodoface-1024x576.jpeg\" class=\"attachment-large size-large wp-post-image\" alt=\"\" srcset=\"https:\/\/www.pbagora.com.br\/storage\/2024\/01\/padreegidiofotodoface-1024x576.jpeg 1024w, https:\/\/www.pbagora.com.br\/storage\/2024\/01\/padreegidiofotodoface-300x169.jpeg 300w, https:\/\/www.pbagora.com.br\/storage\/2024\/01\/padreegidiofotodoface-150x84.jpeg 150w, https:\/\/www.pbagora.com.br\/storage\/2024\/01\/padreegidiofotodoface-768x432.jpeg 768w, https:\/\/www.pbagora.com.br\/storage\/2024\/01\/padreegidiofotodoface-1536x864.jpeg 1536w, https:\/\/www.pbagora.com.br\/storage\/2024\/01\/padreegidiofotodoface-380x214.jpeg 380w, https:\/\/www.pbagora.com.br\/storage\/2024\/01\/padreegidiofotodoface-800x450.jpeg 800w, https:\/\/www.pbagora.com.br\/storage\/2024\/01\/padreegidiofotodoface-1160x652.jpeg 1160w, https:\/\/www.pbagora.com.br\/storage\/2024\/01\/padreegidiofotodoface-80x46.jpeg 80w, https:\/\/www.pbagora.com.br\/storage\/2024\/01\/padreegidiofotodoface-760x427.jpeg 760w, https:\/\/www.pbagora.com.br\/storage\/2024\/01\/padreegidiofotodoface-600x337.jpeg 600w, https:\/\/www.pbagora.com.br\/storage\/2024\/01\/padreegidiofotodoface.jpeg 1599w\" sizes=\"auto, (max-width: 1024px) 100vw, 1024px\"><\/p>\n<p>O desembargador Ricardo Vital de Almeida, do Tribunal de Justi\u00e7a da Para\u00edba, decidiu manter a pris\u00e3o domiciliar do\u2026<\/p>\n","protected":false},"author":123457,"featured_media":0,"comment_status":"closed","ping_status":"closed","sticky":false,"template":"","format":"standard","meta":{"advgb_blocks_editor_width":"","advgb_blocks_columns_visual_guide":"","footnotes":""},"categories":[34],"tags":[35,10839],"class_list":["post-63319","post","type-post","status-publish","format-standard","hentry","category-g1","tag-g1","tag-policial"],"author_meta":{"display_name":"Reda\u00e7\u00e3o","author_link":"https:\/\/sindaopcpb.org.br\/author\/redacao\/"},"featured_img":null,"coauthors":[],"tax_additional":{"categories":{"linked":["<a href=\"https:\/\/sindaopcpb.org.br\/g1\/\" class=\"advgb-post-tax-term\">G1<\/a>"],"unlinked":["<span class=\"advgb-post-tax-term\">G1<\/span>"]},"tags":{"linked":["<a href=\"https:\/\/sindaopcpb.org.br\/g1\/\" class=\"advgb-post-tax-term\">g1<\/a>","<a href=\"https:\/\/sindaopcpb.org.br\/g1\/\" class=\"advgb-post-tax-term\">Policial<\/a>"],"unlinked":["<span class=\"advgb-post-tax-term\">g1<\/span>","<span class=\"advgb-post-tax-term\">Policial<\/span>"]}},"comment_count":"0","relative_dates":{"created":"Publicado 5 meses atr\u00e1s","modified":"Atualizado 5 meses atr\u00e1s"},"absolute_dates":{"created":"Publicado em 4 de dezembro de 2025","modified":"Atualizado em 4 de dezembro de 2025"},"absolute_dates_time":{"created":"Publicado em 4 de dezembro de 2025 14:56","modified":"Atualizado em 4 de dezembro de 2025 17:55"},"featured_img_caption":"","series_order":"","_links":{"self":[{"href":"https:\/\/sindaopcpb.org.br\/index.php\/wp-json\/wp\/v2\/posts\/63319","targetHints":{"allow":["GET"]}}],"collection":[{"href":"https:\/\/sindaopcpb.org.br\/index.php\/wp-json\/wp\/v2\/posts"}],"about":[{"href":"https:\/\/sindaopcpb.org.br\/index.php\/wp-json\/wp\/v2\/types\/post"}],"author":[{"embeddable":true,"href":"https:\/\/sindaopcpb.org.br\/index.php\/wp-json\/wp\/v2\/users\/123457"}],"replies":[{"embeddable":true,"href":"https:\/\/sindaopcpb.org.br\/index.php\/wp-json\/wp\/v2\/comments?post=63319"}],"version-history":[{"count":4,"href":"https:\/\/sindaopcpb.org.br\/index.php\/wp-json\/wp\/v2\/posts\/63319\/revisions"}],"predecessor-version":[{"id":63344,"href":"https:\/\/sindaopcpb.org.br\/index.php\/wp-json\/wp\/v2\/posts\/63319\/revisions\/63344"}],"wp:attachment":[{"href":"https:\/\/sindaopcpb.org.br\/index.php\/wp-json\/wp\/v2\/media?parent=63319"}],"wp:term":[{"taxonomy":"category","embeddable":true,"href":"https:\/\/sindaopcpb.org.br\/index.php\/wp-json\/wp\/v2\/categories?post=63319"},{"taxonomy":"post_tag","embeddable":true,"href":"https:\/\/sindaopcpb.org.br\/index.php\/wp-json\/wp\/v2\/tags?post=63319"}],"curies":[{"name":"wp","href":"https:\/\/api.w.org\/{rel}","templated":true}]}}