{"id":63311,"date":"2025-12-04T11:30:38","date_gmt":"2025-12-04T14:30:38","guid":{"rendered":"https:\/\/www.pbagora.com.br\/?p=929045"},"modified":"2025-12-04T12:30:38","modified_gmt":"2025-12-04T15:30:38","slug":"policia-militar-apreende-adolescente-por-trafico-de-drogas-em-santa-rita-2","status":"publish","type":"post","link":"https:\/\/sindaopcpb.org.br\/index.php\/2025\/12\/04\/policia-militar-apreende-adolescente-por-trafico-de-drogas-em-santa-rita-2\/","title":{"rendered":"Pol\u00edcia Militar apreende adolescente por tr\u00e1fico de drogas em Santa Rita"},"content":{"rendered":"<p><img width=\"800\" height=\"445\" src=\"https:\/\/www.pbagora.com.br\/storage\/2025\/12\/material-800x445-1.png\" class=\"attachment-large size-large wp-post-image\" alt=\"\" style=\"margin-bottom: 20px;\" decoding=\"async\" loading=\"lazy\" srcset=\"https:\/\/www.pbagora.com.br\/storage\/2025\/12\/material-800x445-1.png 800w, https:\/\/www.pbagora.com.br\/storage\/2025\/12\/material-800x445-1-300x167.png 300w, https:\/\/www.pbagora.com.br\/storage\/2025\/12\/material-800x445-1-150x83.png 150w, https:\/\/www.pbagora.com.br\/storage\/2025\/12\/material-800x445-1-768x427.png 768w, https:\/\/www.pbagora.com.br\/storage\/2025\/12\/material-800x445-1-380x211.png 380w, https:\/\/www.pbagora.com.br\/storage\/2025\/12\/material-800x445-1-80x46.png 80w, https:\/\/www.pbagora.com.br\/storage\/2025\/12\/material-800x445-1-760x423.png 760w, https:\/\/www.pbagora.com.br\/storage\/2025\/12\/material-800x445-1-600x334.png 600w\" sizes=\"auto, (max-width: 800px) 100vw, 800px\" \/><\/p>\n<p><a href=\"https:\/\/www.pm.pb.gov.br\/portal\/2025\/12\/04\/policia-militar-apreende-adolescente-por-trafico-de-drogas-em-santa-rita-3\/\"><\/a>Nessa quarta-feira (03), policiais militares do 7\u00b0 BPM apreenderam um adolescente por crime de tr\u00e1fico de drogas na cidade de Santa Rita. Com o adolescente foram apreendidas uma arma de fogo e drogas prontas para o com\u00e9rcio il\u00edcito.<\/p>\n\n\n\n<p>A equipe policial realizava o policiamento em uma regi\u00e3o conhecida como \u201cToror\u00f3\u201d, no Distrito de Bebel\u00e2ndia, quando interceptou o jovem que, ao perceber a presen\u00e7a dos policiais, tentou fugir, mas foi logo alcan\u00e7ado. Na abordagem foram apreendidos um rev\u00f3lver, calibre .38, com 16 muni\u00e7\u00f5es intactas, 85 por\u00e7\u00f5es de maconha, 45 por\u00e7\u00f5es de coca\u00edna, al\u00e9m de um r\u00e1dio comunicador.<\/p>\n\n\n\n<p>O adolescente foi apreendido e todo o material foi encaminhado \u00e0 6\u00aa Delegacia Distrital para os demais procedimentos.<\/p>\n\n\n\n<p><strong><em>PB Agora<\/em><\/strong><\/p>\n","protected":false},"excerpt":{"rendered":"<p><img decoding=\"async\" width=\"800\" height=\"445\" src=\"https:\/\/www.pbagora.com.br\/storage\/2025\/12\/material-800x445-1.png\" class=\"attachment-large size-large wp-post-image\" alt=\"\" loading=\"lazy\" srcset=\"https:\/\/www.pbagora.com.br\/storage\/2025\/12\/material-800x445-1.png 800w, https:\/\/www.pbagora.com.br\/storage\/2025\/12\/material-800x445-1-300x167.png 300w, https:\/\/www.pbagora.com.br\/storage\/2025\/12\/material-800x445-1-150x83.png 150w, https:\/\/www.pbagora.com.br\/storage\/2025\/12\/material-800x445-1-768x427.png 768w, https:\/\/www.pbagora.com.br\/storage\/2025\/12\/material-800x445-1-380x211.png 380w, https:\/\/www.pbagora.com.br\/storage\/2025\/12\/material-800x445-1-80x46.png 80w, https:\/\/www.pbagora.com.br\/storage\/2025\/12\/material-800x445-1-760x423.png 760w, https:\/\/www.pbagora.com.br\/storage\/2025\/12\/material-800x445-1-600x334.png 600w\" sizes=\"auto, (max-width: 800px) 100vw, 800px\"><\/p>\n<p>Nessa quarta-feira (03), policiais militares do 7\u00b0 BPM apreenderam um adolescente por crime de tr\u00e1fico de drogas na\u2026<\/p>\n","protected":false},"author":123457,"featured_media":0,"comment_status":"closed","ping_status":"closed","sticky":false,"template":"","format":"standard","meta":{"advgb_blocks_editor_width":"","advgb_blocks_columns_visual_guide":"","footnotes":""},"categories":[34],"tags":[35,10839,10846],"class_list":["post-63311","post","type-post","status-publish","format-standard","hentry","category-g1","tag-g1","tag-policial","tag-rodape-02"],"author_meta":{"display_name":"Reda\u00e7\u00e3o","author_link":"https:\/\/sindaopcpb.org.br\/author\/redacao\/"},"featured_img":null,"coauthors":[],"tax_additional":{"categories":{"linked":["<a href=\"https:\/\/sindaopcpb.org.br\/g1\/\" class=\"advgb-post-tax-term\">G1<\/a>"],"unlinked":["<span class=\"advgb-post-tax-term\">G1<\/span>"]},"tags":{"linked":["<a href=\"https:\/\/sindaopcpb.org.br\/g1\/\" class=\"advgb-post-tax-term\">g1<\/a>","<a href=\"https:\/\/sindaopcpb.org.br\/g1\/\" class=\"advgb-post-tax-term\">Policial<\/a>","<a href=\"https:\/\/sindaopcpb.org.br\/g1\/\" class=\"advgb-post-tax-term\">Rodape 02<\/a>"],"unlinked":["<span class=\"advgb-post-tax-term\">g1<\/span>","<span class=\"advgb-post-tax-term\">Policial<\/span>","<span class=\"advgb-post-tax-term\">Rodape 02<\/span>"]}},"comment_count":"0","relative_dates":{"created":"Publicado 5 meses atr\u00e1s","modified":"Atualizado 5 meses atr\u00e1s"},"absolute_dates":{"created":"Publicado em 4 de dezembro de 2025","modified":"Atualizado em 4 de dezembro de 2025"},"absolute_dates_time":{"created":"Publicado em 4 de dezembro de 2025 11:30","modified":"Atualizado em 4 de dezembro de 2025 12:30"},"featured_img_caption":"","series_order":"","_links":{"self":[{"href":"https:\/\/sindaopcpb.org.br\/index.php\/wp-json\/wp\/v2\/posts\/63311","targetHints":{"allow":["GET"]}}],"collection":[{"href":"https:\/\/sindaopcpb.org.br\/index.php\/wp-json\/wp\/v2\/posts"}],"about":[{"href":"https:\/\/sindaopcpb.org.br\/index.php\/wp-json\/wp\/v2\/types\/post"}],"author":[{"embeddable":true,"href":"https:\/\/sindaopcpb.org.br\/index.php\/wp-json\/wp\/v2\/users\/123457"}],"replies":[{"embeddable":true,"href":"https:\/\/sindaopcpb.org.br\/index.php\/wp-json\/wp\/v2\/comments?post=63311"}],"version-history":[{"count":2,"href":"https:\/\/sindaopcpb.org.br\/index.php\/wp-json\/wp\/v2\/posts\/63311\/revisions"}],"predecessor-version":[{"id":63318,"href":"https:\/\/sindaopcpb.org.br\/index.php\/wp-json\/wp\/v2\/posts\/63311\/revisions\/63318"}],"wp:attachment":[{"href":"https:\/\/sindaopcpb.org.br\/index.php\/wp-json\/wp\/v2\/media?parent=63311"}],"wp:term":[{"taxonomy":"category","embeddable":true,"href":"https:\/\/sindaopcpb.org.br\/index.php\/wp-json\/wp\/v2\/categories?post=63311"},{"taxonomy":"post_tag","embeddable":true,"href":"https:\/\/sindaopcpb.org.br\/index.php\/wp-json\/wp\/v2\/tags?post=63311"}],"curies":[{"name":"wp","href":"https:\/\/api.w.org\/{rel}","templated":true}]}}