{"id":63309,"date":"2025-12-04T11:33:22","date_gmt":"2025-12-04T14:33:22","guid":{"rendered":"https:\/\/www.pbagora.com.br\/?p=929048"},"modified":"2025-12-04T13:33:22","modified_gmt":"2025-12-04T16:33:22","slug":"policia-deflagra-operacao-contra-organizacao-criminosa-no-vale-do-mamanguape","status":"publish","type":"post","link":"https:\/\/sindaopcpb.org.br\/index.php\/2025\/12\/04\/policia-deflagra-operacao-contra-organizacao-criminosa-no-vale-do-mamanguape\/","title":{"rendered":"Pol\u00edcia deflagra opera\u00e7\u00e3o contra organiza\u00e7\u00e3o criminosa no Vale do Mamanguape"},"content":{"rendered":"<p><img width=\"768\" height=\"432\" src=\"https:\/\/www.pbagora.com.br\/storage\/2025\/12\/image-14.png\" class=\"attachment-large size-large wp-post-image\" alt=\"\" style=\"margin-bottom: 20px;\" decoding=\"async\" srcset=\"https:\/\/www.pbagora.com.br\/storage\/2025\/12\/image-14.png 768w, https:\/\/www.pbagora.com.br\/storage\/2025\/12\/image-14-300x169.png 300w, https:\/\/www.pbagora.com.br\/storage\/2025\/12\/image-14-150x84.png 150w, https:\/\/www.pbagora.com.br\/storage\/2025\/12\/image-14-380x214.png 380w, https:\/\/www.pbagora.com.br\/storage\/2025\/12\/image-14-80x46.png 80w, https:\/\/www.pbagora.com.br\/storage\/2025\/12\/image-14-760x428.png 760w, https:\/\/www.pbagora.com.br\/storage\/2025\/12\/image-14-600x338.png 600w\" sizes=\"(max-width: 768px) 100vw, 768px\" \/><\/p>\n<p>Uma opera\u00e7\u00e3o conjunta da Pol\u00edcia Civil e da Pol\u00edcia Militar foi deflagrada nesta quinta-feira (04) na regi\u00e3o do Vale do Mamanguape, Litoral Norte da Para\u00edba, com o objetivo de desarticular uma organiza\u00e7\u00e3o criminosa envolvida em homic\u00eddios e tr\u00e1fico de drogas. A a\u00e7\u00e3o, denominada \u201cPagus\u201d, mobilizou equipes da 7\u00aa Delegacia Seccional e do 17\u00ba Batalh\u00e3o da PM.<\/p>\n\n\n\n<p>De acordo com o delegado seccional Sylvio Rabello, a opera\u00e7\u00e3o est\u00e1 cumprindo mandados de busca e pris\u00e3o nos munic\u00edpios de Mamanguape e Rio Tinto. As dilig\u00eancias t\u00eam como foco integrantes da fac\u00e7\u00e3o que atuava na regi\u00e3o, sendo apontada como respons\u00e1vel por diversos crimes violentos.<\/p>\n\n\n\n<p>Durante as a\u00e7\u00f5es, foram apreendidos uma arma calibre 12, drogas e muni\u00e7\u00f5es, refor\u00e7ando os ind\u00edcios da atua\u00e7\u00e3o criminosa do grupo. O material recolhido ser\u00e1 encaminhado para per\u00edcia e deve servir como prova nos processos investigativos.<\/p>\n\n\n\n<p><strong><em>PB Agora<\/em><\/strong><\/p>\n","protected":false},"excerpt":{"rendered":"<p><img loading=\"lazy\" decoding=\"async\" width=\"768\" height=\"432\" src=\"https:\/\/www.pbagora.com.br\/storage\/2025\/12\/image-14.png\" class=\"attachment-large size-large wp-post-image\" alt=\"\" srcset=\"https:\/\/www.pbagora.com.br\/storage\/2025\/12\/image-14.png 768w, https:\/\/www.pbagora.com.br\/storage\/2025\/12\/image-14-300x169.png 300w, https:\/\/www.pbagora.com.br\/storage\/2025\/12\/image-14-150x84.png 150w, https:\/\/www.pbagora.com.br\/storage\/2025\/12\/image-14-380x214.png 380w, https:\/\/www.pbagora.com.br\/storage\/2025\/12\/image-14-80x46.png 80w, https:\/\/www.pbagora.com.br\/storage\/2025\/12\/image-14-760x428.png 760w, https:\/\/www.pbagora.com.br\/storage\/2025\/12\/image-14-600x338.png 600w\" sizes=\"auto, (max-width: 768px) 100vw, 768px\"><\/p>\n<p>Uma opera\u00e7\u00e3o conjunta da Pol\u00edcia Civil e da Pol\u00edcia Militar foi deflagrada nesta quinta-feira (04) na regi\u00e3o do\u2026<\/p>\n","protected":false},"author":123457,"featured_media":0,"comment_status":"closed","ping_status":"closed","sticky":false,"template":"","format":"standard","meta":{"advgb_blocks_editor_width":"","advgb_blocks_columns_visual_guide":"","footnotes":""},"categories":[34],"tags":[35,10839,10848],"class_list":["post-63309","post","type-post","status-publish","format-standard","hentry","category-g1","tag-g1","tag-policial","tag-rodape-01"],"author_meta":{"display_name":"Reda\u00e7\u00e3o","author_link":"https:\/\/sindaopcpb.org.br\/author\/redacao\/"},"featured_img":null,"coauthors":[],"tax_additional":{"categories":{"linked":["<a href=\"https:\/\/sindaopcpb.org.br\/g1\/\" class=\"advgb-post-tax-term\">G1<\/a>"],"unlinked":["<span class=\"advgb-post-tax-term\">G1<\/span>"]},"tags":{"linked":["<a href=\"https:\/\/sindaopcpb.org.br\/g1\/\" class=\"advgb-post-tax-term\">g1<\/a>","<a href=\"https:\/\/sindaopcpb.org.br\/g1\/\" class=\"advgb-post-tax-term\">Policial<\/a>","<a href=\"https:\/\/sindaopcpb.org.br\/g1\/\" class=\"advgb-post-tax-term\">Rodape 01<\/a>"],"unlinked":["<span class=\"advgb-post-tax-term\">g1<\/span>","<span class=\"advgb-post-tax-term\">Policial<\/span>","<span class=\"advgb-post-tax-term\">Rodape 01<\/span>"]}},"comment_count":"0","relative_dates":{"created":"Publicado 5 meses atr\u00e1s","modified":"Atualizado 5 meses atr\u00e1s"},"absolute_dates":{"created":"Publicado em 4 de dezembro de 2025","modified":"Atualizado em 4 de dezembro de 2025"},"absolute_dates_time":{"created":"Publicado em 4 de dezembro de 2025 11:33","modified":"Atualizado em 4 de dezembro de 2025 13:33"},"featured_img_caption":"","series_order":"","_links":{"self":[{"href":"https:\/\/sindaopcpb.org.br\/index.php\/wp-json\/wp\/v2\/posts\/63309","targetHints":{"allow":["GET"]}}],"collection":[{"href":"https:\/\/sindaopcpb.org.br\/index.php\/wp-json\/wp\/v2\/posts"}],"about":[{"href":"https:\/\/sindaopcpb.org.br\/index.php\/wp-json\/wp\/v2\/types\/post"}],"author":[{"embeddable":true,"href":"https:\/\/sindaopcpb.org.br\/index.php\/wp-json\/wp\/v2\/users\/123457"}],"replies":[{"embeddable":true,"href":"https:\/\/sindaopcpb.org.br\/index.php\/wp-json\/wp\/v2\/comments?post=63309"}],"version-history":[{"count":3,"href":"https:\/\/sindaopcpb.org.br\/index.php\/wp-json\/wp\/v2\/posts\/63309\/revisions"}],"predecessor-version":[{"id":63325,"href":"https:\/\/sindaopcpb.org.br\/index.php\/wp-json\/wp\/v2\/posts\/63309\/revisions\/63325"}],"wp:attachment":[{"href":"https:\/\/sindaopcpb.org.br\/index.php\/wp-json\/wp\/v2\/media?parent=63309"}],"wp:term":[{"taxonomy":"category","embeddable":true,"href":"https:\/\/sindaopcpb.org.br\/index.php\/wp-json\/wp\/v2\/categories?post=63309"},{"taxonomy":"post_tag","embeddable":true,"href":"https:\/\/sindaopcpb.org.br\/index.php\/wp-json\/wp\/v2\/tags?post=63309"}],"curies":[{"name":"wp","href":"https:\/\/api.w.org\/{rel}","templated":true}]}}