{"id":63305,"date":"2025-12-04T09:17:06","date_gmt":"2025-12-04T12:17:06","guid":{"rendered":"https:\/\/www.pbagora.com.br\/?p=929020"},"modified":"2025-12-04T09:17:06","modified_gmt":"2025-12-04T12:17:06","slug":"policia-investiga-assassinato-de-jovem-a-tiros-em-praca-de-bayeux","status":"publish","type":"post","link":"https:\/\/sindaopcpb.org.br\/index.php\/2025\/12\/04\/policia-investiga-assassinato-de-jovem-a-tiros-em-praca-de-bayeux\/","title":{"rendered":"Pol\u00edcia investiga assassinato de jovem a tiros em pra\u00e7a de Bayeux"},"content":{"rendered":"<p><img width=\"984\" height=\"444\" src=\"https:\/\/www.pbagora.com.br\/storage\/2025\/12\/POLIC.avif\" class=\"attachment-large size-large wp-post-image\" alt=\"\" style=\"margin-bottom: 20px;\" decoding=\"async\" loading=\"lazy\" srcset=\"https:\/\/www.pbagora.com.br\/storage\/2025\/12\/POLIC.avif 984w, https:\/\/www.pbagora.com.br\/storage\/2025\/12\/POLIC-300x135.avif 300w, https:\/\/www.pbagora.com.br\/storage\/2025\/12\/POLIC-150x68.avif 150w, https:\/\/www.pbagora.com.br\/storage\/2025\/12\/POLIC-768x347.avif 768w, https:\/\/www.pbagora.com.br\/storage\/2025\/12\/POLIC-380x171.avif 380w, https:\/\/www.pbagora.com.br\/storage\/2025\/12\/POLIC-800x361.avif 800w, https:\/\/www.pbagora.com.br\/storage\/2025\/12\/POLIC-80x36.avif 80w, https:\/\/www.pbagora.com.br\/storage\/2025\/12\/POLIC-760x343.avif 760w, https:\/\/www.pbagora.com.br\/storage\/2025\/12\/POLIC-600x271.avif 600w\" sizes=\"auto, (max-width: 984px) 100vw, 984px\" \/><\/p>\n<p><\/p>\n\n\n\n<p>A Pol\u00edcia Civil investiga o assassinato de um &nbsp;jovem de 20 anos que foi morto a tiros no fim da tarde desta quarta-feira (3), em uma pra\u00e7a do bairro S\u00e3o Bento, no munic\u00edpio de Bayeux, na Grande Jo\u00e3o Pessoa.<\/p>\n\n\n\n<p>Segundo informou \u00e0 pol\u00edcia com fase em depoimento de familiares, a v\u00edtima indentificado como sendo&nbsp;Caio Ramon, havia sa\u00eddo de casa para levar uma crian\u00e7a para brincar na pra\u00e7a, quando o crime aconteceu. Segundo os parentes, ele n\u00e3o tem envolvimento com a criminalidade.<\/p>\n\n\n\n<p>A per\u00edcia esteve no local e identificou que a v\u00edtima foi atingida por tr\u00eas disparos de arma de fogo nas regi\u00f5es das costas e dos bra\u00e7os. Ningu\u00e9m foi preso at\u00e9 o momento.<\/p>\n\n\n\n<p><em><strong>Reda\u00e7\u00e3o<\/strong><\/em><\/p>\n","protected":false},"excerpt":{"rendered":"<p><img loading=\"lazy\" decoding=\"async\" width=\"984\" height=\"444\" src=\"https:\/\/www.pbagora.com.br\/storage\/2025\/12\/POLIC.avif\" class=\"attachment-large size-large wp-post-image\" alt=\"\" srcset=\"https:\/\/www.pbagora.com.br\/storage\/2025\/12\/POLIC.avif 984w, https:\/\/www.pbagora.com.br\/storage\/2025\/12\/POLIC-300x135.avif 300w, https:\/\/www.pbagora.com.br\/storage\/2025\/12\/POLIC-150x68.avif 150w, https:\/\/www.pbagora.com.br\/storage\/2025\/12\/POLIC-768x347.avif 768w, https:\/\/www.pbagora.com.br\/storage\/2025\/12\/POLIC-380x171.avif 380w, https:\/\/www.pbagora.com.br\/storage\/2025\/12\/POLIC-800x361.avif 800w, https:\/\/www.pbagora.com.br\/storage\/2025\/12\/POLIC-80x36.avif 80w, https:\/\/www.pbagora.com.br\/storage\/2025\/12\/POLIC-760x343.avif 760w, https:\/\/www.pbagora.com.br\/storage\/2025\/12\/POLIC-600x271.avif 600w\" sizes=\"auto, (max-width: 984px) 100vw, 984px\"><\/p>\n<p>A Pol\u00edcia Civil investiga o assassinato de um \u00a0jovem de 20 anos que foi morto a tiros no\u2026<\/p>\n","protected":false},"author":123457,"featured_media":0,"comment_status":"closed","ping_status":"closed","sticky":false,"template":"","format":"standard","meta":{"advgb_blocks_editor_width":"","advgb_blocks_columns_visual_guide":"","footnotes":""},"categories":[34],"tags":[10840,35,10839],"class_list":["post-63305","post","type-post","status-publish","format-standard","hentry","category-g1","tag-destaque-centro-03","tag-g1","tag-policial"],"author_meta":{"display_name":"Reda\u00e7\u00e3o","author_link":"https:\/\/sindaopcpb.org.br\/author\/redacao\/"},"featured_img":null,"coauthors":[],"tax_additional":{"categories":{"linked":["<a href=\"https:\/\/sindaopcpb.org.br\/g1\/\" class=\"advgb-post-tax-term\">G1<\/a>"],"unlinked":["<span class=\"advgb-post-tax-term\">G1<\/span>"]},"tags":{"linked":["<a href=\"https:\/\/sindaopcpb.org.br\/g1\/\" class=\"advgb-post-tax-term\">Destaque Centro 03<\/a>","<a href=\"https:\/\/sindaopcpb.org.br\/g1\/\" class=\"advgb-post-tax-term\">g1<\/a>","<a href=\"https:\/\/sindaopcpb.org.br\/g1\/\" class=\"advgb-post-tax-term\">Policial<\/a>"],"unlinked":["<span class=\"advgb-post-tax-term\">Destaque Centro 03<\/span>","<span class=\"advgb-post-tax-term\">g1<\/span>","<span class=\"advgb-post-tax-term\">Policial<\/span>"]}},"comment_count":"0","relative_dates":{"created":"Publicado 5 meses atr\u00e1s","modified":"Atualizado 5 meses atr\u00e1s"},"absolute_dates":{"created":"Publicado em 4 de dezembro de 2025","modified":"Atualizado em 4 de dezembro de 2025"},"absolute_dates_time":{"created":"Publicado em 4 de dezembro de 2025 09:17","modified":"Atualizado em 4 de dezembro de 2025 09:17"},"featured_img_caption":"","series_order":"","_links":{"self":[{"href":"https:\/\/sindaopcpb.org.br\/index.php\/wp-json\/wp\/v2\/posts\/63305","targetHints":{"allow":["GET"]}}],"collection":[{"href":"https:\/\/sindaopcpb.org.br\/index.php\/wp-json\/wp\/v2\/posts"}],"about":[{"href":"https:\/\/sindaopcpb.org.br\/index.php\/wp-json\/wp\/v2\/types\/post"}],"author":[{"embeddable":true,"href":"https:\/\/sindaopcpb.org.br\/index.php\/wp-json\/wp\/v2\/users\/123457"}],"replies":[{"embeddable":true,"href":"https:\/\/sindaopcpb.org.br\/index.php\/wp-json\/wp\/v2\/comments?post=63305"}],"version-history":[{"count":2,"href":"https:\/\/sindaopcpb.org.br\/index.php\/wp-json\/wp\/v2\/posts\/63305\/revisions"}],"predecessor-version":[{"id":63314,"href":"https:\/\/sindaopcpb.org.br\/index.php\/wp-json\/wp\/v2\/posts\/63305\/revisions\/63314"}],"wp:attachment":[{"href":"https:\/\/sindaopcpb.org.br\/index.php\/wp-json\/wp\/v2\/media?parent=63305"}],"wp:term":[{"taxonomy":"category","embeddable":true,"href":"https:\/\/sindaopcpb.org.br\/index.php\/wp-json\/wp\/v2\/categories?post=63305"},{"taxonomy":"post_tag","embeddable":true,"href":"https:\/\/sindaopcpb.org.br\/index.php\/wp-json\/wp\/v2\/tags?post=63305"}],"curies":[{"name":"wp","href":"https:\/\/api.w.org\/{rel}","templated":true}]}}