{"id":63285,"date":"2025-12-03T13:45:28","date_gmt":"2025-12-03T16:45:28","guid":{"rendered":"https:\/\/www.pbagora.com.br\/?p=928902"},"modified":"2025-12-03T13:45:28","modified_gmt":"2025-12-03T16:45:28","slug":"policia-instaura-inquerito-para-apurar-empurrao-que-deixou-homem-em-estado-grave-em-itaporanga","status":"publish","type":"post","link":"https:\/\/sindaopcpb.org.br\/index.php\/2025\/12\/03\/policia-instaura-inquerito-para-apurar-empurrao-que-deixou-homem-em-estado-grave-em-itaporanga\/","title":{"rendered":"Pol\u00edcia instaura inqu\u00e9rito para apurar empurr\u00e3o que deixou homem em estado grave em Itaporanga"},"content":{"rendered":"<p><img width=\"1024\" height=\"651\" src=\"https:\/\/www.pbagora.com.br\/storage\/2025\/12\/image-11-1024x651.png\" class=\"attachment-large size-large wp-post-image\" alt=\"\" style=\"margin-bottom: 20px;\" decoding=\"async\" srcset=\"https:\/\/www.pbagora.com.br\/storage\/2025\/12\/image-11-1024x651.png 1024w, https:\/\/www.pbagora.com.br\/storage\/2025\/12\/image-11-300x191.png 300w, https:\/\/www.pbagora.com.br\/storage\/2025\/12\/image-11-150x95.png 150w, https:\/\/www.pbagora.com.br\/storage\/2025\/12\/image-11-768x488.png 768w, https:\/\/www.pbagora.com.br\/storage\/2025\/12\/image-11-380x242.png 380w, https:\/\/www.pbagora.com.br\/storage\/2025\/12\/image-11-800x509.png 800w, https:\/\/www.pbagora.com.br\/storage\/2025\/12\/image-11-80x50.png 80w, https:\/\/www.pbagora.com.br\/storage\/2025\/12\/image-11-760x483.png 760w, https:\/\/www.pbagora.com.br\/storage\/2025\/12\/image-11-600x381.png 600w, https:\/\/www.pbagora.com.br\/storage\/2025\/12\/image-11.png 1117w\" sizes=\"(max-width: 1024px) 100vw, 1024px\" \/><\/p>\n<p>A Delegacia Seccional de Itaporanga instaurou inqu\u00e9rito para investigar um caso de agress\u00e3o ocorrido na \u00faltima sexta-feira (28), em um bar da cidade, que terminou com um homem internado em estado grave. O epis\u00f3dio foi registrado por c\u00e2meras de seguran\u00e7a.<\/p>\n\n\n\n<p>De acordo com o delegado o autor do empurr\u00e3o, um jovem de 23 anos, compareceu \u00e0 delegacia acompanhado de advogado e foi interrogado. A v\u00edtima foi identificada como C\u00edcero Jorge Pereira da Silva, de 49 anos.<\/p>\n\n\n\n<p>As imagens mostram o momento em que o jovem desfere um empurr\u00e3o contra C\u00edcero Jorge, que cai no ch\u00e3o e bate com a cabe\u00e7a. O inqu\u00e9rito dever\u00e1 ser conclu\u00eddo em at\u00e9 30 dias, prazo em que a Pol\u00edcia Civil decidir\u00e1 o enquadramento legal da conduta.<\/p>\n\n\n\n<p>Ap\u00f3s o empurr\u00e3o e a queda, C\u00edcero Jorge foi socorrido por uma equipe do Servi\u00e7o de Atendimento M\u00f3vel de Urg\u00eancia (Samu) e encaminhado ao Hospital de Emerg\u00eancia e Trauma Dom Luiz Gonzaga Fernandes, em Campina Grande. Segundo boletim da unidade hospitalar, ele passou por procedimentos m\u00e9dicos de emerg\u00eancia e permanece internado na Unidade de Terapia Intensiva (UTI), em estado grave.<\/p>\n\n\n\n<p><strong><em>PB Agora<\/em><\/strong><\/p>\n","protected":false},"excerpt":{"rendered":"<p><img loading=\"lazy\" decoding=\"async\" width=\"1024\" height=\"651\" src=\"https:\/\/www.pbagora.com.br\/storage\/2025\/12\/image-11-1024x651.png\" class=\"attachment-large size-large wp-post-image\" alt=\"\" srcset=\"https:\/\/www.pbagora.com.br\/storage\/2025\/12\/image-11-1024x651.png 1024w, https:\/\/www.pbagora.com.br\/storage\/2025\/12\/image-11-300x191.png 300w, https:\/\/www.pbagora.com.br\/storage\/2025\/12\/image-11-150x95.png 150w, https:\/\/www.pbagora.com.br\/storage\/2025\/12\/image-11-768x488.png 768w, https:\/\/www.pbagora.com.br\/storage\/2025\/12\/image-11-380x242.png 380w, https:\/\/www.pbagora.com.br\/storage\/2025\/12\/image-11-800x509.png 800w, https:\/\/www.pbagora.com.br\/storage\/2025\/12\/image-11-80x50.png 80w, https:\/\/www.pbagora.com.br\/storage\/2025\/12\/image-11-760x483.png 760w, https:\/\/www.pbagora.com.br\/storage\/2025\/12\/image-11-600x381.png 600w, https:\/\/www.pbagora.com.br\/storage\/2025\/12\/image-11.png 1117w\" sizes=\"auto, (max-width: 1024px) 100vw, 1024px\"><\/p>\n<p>A Delegacia Seccional de Itaporanga instaurou inqu\u00e9rito para investigar um caso de agress\u00e3o ocorrido na \u00faltima sexta-feira (28),\u2026<\/p>\n","protected":false},"author":123457,"featured_media":0,"comment_status":"closed","ping_status":"closed","sticky":false,"template":"","format":"standard","meta":{"advgb_blocks_editor_width":"","advgb_blocks_columns_visual_guide":"","footnotes":""},"categories":[34],"tags":[10840,35,10839],"class_list":["post-63285","post","type-post","status-publish","format-standard","hentry","category-g1","tag-destaque-centro-03","tag-g1","tag-policial"],"author_meta":{"display_name":"Reda\u00e7\u00e3o","author_link":"https:\/\/sindaopcpb.org.br\/author\/redacao\/"},"featured_img":null,"coauthors":[],"tax_additional":{"categories":{"linked":["<a href=\"https:\/\/sindaopcpb.org.br\/g1\/\" class=\"advgb-post-tax-term\">G1<\/a>"],"unlinked":["<span class=\"advgb-post-tax-term\">G1<\/span>"]},"tags":{"linked":["<a href=\"https:\/\/sindaopcpb.org.br\/g1\/\" class=\"advgb-post-tax-term\">Destaque Centro 03<\/a>","<a href=\"https:\/\/sindaopcpb.org.br\/g1\/\" class=\"advgb-post-tax-term\">g1<\/a>","<a href=\"https:\/\/sindaopcpb.org.br\/g1\/\" class=\"advgb-post-tax-term\">Policial<\/a>"],"unlinked":["<span class=\"advgb-post-tax-term\">Destaque Centro 03<\/span>","<span class=\"advgb-post-tax-term\">g1<\/span>","<span class=\"advgb-post-tax-term\">Policial<\/span>"]}},"comment_count":"0","relative_dates":{"created":"Publicado 5 meses atr\u00e1s","modified":"Atualizado 5 meses atr\u00e1s"},"absolute_dates":{"created":"Publicado em 3 de dezembro de 2025","modified":"Atualizado em 3 de dezembro de 2025"},"absolute_dates_time":{"created":"Publicado em 3 de dezembro de 2025 13:45","modified":"Atualizado em 3 de dezembro de 2025 13:45"},"featured_img_caption":"","series_order":"","_links":{"self":[{"href":"https:\/\/sindaopcpb.org.br\/index.php\/wp-json\/wp\/v2\/posts\/63285","targetHints":{"allow":["GET"]}}],"collection":[{"href":"https:\/\/sindaopcpb.org.br\/index.php\/wp-json\/wp\/v2\/posts"}],"about":[{"href":"https:\/\/sindaopcpb.org.br\/index.php\/wp-json\/wp\/v2\/types\/post"}],"author":[{"embeddable":true,"href":"https:\/\/sindaopcpb.org.br\/index.php\/wp-json\/wp\/v2\/users\/123457"}],"replies":[{"embeddable":true,"href":"https:\/\/sindaopcpb.org.br\/index.php\/wp-json\/wp\/v2\/comments?post=63285"}],"version-history":[{"count":3,"href":"https:\/\/sindaopcpb.org.br\/index.php\/wp-json\/wp\/v2\/posts\/63285\/revisions"}],"predecessor-version":[{"id":63298,"href":"https:\/\/sindaopcpb.org.br\/index.php\/wp-json\/wp\/v2\/posts\/63285\/revisions\/63298"}],"wp:attachment":[{"href":"https:\/\/sindaopcpb.org.br\/index.php\/wp-json\/wp\/v2\/media?parent=63285"}],"wp:term":[{"taxonomy":"category","embeddable":true,"href":"https:\/\/sindaopcpb.org.br\/index.php\/wp-json\/wp\/v2\/categories?post=63285"},{"taxonomy":"post_tag","embeddable":true,"href":"https:\/\/sindaopcpb.org.br\/index.php\/wp-json\/wp\/v2\/tags?post=63285"}],"curies":[{"name":"wp","href":"https:\/\/api.w.org\/{rel}","templated":true}]}}