{"id":63273,"date":"2025-12-03T08:34:37","date_gmt":"2025-12-03T11:34:37","guid":{"rendered":"https:\/\/www.pbagora.com.br\/?p=928811"},"modified":"2025-12-03T10:34:37","modified_gmt":"2025-12-03T13:34:37","slug":"operacao-desarticula-grupo-criminoso-e-prende-traficantes-em-patos-e-joao-pessoa","status":"publish","type":"post","link":"https:\/\/sindaopcpb.org.br\/index.php\/2025\/12\/03\/operacao-desarticula-grupo-criminoso-e-prende-traficantes-em-patos-e-joao-pessoa\/","title":{"rendered":"Opera\u00e7\u00e3o desarticula grupo criminoso e prende traficantes em Patos e Jo\u00e3o Pessoa"},"content":{"rendered":"<p><img width=\"768\" height=\"512\" src=\"https:\/\/www.pbagora.com.br\/storage\/2025\/12\/image-1.png\" class=\"attachment-large size-large wp-post-image\" alt=\"\" style=\"margin-bottom: 20px;\" decoding=\"async\" srcset=\"https:\/\/www.pbagora.com.br\/storage\/2025\/12\/image-1.png 768w, https:\/\/www.pbagora.com.br\/storage\/2025\/12\/image-1-300x200.png 300w, https:\/\/www.pbagora.com.br\/storage\/2025\/12\/image-1-150x100.png 150w, https:\/\/www.pbagora.com.br\/storage\/2025\/12\/image-1-380x253.png 380w, https:\/\/www.pbagora.com.br\/storage\/2025\/12\/image-1-80x53.png 80w, https:\/\/www.pbagora.com.br\/storage\/2025\/12\/image-1-760x507.png 760w, https:\/\/www.pbagora.com.br\/storage\/2025\/12\/image-1-600x400.png 600w\" sizes=\"(max-width: 768px) 100vw, 768px\" \/><\/p>\n<p>A Pol\u00edcia Civil da Para\u00edba, por meio da Delegacia de Repress\u00e3o ao Crime Organizado (DRACO), com apoio da DESARME, GOE, GOC, DRE, DRF de Patos e assessoramento da UNINTELPOL, deflagrou na manh\u00e3 desta quarta-feira (03) a Opera\u00e7\u00e3o Reiteratio, voltada ao combate ao tr\u00e1fico de drogas no Sert\u00e3o paraibano, especialmente na cidade de Patos.<\/p>\n\n\n\n<p>Segundo informa\u00e7\u00f5es da corpora\u00e7\u00e3o, a a\u00e7\u00e3o teve como objetivo desarticular um grupo criminoso que vinha atuando na regi\u00e3o. A investiga\u00e7\u00e3o come\u00e7ou em abril deste ano, ap\u00f3s a pris\u00e3o em flagrante de um conhecido traficante de Patos, detido por tr\u00e1fico de drogas e posse ilegal de arma de fogo de uso permitido. A partir desse epis\u00f3dio, os investigadores passaram a monitorar os demais integrantes da organiza\u00e7\u00e3o, que assumiram o controle do com\u00e9rcio de entorpecentes no Sert\u00e3o.<\/p>\n\n\n\n<p>Com o trabalho de intelig\u00eancia e coleta de provas, foi poss\u00edvel identificar e individualizar as condutas dos membros do grupo, o que resultou na expedi\u00e7\u00e3o de seis mandados de pris\u00e3o preventiva e oito mandados de busca e apreens\u00e3o pelos crimes de tr\u00e1fico de drogas e associa\u00e7\u00e3o para o tr\u00e1fico.<\/p>\n\n\n\n<p>Os mandados foram cumpridos nas cidades de Jo\u00e3o Pessoa e Patos, resultando ainda em cinco pris\u00f5es em flagrante, al\u00e9m da apreens\u00e3o de aproximadamente 60 kg entre maconha, coca\u00edna e crack, dinheiro e objetos utilizados no com\u00e9rcio il\u00edcito.<\/p>\n\n\n\n<p>Ap\u00f3s as formalidades legais, os presos foram encaminhados ao Instituto de Pol\u00edcia Cient\u00edfica (IPC) e, em seguida, ao sistema prisional.<\/p>\n\n\n\n<p><strong><em>PB Agora<\/em><\/strong><\/p>\n","protected":false},"excerpt":{"rendered":"<p><img loading=\"lazy\" decoding=\"async\" width=\"768\" height=\"512\" src=\"https:\/\/www.pbagora.com.br\/storage\/2025\/12\/image-1.png\" class=\"attachment-large size-large wp-post-image\" alt=\"\" srcset=\"https:\/\/www.pbagora.com.br\/storage\/2025\/12\/image-1.png 768w, https:\/\/www.pbagora.com.br\/storage\/2025\/12\/image-1-300x200.png 300w, https:\/\/www.pbagora.com.br\/storage\/2025\/12\/image-1-150x100.png 150w, https:\/\/www.pbagora.com.br\/storage\/2025\/12\/image-1-380x253.png 380w, https:\/\/www.pbagora.com.br\/storage\/2025\/12\/image-1-80x53.png 80w, https:\/\/www.pbagora.com.br\/storage\/2025\/12\/image-1-760x507.png 760w, https:\/\/www.pbagora.com.br\/storage\/2025\/12\/image-1-600x400.png 600w\" sizes=\"auto, (max-width: 768px) 100vw, 768px\"><\/p>\n<p>A Pol\u00edcia Civil da Para\u00edba, por meio da Delegacia de Repress\u00e3o ao Crime Organizado (DRACO), com apoio da\u2026<\/p>\n","protected":false},"author":123457,"featured_media":0,"comment_status":"closed","ping_status":"closed","sticky":false,"template":"","format":"standard","meta":{"advgb_blocks_editor_width":"","advgb_blocks_columns_visual_guide":"","footnotes":""},"categories":[34],"tags":[35,10839,10848],"class_list":["post-63273","post","type-post","status-publish","format-standard","hentry","category-g1","tag-g1","tag-policial","tag-rodape-01"],"author_meta":{"display_name":"Reda\u00e7\u00e3o","author_link":"https:\/\/sindaopcpb.org.br\/author\/redacao\/"},"featured_img":null,"coauthors":[],"tax_additional":{"categories":{"linked":["<a href=\"https:\/\/sindaopcpb.org.br\/g1\/\" class=\"advgb-post-tax-term\">G1<\/a>"],"unlinked":["<span class=\"advgb-post-tax-term\">G1<\/span>"]},"tags":{"linked":["<a href=\"https:\/\/sindaopcpb.org.br\/g1\/\" class=\"advgb-post-tax-term\">g1<\/a>","<a href=\"https:\/\/sindaopcpb.org.br\/g1\/\" class=\"advgb-post-tax-term\">Policial<\/a>","<a href=\"https:\/\/sindaopcpb.org.br\/g1\/\" class=\"advgb-post-tax-term\">Rodape 01<\/a>"],"unlinked":["<span class=\"advgb-post-tax-term\">g1<\/span>","<span class=\"advgb-post-tax-term\">Policial<\/span>","<span class=\"advgb-post-tax-term\">Rodape 01<\/span>"]}},"comment_count":"0","relative_dates":{"created":"Publicado 5 meses atr\u00e1s","modified":"Atualizado 5 meses atr\u00e1s"},"absolute_dates":{"created":"Publicado em 3 de dezembro de 2025","modified":"Atualizado em 3 de dezembro de 2025"},"absolute_dates_time":{"created":"Publicado em 3 de dezembro de 2025 08:34","modified":"Atualizado em 3 de dezembro de 2025 10:34"},"featured_img_caption":"","series_order":"","_links":{"self":[{"href":"https:\/\/sindaopcpb.org.br\/index.php\/wp-json\/wp\/v2\/posts\/63273","targetHints":{"allow":["GET"]}}],"collection":[{"href":"https:\/\/sindaopcpb.org.br\/index.php\/wp-json\/wp\/v2\/posts"}],"about":[{"href":"https:\/\/sindaopcpb.org.br\/index.php\/wp-json\/wp\/v2\/types\/post"}],"author":[{"embeddable":true,"href":"https:\/\/sindaopcpb.org.br\/index.php\/wp-json\/wp\/v2\/users\/123457"}],"replies":[{"embeddable":true,"href":"https:\/\/sindaopcpb.org.br\/index.php\/wp-json\/wp\/v2\/comments?post=63273"}],"version-history":[{"count":3,"href":"https:\/\/sindaopcpb.org.br\/index.php\/wp-json\/wp\/v2\/posts\/63273\/revisions"}],"predecessor-version":[{"id":63284,"href":"https:\/\/sindaopcpb.org.br\/index.php\/wp-json\/wp\/v2\/posts\/63273\/revisions\/63284"}],"wp:attachment":[{"href":"https:\/\/sindaopcpb.org.br\/index.php\/wp-json\/wp\/v2\/media?parent=63273"}],"wp:term":[{"taxonomy":"category","embeddable":true,"href":"https:\/\/sindaopcpb.org.br\/index.php\/wp-json\/wp\/v2\/categories?post=63273"},{"taxonomy":"post_tag","embeddable":true,"href":"https:\/\/sindaopcpb.org.br\/index.php\/wp-json\/wp\/v2\/tags?post=63273"}],"curies":[{"name":"wp","href":"https:\/\/api.w.org\/{rel}","templated":true}]}}