{"id":63271,"date":"2025-12-03T09:06:20","date_gmt":"2025-12-03T12:06:20","guid":{"rendered":"https:\/\/www.pbagora.com.br\/?p=928818"},"modified":"2025-12-03T12:06:20","modified_gmt":"2025-12-03T15:06:20","slug":"jovem-morto-em-acidente-em-jp-era-irmao-de-vitima-baleada-por-policial-e-chegou-a-ser-preso-em-protesto","status":"publish","type":"post","link":"https:\/\/sindaopcpb.org.br\/index.php\/2025\/12\/03\/jovem-morto-em-acidente-em-jp-era-irmao-de-vitima-baleada-por-policial-e-chegou-a-ser-preso-em-protesto\/","title":{"rendered":"Jovem morto em acidente em JP era irm\u00e3o de v\u00edtima baleada por policial e chegou a ser preso em protesto"},"content":{"rendered":"<p><img width=\"768\" height=\"431\" src=\"https:\/\/www.pbagora.com.br\/storage\/2025\/12\/image-2.png\" class=\"attachment-large size-large wp-post-image\" alt=\"\" style=\"margin-bottom: 20px;\" decoding=\"async\" loading=\"lazy\" srcset=\"https:\/\/www.pbagora.com.br\/storage\/2025\/12\/image-2.png 768w, https:\/\/www.pbagora.com.br\/storage\/2025\/12\/image-2-300x168.png 300w, https:\/\/www.pbagora.com.br\/storage\/2025\/12\/image-2-150x84.png 150w, https:\/\/www.pbagora.com.br\/storage\/2025\/12\/image-2-380x213.png 380w, https:\/\/www.pbagora.com.br\/storage\/2025\/12\/image-2-80x46.png 80w, https:\/\/www.pbagora.com.br\/storage\/2025\/12\/image-2-760x427.png 760w, https:\/\/www.pbagora.com.br\/storage\/2025\/12\/image-2-600x337.png 600w\" sizes=\"auto, (max-width: 768px) 100vw, 768px\" \/><\/p>\n<p>O motociclista que morreu ap\u00f3s colidir com um poste no Bairro das Ind\u00fastrias, na noite dessa ter\u00e7a-feira (02), foi identificado como Alexandre Carneiro, de 19 anos. De acordo com as informa\u00e7\u00f5es, Alexandre era irm\u00e3o de Gabriel Carneiro, jovem de 22 anos baleado por uma arma de grosso calibre durante uma a\u00e7\u00e3o policial em Cruz das Armas, no m\u00eas de novembro.<\/p>\n\n\n\n<p>Durante manifesta\u00e7\u00f5es que buscavam chamar aten\u00e7\u00e3o das autoridades para o caso do irm\u00e3o baleado, Alexandre chegou a ser preso pela Pol\u00edcia Militar. Na ocasi\u00e3o, foi flagrado desferindo uma \u201cvoadora\u201d nas costas de um idoso que passava pelo protesto.<\/p>\n\n\n\n<p><br>De acordo com informa\u00e7\u00f5es, Alexandre sofreu um grave traumatismo cranioencef\u00e1lico ap\u00f3s ser atingido por um caminh\u00e3o, perder o controle da moto, subir no canteiro e colidir contra um poste. O jovem estava indo visitar a filha quando ocorreu o acidente.<\/p>\n\n\n\n<p>Gabriel, o irm\u00e3o baleado em novembro, segue em recupera\u00e7\u00e3o.<\/p>\n\n\n\n<p><strong><em>PB Agora<\/em><\/strong><\/p>\n","protected":false},"excerpt":{"rendered":"<p><img decoding=\"async\" width=\"768\" height=\"431\" src=\"https:\/\/www.pbagora.com.br\/storage\/2025\/12\/image-2.png\" class=\"attachment-large size-large wp-post-image\" alt=\"\" loading=\"lazy\" srcset=\"https:\/\/www.pbagora.com.br\/storage\/2025\/12\/image-2.png 768w, https:\/\/www.pbagora.com.br\/storage\/2025\/12\/image-2-300x168.png 300w, https:\/\/www.pbagora.com.br\/storage\/2025\/12\/image-2-150x84.png 150w, https:\/\/www.pbagora.com.br\/storage\/2025\/12\/image-2-380x213.png 380w, https:\/\/www.pbagora.com.br\/storage\/2025\/12\/image-2-80x46.png 80w, https:\/\/www.pbagora.com.br\/storage\/2025\/12\/image-2-760x427.png 760w, https:\/\/www.pbagora.com.br\/storage\/2025\/12\/image-2-600x337.png 600w\" sizes=\"auto, (max-width: 768px) 100vw, 768px\"><\/p>\n<p>O motociclista que morreu ap\u00f3s colidir com um poste no Bairro das Ind\u00fastrias, na noite dessa ter\u00e7a-feira (02),\u2026<\/p>\n","protected":false},"author":123457,"featured_media":0,"comment_status":"closed","ping_status":"closed","sticky":false,"template":"","format":"standard","meta":{"advgb_blocks_editor_width":"","advgb_blocks_columns_visual_guide":"","footnotes":""},"categories":[34],"tags":[35,10839,10847],"class_list":["post-63271","post","type-post","status-publish","format-standard","hentry","category-g1","tag-g1","tag-policial","tag-rodape-03"],"author_meta":{"display_name":"Reda\u00e7\u00e3o","author_link":"https:\/\/sindaopcpb.org.br\/author\/redacao\/"},"featured_img":null,"coauthors":[],"tax_additional":{"categories":{"linked":["<a href=\"https:\/\/sindaopcpb.org.br\/g1\/\" class=\"advgb-post-tax-term\">G1<\/a>"],"unlinked":["<span class=\"advgb-post-tax-term\">G1<\/span>"]},"tags":{"linked":["<a href=\"https:\/\/sindaopcpb.org.br\/g1\/\" class=\"advgb-post-tax-term\">g1<\/a>","<a href=\"https:\/\/sindaopcpb.org.br\/g1\/\" class=\"advgb-post-tax-term\">Policial<\/a>","<a href=\"https:\/\/sindaopcpb.org.br\/g1\/\" class=\"advgb-post-tax-term\">Rodape 03<\/a>"],"unlinked":["<span class=\"advgb-post-tax-term\">g1<\/span>","<span class=\"advgb-post-tax-term\">Policial<\/span>","<span class=\"advgb-post-tax-term\">Rodape 03<\/span>"]}},"comment_count":"0","relative_dates":{"created":"Publicado 5 meses atr\u00e1s","modified":"Atualizado 5 meses atr\u00e1s"},"absolute_dates":{"created":"Publicado em 3 de dezembro de 2025","modified":"Atualizado em 3 de dezembro de 2025"},"absolute_dates_time":{"created":"Publicado em 3 de dezembro de 2025 09:06","modified":"Atualizado em 3 de dezembro de 2025 12:06"},"featured_img_caption":"","series_order":"","_links":{"self":[{"href":"https:\/\/sindaopcpb.org.br\/index.php\/wp-json\/wp\/v2\/posts\/63271","targetHints":{"allow":["GET"]}}],"collection":[{"href":"https:\/\/sindaopcpb.org.br\/index.php\/wp-json\/wp\/v2\/posts"}],"about":[{"href":"https:\/\/sindaopcpb.org.br\/index.php\/wp-json\/wp\/v2\/types\/post"}],"author":[{"embeddable":true,"href":"https:\/\/sindaopcpb.org.br\/index.php\/wp-json\/wp\/v2\/users\/123457"}],"replies":[{"embeddable":true,"href":"https:\/\/sindaopcpb.org.br\/index.php\/wp-json\/wp\/v2\/comments?post=63271"}],"version-history":[{"count":3,"href":"https:\/\/sindaopcpb.org.br\/index.php\/wp-json\/wp\/v2\/posts\/63271\/revisions"}],"predecessor-version":[{"id":63283,"href":"https:\/\/sindaopcpb.org.br\/index.php\/wp-json\/wp\/v2\/posts\/63271\/revisions\/63283"}],"wp:attachment":[{"href":"https:\/\/sindaopcpb.org.br\/index.php\/wp-json\/wp\/v2\/media?parent=63271"}],"wp:term":[{"taxonomy":"category","embeddable":true,"href":"https:\/\/sindaopcpb.org.br\/index.php\/wp-json\/wp\/v2\/categories?post=63271"},{"taxonomy":"post_tag","embeddable":true,"href":"https:\/\/sindaopcpb.org.br\/index.php\/wp-json\/wp\/v2\/tags?post=63271"}],"curies":[{"name":"wp","href":"https:\/\/api.w.org\/{rel}","templated":true}]}}