{"id":63265,"date":"2025-12-03T07:56:27","date_gmt":"2025-12-03T10:56:27","guid":{"rendered":"https:\/\/www.pbagora.com.br\/?p=928780"},"modified":"2025-12-03T07:56:27","modified_gmt":"2025-12-03T10:56:27","slug":"homem-morre-apos-perder-o-controle-de-moto-e-bater-em-poste-em-joao-pessoa","status":"publish","type":"post","link":"https:\/\/sindaopcpb.org.br\/index.php\/2025\/12\/03\/homem-morre-apos-perder-o-controle-de-moto-e-bater-em-poste-em-joao-pessoa\/","title":{"rendered":"Homem morre ap\u00f3s perder o controle de moto e bater em poste, em Jo\u00e3o Pessoa"},"content":{"rendered":"<p><img width=\"984\" height=\"576\" src=\"https:\/\/www.pbagora.com.br\/storage\/2025\/12\/MOTO.avif\" class=\"attachment-large size-large wp-post-image\" alt=\"\" style=\"margin-bottom: 20px;\" decoding=\"async\" srcset=\"https:\/\/www.pbagora.com.br\/storage\/2025\/12\/MOTO.avif 984w, https:\/\/www.pbagora.com.br\/storage\/2025\/12\/MOTO-300x176.avif 300w, https:\/\/www.pbagora.com.br\/storage\/2025\/12\/MOTO-150x88.avif 150w, https:\/\/www.pbagora.com.br\/storage\/2025\/12\/MOTO-768x450.avif 768w, https:\/\/www.pbagora.com.br\/storage\/2025\/12\/MOTO-380x222.avif 380w, https:\/\/www.pbagora.com.br\/storage\/2025\/12\/MOTO-800x468.avif 800w, https:\/\/www.pbagora.com.br\/storage\/2025\/12\/MOTO-80x46.avif 80w, https:\/\/www.pbagora.com.br\/storage\/2025\/12\/MOTO-760x445.avif 760w, https:\/\/www.pbagora.com.br\/storage\/2025\/12\/MOTO-600x351.avif 600w\" sizes=\"(max-width: 984px) 100vw, 984px\" \/><\/p>\n<p><em>Uma fatalidade e mais uma vida ceifada no tr\u00e2nsito. <\/em>Um homem de 19 anos morreu em um acidente de moto, na noite desta ter\u00e7a-feira (2), no bairro das Ind\u00fastrias, em\u00a0Jo\u00e3o Pessoa.<\/p>\n\n\n\n<p><em>De acordo com informa\u00e7\u00f5es da pol\u00edcia, <\/em>o jovem perdeu o controle da moto ap\u00f3s tentar desviar de um caminh\u00e3o e bateu em um poste. Ele teve um traumatismo craniano grave e morreu no local.<\/p>\n\n\n\n<p>O homem \u00e9 irm\u00e3o de um\u00a0jovem de 22 anos que foi atingido pelo tiro de um policial militar enquanto estava trabalhando, na madrugada do dia 8 de novembro, no bairro de Cruz das Armas, em Jo\u00e3o Pessoa. Ele chegou a ficar em estado grave, mas j\u00e1 est\u00e1 em casa se recuperando.<\/p>\n\n\n\n<p><strong>Reda\u00e7\u00e3o<\/strong><\/p>\n","protected":false},"excerpt":{"rendered":"<p><img loading=\"lazy\" decoding=\"async\" width=\"984\" height=\"576\" src=\"https:\/\/www.pbagora.com.br\/storage\/2025\/12\/MOTO.avif\" class=\"attachment-large size-large wp-post-image\" alt=\"\" srcset=\"https:\/\/www.pbagora.com.br\/storage\/2025\/12\/MOTO.avif 984w, https:\/\/www.pbagora.com.br\/storage\/2025\/12\/MOTO-300x176.avif 300w, https:\/\/www.pbagora.com.br\/storage\/2025\/12\/MOTO-150x88.avif 150w, https:\/\/www.pbagora.com.br\/storage\/2025\/12\/MOTO-768x450.avif 768w, https:\/\/www.pbagora.com.br\/storage\/2025\/12\/MOTO-380x222.avif 380w, https:\/\/www.pbagora.com.br\/storage\/2025\/12\/MOTO-800x468.avif 800w, https:\/\/www.pbagora.com.br\/storage\/2025\/12\/MOTO-80x46.avif 80w, https:\/\/www.pbagora.com.br\/storage\/2025\/12\/MOTO-760x445.avif 760w, https:\/\/www.pbagora.com.br\/storage\/2025\/12\/MOTO-600x351.avif 600w\" sizes=\"auto, (max-width: 984px) 100vw, 984px\"><\/p>\n<p>Uma fatalidade e mais uma vida ceifada no tr\u00e2nsito. Um homem de 19 anos morreu em um acidente\u2026<\/p>\n","protected":false},"author":123457,"featured_media":0,"comment_status":"closed","ping_status":"closed","sticky":false,"template":"","format":"standard","meta":{"advgb_blocks_editor_width":"","advgb_blocks_columns_visual_guide":"","footnotes":""},"categories":[34],"tags":[10840,35,10839],"class_list":["post-63265","post","type-post","status-publish","format-standard","hentry","category-g1","tag-destaque-centro-03","tag-g1","tag-policial"],"author_meta":{"display_name":"Reda\u00e7\u00e3o","author_link":"https:\/\/sindaopcpb.org.br\/author\/redacao\/"},"featured_img":null,"coauthors":[],"tax_additional":{"categories":{"linked":["<a href=\"https:\/\/sindaopcpb.org.br\/g1\/\" class=\"advgb-post-tax-term\">G1<\/a>"],"unlinked":["<span class=\"advgb-post-tax-term\">G1<\/span>"]},"tags":{"linked":["<a href=\"https:\/\/sindaopcpb.org.br\/g1\/\" class=\"advgb-post-tax-term\">Destaque Centro 03<\/a>","<a href=\"https:\/\/sindaopcpb.org.br\/g1\/\" class=\"advgb-post-tax-term\">g1<\/a>","<a href=\"https:\/\/sindaopcpb.org.br\/g1\/\" class=\"advgb-post-tax-term\">Policial<\/a>"],"unlinked":["<span class=\"advgb-post-tax-term\">Destaque Centro 03<\/span>","<span class=\"advgb-post-tax-term\">g1<\/span>","<span class=\"advgb-post-tax-term\">Policial<\/span>"]}},"comment_count":"0","relative_dates":{"created":"Publicado 5 meses atr\u00e1s","modified":"Atualizado 5 meses atr\u00e1s"},"absolute_dates":{"created":"Publicado em 3 de dezembro de 2025","modified":"Atualizado em 3 de dezembro de 2025"},"absolute_dates_time":{"created":"Publicado em 3 de dezembro de 2025 07:56","modified":"Atualizado em 3 de dezembro de 2025 07:56"},"featured_img_caption":"","series_order":"","_links":{"self":[{"href":"https:\/\/sindaopcpb.org.br\/index.php\/wp-json\/wp\/v2\/posts\/63265","targetHints":{"allow":["GET"]}}],"collection":[{"href":"https:\/\/sindaopcpb.org.br\/index.php\/wp-json\/wp\/v2\/posts"}],"about":[{"href":"https:\/\/sindaopcpb.org.br\/index.php\/wp-json\/wp\/v2\/types\/post"}],"author":[{"embeddable":true,"href":"https:\/\/sindaopcpb.org.br\/index.php\/wp-json\/wp\/v2\/users\/123457"}],"replies":[{"embeddable":true,"href":"https:\/\/sindaopcpb.org.br\/index.php\/wp-json\/wp\/v2\/comments?post=63265"}],"version-history":[{"count":2,"href":"https:\/\/sindaopcpb.org.br\/index.php\/wp-json\/wp\/v2\/posts\/63265\/revisions"}],"predecessor-version":[{"id":63275,"href":"https:\/\/sindaopcpb.org.br\/index.php\/wp-json\/wp\/v2\/posts\/63265\/revisions\/63275"}],"wp:attachment":[{"href":"https:\/\/sindaopcpb.org.br\/index.php\/wp-json\/wp\/v2\/media?parent=63265"}],"wp:term":[{"taxonomy":"category","embeddable":true,"href":"https:\/\/sindaopcpb.org.br\/index.php\/wp-json\/wp\/v2\/categories?post=63265"},{"taxonomy":"post_tag","embeddable":true,"href":"https:\/\/sindaopcpb.org.br\/index.php\/wp-json\/wp\/v2\/tags?post=63265"}],"curies":[{"name":"wp","href":"https:\/\/api.w.org\/{rel}","templated":true}]}}