{"id":63255,"date":"2025-12-02T16:30:19","date_gmt":"2025-12-02T19:30:19","guid":{"rendered":"https:\/\/www.pbagora.com.br\/?p=928732"},"modified":"2025-12-02T16:30:19","modified_gmt":"2025-12-02T19:30:19","slug":"operacao-integrada-apreende-armas-e-drogas-no-litoral-norte-da-paraiba","status":"publish","type":"post","link":"https:\/\/sindaopcpb.org.br\/index.php\/2025\/12\/02\/operacao-integrada-apreende-armas-e-drogas-no-litoral-norte-da-paraiba\/","title":{"rendered":"Opera\u00e7\u00e3o integrada apreende armas e drogas no Litoral Norte da Para\u00edba"},"content":{"rendered":"<p><img width=\"1024\" height=\"768\" src=\"https:\/\/www.pbagora.com.br\/storage\/2025\/12\/material-1024x768.jpeg\" class=\"attachment-large size-large wp-post-image\" alt=\"\" style=\"margin-bottom: 20px;\" decoding=\"async\" srcset=\"https:\/\/www.pbagora.com.br\/storage\/2025\/12\/material-1024x768.jpeg 1024w, https:\/\/www.pbagora.com.br\/storage\/2025\/12\/material-300x225.jpeg 300w, https:\/\/www.pbagora.com.br\/storage\/2025\/12\/material-150x113.jpeg 150w, https:\/\/www.pbagora.com.br\/storage\/2025\/12\/material-768x576.jpeg 768w, https:\/\/www.pbagora.com.br\/storage\/2025\/12\/material-200x150.jpeg 200w, https:\/\/www.pbagora.com.br\/storage\/2025\/12\/material-260x195.jpeg 260w, https:\/\/www.pbagora.com.br\/storage\/2025\/12\/material-380x285.jpeg 380w, https:\/\/www.pbagora.com.br\/storage\/2025\/12\/material-800x600.jpeg 800w, https:\/\/www.pbagora.com.br\/storage\/2025\/12\/material-1160x870.jpeg 1160w, https:\/\/www.pbagora.com.br\/storage\/2025\/12\/material-80x60.jpeg 80w, https:\/\/www.pbagora.com.br\/storage\/2025\/12\/material-600x450.jpeg 600w, https:\/\/www.pbagora.com.br\/storage\/2025\/12\/material-520x390.jpeg 520w, https:\/\/www.pbagora.com.br\/storage\/2025\/12\/material-760x570.jpeg 760w, https:\/\/www.pbagora.com.br\/storage\/2025\/12\/material.jpeg 1280w\" sizes=\"(max-width: 1024px) 100vw, 1024px\" \/><\/p>\n<p>Na manh\u00e3 desta ter\u00e7a-feira (2), policiais do 17\u00ba Batalh\u00e3o da Pol\u00edcia Militar, em a\u00e7\u00e3o integrada com a Pol\u00edcia Civil, cumpriram um mandado de busca e apreens\u00e3o no munic\u00edpio de Itapororoca. A Opera\u00e7\u00e3o teve por objetivo o combate ao crime organizado na regi\u00e3o.<\/p>\n\n\n\n<p>Na a\u00e7\u00e3o foi apreendido um rev\u00f3lver, calibre .38, com 19 muni\u00e7\u00f5es, al\u00e9m de drogas, como coca\u00edna e maconha, com por\u00e7\u00f5es fracionadas e embalagens para comercializa\u00e7\u00e3o. Tamb\u00e9m foram encontrados materiais t\u00edpicos do tr\u00e1fico de drogas, como balan\u00e7a de precis\u00e3o, anota\u00e7\u00f5es, c\u00e2meras de monitoramento, maquinetas, celulares e dinheiro.<\/p>\n\n\n\n<p>O acusado e todo o material apreendido foram encaminhados \u00e0 Delegacia de Pol\u00edcia Civil para os demais procedimentos.<\/p>\n\n\n\n<p><strong><em>Ascom \/ PMPB<\/em><\/strong><\/p>\n","protected":false},"excerpt":{"rendered":"<p><img loading=\"lazy\" decoding=\"async\" width=\"1024\" height=\"768\" src=\"https:\/\/www.pbagora.com.br\/storage\/2025\/12\/material-1024x768.jpeg\" class=\"attachment-large size-large wp-post-image\" alt=\"\" srcset=\"https:\/\/www.pbagora.com.br\/storage\/2025\/12\/material-1024x768.jpeg 1024w, https:\/\/www.pbagora.com.br\/storage\/2025\/12\/material-300x225.jpeg 300w, https:\/\/www.pbagora.com.br\/storage\/2025\/12\/material-150x113.jpeg 150w, https:\/\/www.pbagora.com.br\/storage\/2025\/12\/material-768x576.jpeg 768w, https:\/\/www.pbagora.com.br\/storage\/2025\/12\/material-200x150.jpeg 200w, https:\/\/www.pbagora.com.br\/storage\/2025\/12\/material-260x195.jpeg 260w, https:\/\/www.pbagora.com.br\/storage\/2025\/12\/material-380x285.jpeg 380w, https:\/\/www.pbagora.com.br\/storage\/2025\/12\/material-800x600.jpeg 800w, https:\/\/www.pbagora.com.br\/storage\/2025\/12\/material-1160x870.jpeg 1160w, https:\/\/www.pbagora.com.br\/storage\/2025\/12\/material-80x60.jpeg 80w, https:\/\/www.pbagora.com.br\/storage\/2025\/12\/material-600x450.jpeg 600w, https:\/\/www.pbagora.com.br\/storage\/2025\/12\/material-520x390.jpeg 520w, https:\/\/www.pbagora.com.br\/storage\/2025\/12\/material-760x570.jpeg 760w, https:\/\/www.pbagora.com.br\/storage\/2025\/12\/material.jpeg 1280w\" sizes=\"auto, (max-width: 1024px) 100vw, 1024px\"><\/p>\n<p>Na manh\u00e3 desta ter\u00e7a-feira (2), policiais do 17\u00ba Batalh\u00e3o da Pol\u00edcia Militar, em a\u00e7\u00e3o integrada com a Pol\u00edcia\u2026<\/p>\n","protected":false},"author":123457,"featured_media":0,"comment_status":"closed","ping_status":"closed","sticky":false,"template":"","format":"standard","meta":{"advgb_blocks_editor_width":"","advgb_blocks_columns_visual_guide":"","footnotes":""},"categories":[34],"tags":[10841,35,10839],"class_list":["post-63255","post","type-post","status-publish","format-standard","hentry","category-g1","tag-destaque-centro-02","tag-g1","tag-policial"],"author_meta":{"display_name":"Reda\u00e7\u00e3o","author_link":"https:\/\/sindaopcpb.org.br\/author\/redacao\/"},"featured_img":null,"coauthors":[],"tax_additional":{"categories":{"linked":["<a href=\"https:\/\/sindaopcpb.org.br\/g1\/\" class=\"advgb-post-tax-term\">G1<\/a>"],"unlinked":["<span class=\"advgb-post-tax-term\">G1<\/span>"]},"tags":{"linked":["<a href=\"https:\/\/sindaopcpb.org.br\/g1\/\" class=\"advgb-post-tax-term\">Destaque Centro 02<\/a>","<a href=\"https:\/\/sindaopcpb.org.br\/g1\/\" class=\"advgb-post-tax-term\">g1<\/a>","<a href=\"https:\/\/sindaopcpb.org.br\/g1\/\" class=\"advgb-post-tax-term\">Policial<\/a>"],"unlinked":["<span class=\"advgb-post-tax-term\">Destaque Centro 02<\/span>","<span class=\"advgb-post-tax-term\">g1<\/span>","<span class=\"advgb-post-tax-term\">Policial<\/span>"]}},"comment_count":"0","relative_dates":{"created":"Publicado 5 meses atr\u00e1s","modified":"Atualizado 5 meses atr\u00e1s"},"absolute_dates":{"created":"Publicado em 2 de dezembro de 2025","modified":"Atualizado em 2 de dezembro de 2025"},"absolute_dates_time":{"created":"Publicado em 2 de dezembro de 2025 16:30","modified":"Atualizado em 2 de dezembro de 2025 16:30"},"featured_img_caption":"","series_order":"","_links":{"self":[{"href":"https:\/\/sindaopcpb.org.br\/index.php\/wp-json\/wp\/v2\/posts\/63255","targetHints":{"allow":["GET"]}}],"collection":[{"href":"https:\/\/sindaopcpb.org.br\/index.php\/wp-json\/wp\/v2\/posts"}],"about":[{"href":"https:\/\/sindaopcpb.org.br\/index.php\/wp-json\/wp\/v2\/types\/post"}],"author":[{"embeddable":true,"href":"https:\/\/sindaopcpb.org.br\/index.php\/wp-json\/wp\/v2\/users\/123457"}],"replies":[{"embeddable":true,"href":"https:\/\/sindaopcpb.org.br\/index.php\/wp-json\/wp\/v2\/comments?post=63255"}],"version-history":[{"count":3,"href":"https:\/\/sindaopcpb.org.br\/index.php\/wp-json\/wp\/v2\/posts\/63255\/revisions"}],"predecessor-version":[{"id":63270,"href":"https:\/\/sindaopcpb.org.br\/index.php\/wp-json\/wp\/v2\/posts\/63255\/revisions\/63270"}],"wp:attachment":[{"href":"https:\/\/sindaopcpb.org.br\/index.php\/wp-json\/wp\/v2\/media?parent=63255"}],"wp:term":[{"taxonomy":"category","embeddable":true,"href":"https:\/\/sindaopcpb.org.br\/index.php\/wp-json\/wp\/v2\/categories?post=63255"},{"taxonomy":"post_tag","embeddable":true,"href":"https:\/\/sindaopcpb.org.br\/index.php\/wp-json\/wp\/v2\/tags?post=63255"}],"curies":[{"name":"wp","href":"https:\/\/api.w.org\/{rel}","templated":true}]}}