{"id":63253,"date":"2025-12-02T08:59:37","date_gmt":"2025-12-02T11:59:37","guid":{"rendered":"https:\/\/www.pbagora.com.br\/?p=928643"},"modified":"2025-12-02T08:59:37","modified_gmt":"2025-12-02T11:59:37","slug":"em-menos-de-24-horas-prf-na-paraiba-apreende-quatro-veiculos-furtados-roubados-ou-adulterados","status":"publish","type":"post","link":"https:\/\/sindaopcpb.org.br\/index.php\/2025\/12\/02\/em-menos-de-24-horas-prf-na-paraiba-apreende-quatro-veiculos-furtados-roubados-ou-adulterados\/","title":{"rendered":"Em menos de 24 horas, PRF na Para\u00edba apreende quatro ve\u00edculos furtados\/roubados ou adulterados"},"content":{"rendered":"<p><img width=\"768\" height=\"353\" src=\"https:\/\/www.pbagora.com.br\/storage\/2025\/07\/PRF-PRISAO.jpeg\" class=\"attachment-large size-large wp-post-image\" alt=\"\" style=\"margin-bottom: 20px;\" decoding=\"async\" loading=\"lazy\" srcset=\"https:\/\/www.pbagora.com.br\/storage\/2025\/07\/PRF-PRISAO.jpeg 768w, https:\/\/www.pbagora.com.br\/storage\/2025\/07\/PRF-PRISAO-300x138.jpeg 300w, https:\/\/www.pbagora.com.br\/storage\/2025\/07\/PRF-PRISAO-150x69.jpeg 150w, https:\/\/www.pbagora.com.br\/storage\/2025\/07\/PRF-PRISAO-380x175.jpeg 380w, https:\/\/www.pbagora.com.br\/storage\/2025\/07\/PRF-PRISAO-80x37.jpeg 80w, https:\/\/www.pbagora.com.br\/storage\/2025\/07\/PRF-PRISAO-760x349.jpeg 760w, https:\/\/www.pbagora.com.br\/storage\/2025\/07\/PRF-PRISAO-600x276.jpeg 600w\" sizes=\"auto, (max-width: 768px) 100vw, 768px\" \/><\/p>\n<p><em>As a\u00e7\u00f5es distintas se desenvolveram nos munic\u00edpios de Mamanguape, Cabedelo, Sobrado e Santa Rita<\/em><\/p>\n\n\n\n<p>Para\u00edba (PB), 02\/12\/2025 &#8211; A Pol\u00edcia Rodovi\u00e1ria Federal (PRF) na Para\u00edba intensificou o combate aos il\u00edcitos veiculares no dia 1\u00ba de dezembro, resultando na apreens\u00e3o de quatro ve\u00edculos. Em Mamanguape, um homem foi detido em flagrante por furto, ap\u00f3s subtrair um Jeep\/Commander de uma locadora localizada no aeroporto do Rio Grande do Norte. J\u00e1 em Cabedelo, uma motocicleta com registro de furto em Recife foi recuperada, e o condutor detido por recepta\u00e7\u00e3o. Em Sobrado, o flagrante de recepta\u00e7\u00e3o foi registrado com a apreens\u00e3o de um Renault Logan roubado que estava sendo transportado por um servi\u00e7o de guincho contratado por terceiros. Por fim, em Santa Rita, uma motocicleta foi retida e o condutor detido por apresentar vest\u00edgios de adultera\u00e7\u00e3o de sinal identificado, confirmando o foco cont\u00ednuo da PRF em tirar de circula\u00e7\u00e3o ve\u00edculos irregulares das rodovias.<\/p>\n\n\n\n<p>Mamanguape &#8211; PRF recupera ve\u00edculo de locadora furtado em aeroporto do Rio Grande do Norte e det\u00e9m motorista na BR-101\/PB. A PRF recuperou um ve\u00edculo, pertencente a uma locadora e deteve o condutor por suspeita de furto. A a\u00e7\u00e3o ocorreu na madrugada da \u00faltima segunda-feira (1\u00ba), por volta da 1h30min, na Unidade Operacional da PRF em Mamanguape, no km 29 da BR-101. A equipe policial recebeu informa\u00e7\u00f5es via telefone 191 de que um JEEP Commander de cor branca havia sido furtado do p\u00e1tio da locadora no Aeroporto de S\u00e3o Gon\u00e7alo do Amarante, no Rio Grande do Norte. O ve\u00edculo foi interceptado na UOP de Mamanguape. Questionado sobre a proced\u00eancia, o condutor, um homem de 37 anos, alegou ter pegado o ve\u00edculo \u00e0s pressas no aeroporto para uma viagem urgente, afirmando que o ve\u00edculo estava &#8220;\u00e0 disposi\u00e7\u00e3o&#8221; e que teria deixado uma cau\u00e7\u00e3o de R$ 10.000,00. Em contato com a empresa de loca\u00e7\u00e3o, as informa\u00e7\u00f5es do condutor foram prontamente refutadas. A empresa confirmou que n\u00e3o havia contrato, cau\u00e7\u00e3o ou comunica\u00e7\u00e3o pr\u00e9via sobre a retirada do ve\u00edculo e que j\u00e1 havia registrado Boletim de Ocorr\u00eancia na Pol\u00edcia Civil do Rio Grande do Norte, comunicando o furto. Diante dos fatos, a conduta do motorista se enquadrou, a princ\u00edpio, no crime de Furto, conforme o Artigo 155 do C\u00f3digo Penal Brasileiro. O condutor foi preso em flagrante, quando ele e o ve\u00edculo foram encaminhados \u00e0 Pol\u00edcia Civil de Mamanguape para as provid\u00eancias cab\u00edveis.<\/p>\n\n\n\n<p>Cabedelo &#8211; PRF recupera motocicleta com registro de furto em Recife\/PE e det\u00e9m condutor na BR-230\/PB. A PRF recuperou uma motocicleta com registro de furto e deteve o condutor por suspeita de recepta\u00e7\u00e3o. O fato ocorreu na manh\u00e3 da segunda-feira (1\u00ba), por volta das 9h10min, durante fiscaliza\u00e7\u00e3o no km 10 da BR-230, no munic\u00edpio de Cabedelo. A equipe da PRF abordou uma motocicleta HONDA NXR Bros, de cor preta, que ostentava placa de outro estado. Ao consultar os sistemas de seguran\u00e7a, foi confirmada a exist\u00eancia de um registro de furto para o ve\u00edculo, com ocorr\u00eancia registrada na cidade de Recife. O condutor, um homem de 31 anos, informou \u00e0 equipe que havia adquirido a motocicleta por meio de uma troca por um autom\u00f3vel, alegando ter agido de boa-f\u00e9 e desconhecer a restri\u00e7\u00e3o de furto. O condutor n\u00e3o soube fornecer detalhes de identifica\u00e7\u00e3o da pessoa que realizou a transa\u00e7\u00e3o. Diante da constata\u00e7\u00e3o do il\u00edcito, foi dada voz de pris\u00e3o ao condutor pelo crime de Recepta\u00e7\u00e3o (Art. 180 do C\u00f3digo Penal). O condutor e a motocicleta recuperada foram encaminhados \u00e0 Pol\u00edcia Civil em Cabedelo para os procedimentos legais cab\u00edveis. A a\u00e7\u00e3o da PRF refor\u00e7a o combate \u00e0 circula\u00e7\u00e3o de ve\u00edculos com origem criminosa nas rodovias federais.<\/p>\n\n\n\n<p>Sobrado &#8211; PRF recupera ve\u00edculo roubado que estava sendo transportado em guincho na BR-230\/PB. A PRF recuperou um autom\u00f3vel com registro de roubo que estava sendo transportado por um caminh\u00e3o guincho em uma rodovia federal. A a\u00e7\u00e3o ocorreu na tarde da segunda-feira (1\u00ba), por volta das 14h43min, no km 74 da BR-230, no munic\u00edpio de Sobrado. A equipe da PRF recebeu uma informa\u00e7\u00e3o da Central de Comando e Controle (C3R) de que um RENAULT Logan, de cor prata, com restri\u00e7\u00e3o de roubo\/furto estaria se deslocando pela BR-230, sentido Campina Grande. Em rondas imediatas, o ve\u00edculo foi localizado embarcado em um caminh\u00e3o guincho. A consulta confirmou que o autom\u00f3vel possu\u00eda restri\u00e7\u00e3o de roubo. O condutor do guincho, um homem de 39 anos, informou \u00e0 equipe que havia sido contratado via aplicativo de mensagem por um cliente apresentado por terceiros, acertando o valor de R$ 800,00 pelo transporte at\u00e9 Campina Grande. O motorista do guincho alegou ter pegado o ve\u00edculo no munic\u00edpio do Conde, mas afirmou que a chave estava sobre o banco e que n\u00e3o o recebeu de ningu\u00e9m diretamente. Ele negou ter conhecimento sobre o il\u00edcito. Diante dos fatos, e considerando a suposta participa\u00e7\u00e3o na conduta criminosa, o condutor do guincho foi encaminhado \u00e0 Delegacia de Pol\u00edcia Judici\u00e1ria em Sap\u00e9\/PB para a devida apura\u00e7\u00e3o pela suposta pr\u00e1tica do crime de recepta\u00e7\u00e3o de ve\u00edculo. O ve\u00edculo roubado foi recuperado, e a a\u00e7\u00e3o demonstra a import\u00e2ncia da troca de informa\u00e7\u00f5es entre os setores da PRF para a r\u00e1pida recupera\u00e7\u00e3o de bens subtra\u00eddos.<\/p>\n\n\n\n<p>Santa Rita &#8211; PRF apreende motocicleta com chassi e motor adulterados na BR-101\/PB. A PRF apreendeu uma motocicleta com vest\u00edgios de adultera\u00e7\u00e3o em seus elementos identificadores, no munic\u00edpio de Santa Rita. A ocorr\u00eancia foi registrada na noite da \u00faltima segunda-feira (1\u00ba), por volta das 19h, durante ronda ostensiva no km 65 da BR-101. A equipe da PRF abordou uma HONDA CG 125 Fan, de cor vermelha, com placa de outro estado, conduzida por um homem de 32 anos. Ao realizar a fiscaliza\u00e7\u00e3o detalhada, os policiais constataram vest\u00edgios de adultera\u00e7\u00e3o em sinais de identifica\u00e7\u00e3o veicular. Devido \u00e0 adultera\u00e7\u00e3o, n\u00e3o foi poss\u00edvel identificar o ve\u00edculo original. O condutor declarou que a motocicleta era alugada h\u00e1 aproximadamente um ano, mediante o pagamento de R$ 250,00 mensais, e que ele sabia do licenciamento vencido do ve\u00edculo, mas desconhecia as adultera\u00e7\u00f5es. Diante da constata\u00e7\u00e3o da fraude, que configura o crime de adultera\u00e7\u00e3o de sinal identificador de ve\u00edculo automotor, o condutor e a motocicleta foram encaminhados \u00e0 Delegacia de Pol\u00edcia Civil de Santa Rita\/PB para os procedimentos legais cab\u00edveis e para investiga\u00e7\u00e3o da origem do ve\u00edculo. Somente em 2025, com estas ocorr\u00eancias, a PRF j\u00e1 computou 296 ve\u00edculos recuperados e 228 ve\u00edculos flagrados com adultera\u00e7\u00f5es dos originais nas rodovias federais paraibanas.<\/p>\n\n\n\n<p><strong><em>Reda\u00e7\u00e3o<\/em><\/strong><\/p>\n","protected":false},"excerpt":{"rendered":"<p><img decoding=\"async\" width=\"768\" height=\"353\" src=\"https:\/\/www.pbagora.com.br\/storage\/2025\/07\/PRF-PRISAO.jpeg\" class=\"attachment-large size-large wp-post-image\" alt=\"\" loading=\"lazy\" srcset=\"https:\/\/www.pbagora.com.br\/storage\/2025\/07\/PRF-PRISAO.jpeg 768w, https:\/\/www.pbagora.com.br\/storage\/2025\/07\/PRF-PRISAO-300x138.jpeg 300w, https:\/\/www.pbagora.com.br\/storage\/2025\/07\/PRF-PRISAO-150x69.jpeg 150w, https:\/\/www.pbagora.com.br\/storage\/2025\/07\/PRF-PRISAO-380x175.jpeg 380w, https:\/\/www.pbagora.com.br\/storage\/2025\/07\/PRF-PRISAO-80x37.jpeg 80w, https:\/\/www.pbagora.com.br\/storage\/2025\/07\/PRF-PRISAO-760x349.jpeg 760w, https:\/\/www.pbagora.com.br\/storage\/2025\/07\/PRF-PRISAO-600x276.jpeg 600w\" sizes=\"auto, (max-width: 768px) 100vw, 768px\"><\/p>\n<p>As a\u00e7\u00f5es distintas se desenvolveram nos munic\u00edpios de Mamanguape, Cabedelo, Sobrado e Santa Rita Para\u00edba (PB), 02\/12\/2025 \u2013\u2026<\/p>\n","protected":false},"author":123457,"featured_media":0,"comment_status":"closed","ping_status":"closed","sticky":false,"template":"","format":"standard","meta":{"advgb_blocks_editor_width":"","advgb_blocks_columns_visual_guide":"","footnotes":""},"categories":[34],"tags":[10840,35,10839],"class_list":["post-63253","post","type-post","status-publish","format-standard","hentry","category-g1","tag-destaque-centro-03","tag-g1","tag-policial"],"author_meta":{"display_name":"Reda\u00e7\u00e3o","author_link":"https:\/\/sindaopcpb.org.br\/author\/redacao\/"},"featured_img":null,"coauthors":[],"tax_additional":{"categories":{"linked":["<a href=\"https:\/\/sindaopcpb.org.br\/g1\/\" class=\"advgb-post-tax-term\">G1<\/a>"],"unlinked":["<span class=\"advgb-post-tax-term\">G1<\/span>"]},"tags":{"linked":["<a href=\"https:\/\/sindaopcpb.org.br\/g1\/\" class=\"advgb-post-tax-term\">Destaque Centro 03<\/a>","<a href=\"https:\/\/sindaopcpb.org.br\/g1\/\" class=\"advgb-post-tax-term\">g1<\/a>","<a href=\"https:\/\/sindaopcpb.org.br\/g1\/\" class=\"advgb-post-tax-term\">Policial<\/a>"],"unlinked":["<span class=\"advgb-post-tax-term\">Destaque Centro 03<\/span>","<span class=\"advgb-post-tax-term\">g1<\/span>","<span class=\"advgb-post-tax-term\">Policial<\/span>"]}},"comment_count":"0","relative_dates":{"created":"Publicado 5 meses atr\u00e1s","modified":"Atualizado 5 meses atr\u00e1s"},"absolute_dates":{"created":"Publicado em 2 de dezembro de 2025","modified":"Atualizado em 2 de dezembro de 2025"},"absolute_dates_time":{"created":"Publicado em 2 de dezembro de 2025 08:59","modified":"Atualizado em 2 de dezembro de 2025 08:59"},"featured_img_caption":"","series_order":"","_links":{"self":[{"href":"https:\/\/sindaopcpb.org.br\/index.php\/wp-json\/wp\/v2\/posts\/63253","targetHints":{"allow":["GET"]}}],"collection":[{"href":"https:\/\/sindaopcpb.org.br\/index.php\/wp-json\/wp\/v2\/posts"}],"about":[{"href":"https:\/\/sindaopcpb.org.br\/index.php\/wp-json\/wp\/v2\/types\/post"}],"author":[{"embeddable":true,"href":"https:\/\/sindaopcpb.org.br\/index.php\/wp-json\/wp\/v2\/users\/123457"}],"replies":[{"embeddable":true,"href":"https:\/\/sindaopcpb.org.br\/index.php\/wp-json\/wp\/v2\/comments?post=63253"}],"version-history":[{"count":1,"href":"https:\/\/sindaopcpb.org.br\/index.php\/wp-json\/wp\/v2\/posts\/63253\/revisions"}],"predecessor-version":[{"id":63254,"href":"https:\/\/sindaopcpb.org.br\/index.php\/wp-json\/wp\/v2\/posts\/63253\/revisions\/63254"}],"wp:attachment":[{"href":"https:\/\/sindaopcpb.org.br\/index.php\/wp-json\/wp\/v2\/media?parent=63253"}],"wp:term":[{"taxonomy":"category","embeddable":true,"href":"https:\/\/sindaopcpb.org.br\/index.php\/wp-json\/wp\/v2\/categories?post=63253"},{"taxonomy":"post_tag","embeddable":true,"href":"https:\/\/sindaopcpb.org.br\/index.php\/wp-json\/wp\/v2\/tags?post=63253"}],"curies":[{"name":"wp","href":"https:\/\/api.w.org\/{rel}","templated":true}]}}