{"id":63249,"date":"2025-12-02T11:00:54","date_gmt":"2025-12-02T14:00:54","guid":{"rendered":"https:\/\/www.pbagora.com.br\/?p=928652"},"modified":"2025-12-02T11:00:54","modified_gmt":"2025-12-02T14:00:54","slug":"pc-apreende-adolescente-envolvido-em-duplo-homicidio-e-prende-suspeito-por-trafico-de-drogas","status":"publish","type":"post","link":"https:\/\/sindaopcpb.org.br\/index.php\/2025\/12\/02\/pc-apreende-adolescente-envolvido-em-duplo-homicidio-e-prende-suspeito-por-trafico-de-drogas\/","title":{"rendered":"PC apreende adolescente envolvido em duplo homic\u00eddio e prende suspeito por tr\u00e1fico de drogas"},"content":{"rendered":"\n<p>A Pol\u00edcia Civil da Para\u00edba, por meio da Delegacia de Crimes Contra a Pessoa da Capital (DCCPES), realizou, nessa segunda-feira (1\u00ba), no bairro de Jaguaribe, Comunidade Paulo Afonso, a apreens\u00e3o de um adolescente de 16 anos e a pris\u00e3o de um homem de 26 anos de idade, em uma a\u00e7\u00e3o de dupla resposta \u00e0 criminalidade na regi\u00e3o.<\/p>\n\n\n\n<p>O adolescente \u00e9 investigado por participa\u00e7\u00e3o em um ato infracional an\u00e1logo a duplo homic\u00eddio ocorrido na \u00faltima quinta-feira (27). No momento da apreens\u00e3o, os policiais localizaram em seu poder um rev\u00f3lver calibre .38, mesmo calibre encontrado no local do crime, sendo, possivelmente, a arma utilizada na execu\u00e7\u00e3o das v\u00edtimas.<\/p>\n\n\n\n<p>Durante a a\u00e7\u00e3o, os investigadores tamb\u00e9m abordaram um suspeito maior de idade, com o qual foram encontrados maconha, crack e outros materiais il\u00edcitos. Diante do flagrante, ele foi preso pelo crime de tr\u00e1fico de drogas. Ap\u00f3s a ado\u00e7\u00e3o dos procedimentos cab\u00edveis, os envolvidos foram encaminhados ao sistema competente para as medidas legais.<\/p>\n\n\n\n<p><strong><em>Reda\u00e7\u00e3o<\/em><\/strong><\/p>\n","protected":false},"excerpt":{"rendered":"<p>A Pol\u00edcia Civil da Para\u00edba, por meio da Delegacia de Crimes Contra a Pessoa da Capital (DCCPES), realizou,\u2026<\/p>\n","protected":false},"author":123457,"featured_media":0,"comment_status":"closed","ping_status":"closed","sticky":false,"template":"","format":"standard","meta":{"advgb_blocks_editor_width":"","advgb_blocks_columns_visual_guide":"","footnotes":""},"categories":[34],"tags":[10840,35,10839],"class_list":["post-63249","post","type-post","status-publish","format-standard","hentry","category-g1","tag-destaque-centro-03","tag-g1","tag-policial"],"author_meta":{"display_name":"Reda\u00e7\u00e3o","author_link":"https:\/\/sindaopcpb.org.br\/author\/redacao\/"},"featured_img":null,"coauthors":[],"tax_additional":{"categories":{"linked":["<a href=\"https:\/\/sindaopcpb.org.br\/g1\/\" class=\"advgb-post-tax-term\">G1<\/a>"],"unlinked":["<span class=\"advgb-post-tax-term\">G1<\/span>"]},"tags":{"linked":["<a href=\"https:\/\/sindaopcpb.org.br\/g1\/\" class=\"advgb-post-tax-term\">Destaque Centro 03<\/a>","<a href=\"https:\/\/sindaopcpb.org.br\/g1\/\" class=\"advgb-post-tax-term\">g1<\/a>","<a href=\"https:\/\/sindaopcpb.org.br\/g1\/\" class=\"advgb-post-tax-term\">Policial<\/a>"],"unlinked":["<span class=\"advgb-post-tax-term\">Destaque Centro 03<\/span>","<span class=\"advgb-post-tax-term\">g1<\/span>","<span class=\"advgb-post-tax-term\">Policial<\/span>"]}},"comment_count":"0","relative_dates":{"created":"Publicado 5 meses atr\u00e1s","modified":"Atualizado 5 meses atr\u00e1s"},"absolute_dates":{"created":"Publicado em 2 de dezembro de 2025","modified":"Atualizado em 2 de dezembro de 2025"},"absolute_dates_time":{"created":"Publicado em 2 de dezembro de 2025 11:00","modified":"Atualizado em 2 de dezembro de 2025 11:00"},"featured_img_caption":"","series_order":"","_links":{"self":[{"href":"https:\/\/sindaopcpb.org.br\/index.php\/wp-json\/wp\/v2\/posts\/63249","targetHints":{"allow":["GET"]}}],"collection":[{"href":"https:\/\/sindaopcpb.org.br\/index.php\/wp-json\/wp\/v2\/posts"}],"about":[{"href":"https:\/\/sindaopcpb.org.br\/index.php\/wp-json\/wp\/v2\/types\/post"}],"author":[{"embeddable":true,"href":"https:\/\/sindaopcpb.org.br\/index.php\/wp-json\/wp\/v2\/users\/123457"}],"replies":[{"embeddable":true,"href":"https:\/\/sindaopcpb.org.br\/index.php\/wp-json\/wp\/v2\/comments?post=63249"}],"version-history":[{"count":1,"href":"https:\/\/sindaopcpb.org.br\/index.php\/wp-json\/wp\/v2\/posts\/63249\/revisions"}],"predecessor-version":[{"id":63250,"href":"https:\/\/sindaopcpb.org.br\/index.php\/wp-json\/wp\/v2\/posts\/63249\/revisions\/63250"}],"wp:attachment":[{"href":"https:\/\/sindaopcpb.org.br\/index.php\/wp-json\/wp\/v2\/media?parent=63249"}],"wp:term":[{"taxonomy":"category","embeddable":true,"href":"https:\/\/sindaopcpb.org.br\/index.php\/wp-json\/wp\/v2\/categories?post=63249"},{"taxonomy":"post_tag","embeddable":true,"href":"https:\/\/sindaopcpb.org.br\/index.php\/wp-json\/wp\/v2\/tags?post=63249"}],"curies":[{"name":"wp","href":"https:\/\/api.w.org\/{rel}","templated":true}]}}