{"id":63247,"date":"2025-12-02T11:20:45","date_gmt":"2025-12-02T14:20:45","guid":{"rendered":"https:\/\/www.pbagora.com.br\/?p=928657"},"modified":"2025-12-02T11:20:45","modified_gmt":"2025-12-02T14:20:45","slug":"pf-realiza-buscas-na-grande-jp-em-desdobramento-de-operacao-contra-corrupcao-no-rio-de-janeiro","status":"publish","type":"post","link":"https:\/\/sindaopcpb.org.br\/index.php\/2025\/12\/02\/pf-realiza-buscas-na-grande-jp-em-desdobramento-de-operacao-contra-corrupcao-no-rio-de-janeiro\/","title":{"rendered":"PF realiza buscas na Grande JP em desdobramento de opera\u00e7\u00e3o contra corrup\u00e7\u00e3o no Rio de Janeiro"},"content":{"rendered":"<p><img width=\"475\" height=\"269\" src=\"https:\/\/www.pbagora.com.br\/storage\/2025\/02\/sede_policia_federal_foto_ascom_pf_pb-1.jpg\" class=\"attachment-large size-large wp-post-image\" alt=\"\" style=\"margin-bottom: 20px;\" decoding=\"async\" srcset=\"https:\/\/www.pbagora.com.br\/storage\/2025\/02\/sede_policia_federal_foto_ascom_pf_pb-1.jpg 475w, https:\/\/www.pbagora.com.br\/storage\/2025\/02\/sede_policia_federal_foto_ascom_pf_pb-1-300x170.jpg 300w, https:\/\/www.pbagora.com.br\/storage\/2025\/02\/sede_policia_federal_foto_ascom_pf_pb-1-150x85.jpg 150w, https:\/\/www.pbagora.com.br\/storage\/2025\/02\/sede_policia_federal_foto_ascom_pf_pb-1-380x215.jpg 380w, https:\/\/www.pbagora.com.br\/storage\/2025\/02\/sede_policia_federal_foto_ascom_pf_pb-1-80x46.jpg 80w\" sizes=\"(max-width: 475px) 100vw, 475px\" \/><\/p>\n<p>A Pol\u00edcia Federal deflagrou, na manh\u00e3 desta ter\u00e7a-feira (2), uma s\u00e9rie de mandados de busca e apreens\u00e3o na Regi\u00e3o Metropolitana de Jo\u00e3o Pessoa. As a\u00e7\u00f5es fazem parte de um desdobramento de uma opera\u00e7\u00e3o conduzida no Rio de Janeiro, cujo foco, segundo fontes da PF, \u00e9 o combate \u00e0 corrup\u00e7\u00e3o.<\/p>\n\n\n\n<p>Um dos mandados foi cumprido em um condom\u00ednio localizado no bairro de Intermares, em Cabedelo. Outros alvos tamb\u00e9m foram visitados na \u00e1rea central da capital paraibana.<\/p>\n\n\n\n<p>As dilig\u00eancias estariam ligadas a uma investiga\u00e7\u00e3o que envolve a prefeitura de Maca\u00e9, no estado do Rio de Janeiro.<\/p>\n\n\n\n<p><strong><em>PB Agora<\/em><\/strong><\/p>\n","protected":false},"excerpt":{"rendered":"<p><img loading=\"lazy\" decoding=\"async\" width=\"475\" height=\"269\" src=\"https:\/\/www.pbagora.com.br\/storage\/2025\/02\/sede_policia_federal_foto_ascom_pf_pb-1.jpg\" class=\"attachment-large size-large wp-post-image\" alt=\"\" srcset=\"https:\/\/www.pbagora.com.br\/storage\/2025\/02\/sede_policia_federal_foto_ascom_pf_pb-1.jpg 475w, https:\/\/www.pbagora.com.br\/storage\/2025\/02\/sede_policia_federal_foto_ascom_pf_pb-1-300x170.jpg 300w, https:\/\/www.pbagora.com.br\/storage\/2025\/02\/sede_policia_federal_foto_ascom_pf_pb-1-150x85.jpg 150w, https:\/\/www.pbagora.com.br\/storage\/2025\/02\/sede_policia_federal_foto_ascom_pf_pb-1-380x215.jpg 380w, https:\/\/www.pbagora.com.br\/storage\/2025\/02\/sede_policia_federal_foto_ascom_pf_pb-1-80x46.jpg 80w\" sizes=\"auto, (max-width: 475px) 100vw, 475px\"><\/p>\n<p>A Pol\u00edcia Federal deflagrou, na manh\u00e3 desta ter\u00e7a-feira (2), uma s\u00e9rie de mandados de busca e apreens\u00e3o na\u2026<\/p>\n","protected":false},"author":123457,"featured_media":0,"comment_status":"closed","ping_status":"closed","sticky":false,"template":"","format":"standard","meta":{"advgb_blocks_editor_width":"","advgb_blocks_columns_visual_guide":"","footnotes":""},"categories":[34],"tags":[10840,35,10839],"class_list":["post-63247","post","type-post","status-publish","format-standard","hentry","category-g1","tag-destaque-centro-03","tag-g1","tag-policial"],"author_meta":{"display_name":"Reda\u00e7\u00e3o","author_link":"https:\/\/sindaopcpb.org.br\/author\/redacao\/"},"featured_img":null,"coauthors":[],"tax_additional":{"categories":{"linked":["<a href=\"https:\/\/sindaopcpb.org.br\/g1\/\" class=\"advgb-post-tax-term\">G1<\/a>"],"unlinked":["<span class=\"advgb-post-tax-term\">G1<\/span>"]},"tags":{"linked":["<a href=\"https:\/\/sindaopcpb.org.br\/g1\/\" class=\"advgb-post-tax-term\">Destaque Centro 03<\/a>","<a href=\"https:\/\/sindaopcpb.org.br\/g1\/\" class=\"advgb-post-tax-term\">g1<\/a>","<a href=\"https:\/\/sindaopcpb.org.br\/g1\/\" class=\"advgb-post-tax-term\">Policial<\/a>"],"unlinked":["<span class=\"advgb-post-tax-term\">Destaque Centro 03<\/span>","<span class=\"advgb-post-tax-term\">g1<\/span>","<span class=\"advgb-post-tax-term\">Policial<\/span>"]}},"comment_count":"0","relative_dates":{"created":"Publicado 5 meses atr\u00e1s","modified":"Atualizado 5 meses atr\u00e1s"},"absolute_dates":{"created":"Publicado em 2 de dezembro de 2025","modified":"Atualizado em 2 de dezembro de 2025"},"absolute_dates_time":{"created":"Publicado em 2 de dezembro de 2025 11:20","modified":"Atualizado em 2 de dezembro de 2025 11:20"},"featured_img_caption":"","series_order":"","_links":{"self":[{"href":"https:\/\/sindaopcpb.org.br\/index.php\/wp-json\/wp\/v2\/posts\/63247","targetHints":{"allow":["GET"]}}],"collection":[{"href":"https:\/\/sindaopcpb.org.br\/index.php\/wp-json\/wp\/v2\/posts"}],"about":[{"href":"https:\/\/sindaopcpb.org.br\/index.php\/wp-json\/wp\/v2\/types\/post"}],"author":[{"embeddable":true,"href":"https:\/\/sindaopcpb.org.br\/index.php\/wp-json\/wp\/v2\/users\/123457"}],"replies":[{"embeddable":true,"href":"https:\/\/sindaopcpb.org.br\/index.php\/wp-json\/wp\/v2\/comments?post=63247"}],"version-history":[{"count":2,"href":"https:\/\/sindaopcpb.org.br\/index.php\/wp-json\/wp\/v2\/posts\/63247\/revisions"}],"predecessor-version":[{"id":63259,"href":"https:\/\/sindaopcpb.org.br\/index.php\/wp-json\/wp\/v2\/posts\/63247\/revisions\/63259"}],"wp:attachment":[{"href":"https:\/\/sindaopcpb.org.br\/index.php\/wp-json\/wp\/v2\/media?parent=63247"}],"wp:term":[{"taxonomy":"category","embeddable":true,"href":"https:\/\/sindaopcpb.org.br\/index.php\/wp-json\/wp\/v2\/categories?post=63247"},{"taxonomy":"post_tag","embeddable":true,"href":"https:\/\/sindaopcpb.org.br\/index.php\/wp-json\/wp\/v2\/tags?post=63247"}],"curies":[{"name":"wp","href":"https:\/\/api.w.org\/{rel}","templated":true}]}}