{"id":63225,"date":"2025-12-01T19:35:17","date_gmt":"2025-12-01T22:35:17","guid":{"rendered":"https:\/\/www.pbagora.com.br\/?p=928541"},"modified":"2025-12-01T19:35:17","modified_gmt":"2025-12-01T22:35:17","slug":"mp-instaura-procedimento-para-acompanhar-medidas-relacionadas-a-morte-na-bica","status":"publish","type":"post","link":"https:\/\/sindaopcpb.org.br\/index.php\/2025\/12\/01\/mp-instaura-procedimento-para-acompanhar-medidas-relacionadas-a-morte-na-bica\/","title":{"rendered":"MP instaura procedimento para acompanhar medidas relacionadas \u00e0 morte na Bica"},"content":{"rendered":"<p><img width=\"1024\" height=\"980\" src=\"https:\/\/www.pbagora.com.br\/storage\/2025\/12\/fachadapgj-1024x980.jpeg\" class=\"attachment-large size-large wp-post-image\" alt=\"\" style=\"margin-bottom: 20px;\" decoding=\"async\" srcset=\"https:\/\/www.pbagora.com.br\/storage\/2025\/12\/fachadapgj-1024x980.jpeg 1024w, https:\/\/www.pbagora.com.br\/storage\/2025\/12\/fachadapgj-300x287.jpeg 300w, https:\/\/www.pbagora.com.br\/storage\/2025\/12\/fachadapgj-150x144.jpeg 150w, https:\/\/www.pbagora.com.br\/storage\/2025\/12\/fachadapgj-768x735.jpeg 768w, https:\/\/www.pbagora.com.br\/storage\/2025\/12\/fachadapgj-1536x1471.jpeg 1536w, https:\/\/www.pbagora.com.br\/storage\/2025\/12\/fachadapgj-2048x1961.jpeg 2048w, https:\/\/www.pbagora.com.br\/storage\/2025\/12\/fachadapgj-380x364.jpeg 380w, https:\/\/www.pbagora.com.br\/storage\/2025\/12\/fachadapgj-800x766.jpeg 800w, https:\/\/www.pbagora.com.br\/storage\/2025\/12\/fachadapgj-1160x1111.jpeg 1160w, https:\/\/www.pbagora.com.br\/storage\/2025\/12\/fachadapgj-80x77.jpeg 80w, https:\/\/www.pbagora.com.br\/storage\/2025\/12\/fachadapgj-760x728.jpeg 760w, https:\/\/www.pbagora.com.br\/storage\/2025\/12\/fachadapgj-600x574.jpeg 600w, https:\/\/www.pbagora.com.br\/storage\/2025\/12\/fachadapgj-scaled.jpeg 2560w\" sizes=\"(max-width: 1024px) 100vw, 1024px\" \/><\/p>\n<p>O Minist\u00e9rio P\u00fablico da Para\u00edba, por meio do 42\u00ba Promotor de Justi\u00e7a de Jo\u00e3o Pessoa, com atribui\u00e7\u00f5es na tutela do Meio Ambiente e do Patrim\u00f4nio Social, Edmilson de Campos Leite Filho, instaurou Not\u00edcia de Fato para acompanhar as medidas adotadas pelos \u00f3rg\u00e3os competentes relacionadas ao epis\u00f3dio ocorrido na Bica.&nbsp;<\/p>\n\n\n\n<p>A NF foi instaurada ainda neste domingo (30\/11), data em que Gerson de Melo Machado, de 19 anos, foi morto pela leoa Leona no Parque Arruda C\u00e2mara, mais conhecido como Bica, na Capital. De acordo com a prefeitura, que administra o local, e v\u00eddeos que registraram o ocorrido, o rapaz escalou uma parede, passou pela grade de prote\u00e7\u00e3o e desceu para o ambiente do animal por uma \u00e1rvore. O Parque estava aberto aos visitantes no momento do ataque.<\/p>\n\n\n\n<p>Para instaurar o procedimento, o promotor de Justi\u00e7a levou em considera\u00e7\u00e3o o dever do Minist\u00e9rio P\u00fablico de zelar pela efetividade das pol\u00edticas p\u00fablicas ambientais, pelo bem-estar da fauna e pelo cumprimento das normas de seguran\u00e7a e manejo previstas na legisla\u00e7\u00e3o ambiental. Considerou tamb\u00e9m a repercuss\u00e3o social e ambiental do fato, bem como a necessidade de avaliar, sob a perspectiva da tutela coletiva, as provid\u00eancias adotadas pelo Poder P\u00fablico municipal no tocante ao manejo da fauna sob sua guarda.&nbsp;<\/p>\n\n\n\n<p>Na NF, o Minist\u00e9rio P\u00fablico determina que a Secretaria Municipal de Meio Ambiente (Semam\/JP) seja oficiada para informar no prazo de 15 dias, quais provid\u00eancias foram adotadas ap\u00f3s o ocorrido, especificando eventuais procedimentos administrativos, vistorias, avalia\u00e7\u00f5es t\u00e9cnicas ou medidas de refor\u00e7o de seguran\u00e7a relacionadas ao Parque Arruda C\u00e2mara.&nbsp;<\/p>\n\n\n\n<p>No mesmo prazo, a dire\u00e7\u00e3o do Parque Zoobot\u00e2nico Arruda C\u00e2mara \u2013 Bica, deve esclarecer as provid\u00eancias adotadas em raz\u00e3o dos recentes acontecimentos, inclusive no tocante ao manejo e \u00e0 prote\u00e7\u00e3o da leoa. O Minist\u00e9rio P\u00fablico quer saber: se o parque mant\u00e9m e observa integralmente os padr\u00f5es t\u00e9cnicos de seguran\u00e7a aplic\u00e1veis ao recinto e ao manejo de fauna silvestre em cativeiro; se foram realizados exames m\u00e9dico-veterin\u00e1rios completos na leoa, antes e ap\u00f3s o fato, com vistas \u00e0 manuten\u00e7\u00e3o da higidez f\u00edsica e comportamental do animal, juntando, se houver, relat\u00f3rios m\u00e9dicos, exames laboratoriais, registros de comportamento ou protocolos de avalia\u00e7\u00e3o p\u00f3s-ocorr\u00eancia; e quais medidas de manejo, bem-estar e enriquecimento ambiental foram adotadas ou refor\u00e7adas ap\u00f3s o fato.<\/p>\n\n\n\n<p>\u201cEstamos atentos e vigilantes para o caso, devendo dizer que outras medidas podem ser tomadas no futuro, caso o Minist\u00e9rio P\u00fablico entenda necess\u00e1rias, notadamente aquelas que digam respeito \u00e0 seguran\u00e7a do pr\u00f3prio animal e da popula\u00e7\u00e3o que frequenta o ambiente\u201d, concluiu o promotor Edmilson de Campos Leite Filho.<\/p>\n\n\n\n<p><\/p>\n\n\n\n<ol class=\"wp-block-list\"><\/ol>\n\n\n\n<p><\/p>\n","protected":false},"excerpt":{"rendered":"<p><img loading=\"lazy\" decoding=\"async\" width=\"1024\" height=\"980\" src=\"https:\/\/www.pbagora.com.br\/storage\/2025\/12\/fachadapgj-1024x980.jpeg\" class=\"attachment-large size-large wp-post-image\" alt=\"\" srcset=\"https:\/\/www.pbagora.com.br\/storage\/2025\/12\/fachadapgj-1024x980.jpeg 1024w, https:\/\/www.pbagora.com.br\/storage\/2025\/12\/fachadapgj-300x287.jpeg 300w, https:\/\/www.pbagora.com.br\/storage\/2025\/12\/fachadapgj-150x144.jpeg 150w, https:\/\/www.pbagora.com.br\/storage\/2025\/12\/fachadapgj-768x735.jpeg 768w, https:\/\/www.pbagora.com.br\/storage\/2025\/12\/fachadapgj-1536x1471.jpeg 1536w, https:\/\/www.pbagora.com.br\/storage\/2025\/12\/fachadapgj-2048x1961.jpeg 2048w, https:\/\/www.pbagora.com.br\/storage\/2025\/12\/fachadapgj-380x364.jpeg 380w, https:\/\/www.pbagora.com.br\/storage\/2025\/12\/fachadapgj-800x766.jpeg 800w, https:\/\/www.pbagora.com.br\/storage\/2025\/12\/fachadapgj-1160x1111.jpeg 1160w, https:\/\/www.pbagora.com.br\/storage\/2025\/12\/fachadapgj-80x77.jpeg 80w, https:\/\/www.pbagora.com.br\/storage\/2025\/12\/fachadapgj-760x728.jpeg 760w, https:\/\/www.pbagora.com.br\/storage\/2025\/12\/fachadapgj-600x574.jpeg 600w, https:\/\/www.pbagora.com.br\/storage\/2025\/12\/fachadapgj-scaled.jpeg 2560w\" sizes=\"auto, (max-width: 1024px) 100vw, 1024px\"><\/p>\n<p>O Minist\u00e9rio P\u00fablico da Para\u00edba, por meio do 42\u00ba Promotor de Justi\u00e7a de Jo\u00e3o Pessoa, com atribui\u00e7\u00f5es na\u2026<\/p>\n","protected":false},"author":123457,"featured_media":0,"comment_status":"closed","ping_status":"closed","sticky":false,"template":"","format":"standard","meta":{"advgb_blocks_editor_width":"","advgb_blocks_columns_visual_guide":"","footnotes":""},"categories":[34],"tags":[10841,35,10839],"class_list":["post-63225","post","type-post","status-publish","format-standard","hentry","category-g1","tag-destaque-centro-02","tag-g1","tag-policial"],"author_meta":{"display_name":"Reda\u00e7\u00e3o","author_link":"https:\/\/sindaopcpb.org.br\/author\/redacao\/"},"featured_img":null,"coauthors":[],"tax_additional":{"categories":{"linked":["<a href=\"https:\/\/sindaopcpb.org.br\/g1\/\" class=\"advgb-post-tax-term\">G1<\/a>"],"unlinked":["<span class=\"advgb-post-tax-term\">G1<\/span>"]},"tags":{"linked":["<a href=\"https:\/\/sindaopcpb.org.br\/g1\/\" class=\"advgb-post-tax-term\">Destaque Centro 02<\/a>","<a href=\"https:\/\/sindaopcpb.org.br\/g1\/\" class=\"advgb-post-tax-term\">g1<\/a>","<a href=\"https:\/\/sindaopcpb.org.br\/g1\/\" class=\"advgb-post-tax-term\">Policial<\/a>"],"unlinked":["<span class=\"advgb-post-tax-term\">Destaque Centro 02<\/span>","<span class=\"advgb-post-tax-term\">g1<\/span>","<span class=\"advgb-post-tax-term\">Policial<\/span>"]}},"comment_count":"0","relative_dates":{"created":"Publicado 5 meses atr\u00e1s","modified":"Atualizado 5 meses atr\u00e1s"},"absolute_dates":{"created":"Publicado em 1 de dezembro de 2025","modified":"Atualizado em 1 de dezembro de 2025"},"absolute_dates_time":{"created":"Publicado em 1 de dezembro de 2025 19:35","modified":"Atualizado em 1 de dezembro de 2025 19:35"},"featured_img_caption":"","series_order":"","_links":{"self":[{"href":"https:\/\/sindaopcpb.org.br\/index.php\/wp-json\/wp\/v2\/posts\/63225","targetHints":{"allow":["GET"]}}],"collection":[{"href":"https:\/\/sindaopcpb.org.br\/index.php\/wp-json\/wp\/v2\/posts"}],"about":[{"href":"https:\/\/sindaopcpb.org.br\/index.php\/wp-json\/wp\/v2\/types\/post"}],"author":[{"embeddable":true,"href":"https:\/\/sindaopcpb.org.br\/index.php\/wp-json\/wp\/v2\/users\/123457"}],"replies":[{"embeddable":true,"href":"https:\/\/sindaopcpb.org.br\/index.php\/wp-json\/wp\/v2\/comments?post=63225"}],"version-history":[{"count":3,"href":"https:\/\/sindaopcpb.org.br\/index.php\/wp-json\/wp\/v2\/posts\/63225\/revisions"}],"predecessor-version":[{"id":63239,"href":"https:\/\/sindaopcpb.org.br\/index.php\/wp-json\/wp\/v2\/posts\/63225\/revisions\/63239"}],"wp:attachment":[{"href":"https:\/\/sindaopcpb.org.br\/index.php\/wp-json\/wp\/v2\/media?parent=63225"}],"wp:term":[{"taxonomy":"category","embeddable":true,"href":"https:\/\/sindaopcpb.org.br\/index.php\/wp-json\/wp\/v2\/categories?post=63225"},{"taxonomy":"post_tag","embeddable":true,"href":"https:\/\/sindaopcpb.org.br\/index.php\/wp-json\/wp\/v2\/tags?post=63225"}],"curies":[{"name":"wp","href":"https:\/\/api.w.org\/{rel}","templated":true}]}}