{"id":63220,"date":"2025-12-01T17:35:34","date_gmt":"2025-12-01T20:35:34","guid":{"rendered":"https:\/\/www.pbagora.com.br\/?p=928552"},"modified":"2025-12-01T17:35:34","modified_gmt":"2025-12-01T20:35:34","slug":"suspeito-se-apresenta-apos-policia-civil-conseguir-mandado-de-prisao-referente-a-homicidio-em-cubati","status":"publish","type":"post","link":"https:\/\/sindaopcpb.org.br\/index.php\/2025\/12\/01\/suspeito-se-apresenta-apos-policia-civil-conseguir-mandado-de-prisao-referente-a-homicidio-em-cubati\/","title":{"rendered":"Suspeito se apresenta ap\u00f3s Pol\u00edcia Civil conseguir mandado de pris\u00e3o referente a homic\u00eddio em Cubati"},"content":{"rendered":"<p><img width=\"409\" height=\"736\" src=\"https:\/\/www.pbagora.com.br\/storage\/2025\/12\/WhatsApp-Image-2025-12-01-at-14.15.51.jpeg\" class=\"attachment-large size-large wp-post-image\" alt=\"\" style=\"margin-bottom: 20px;\" decoding=\"async\" srcset=\"https:\/\/www.pbagora.com.br\/storage\/2025\/12\/WhatsApp-Image-2025-12-01-at-14.15.51.jpeg 409w, https:\/\/www.pbagora.com.br\/storage\/2025\/12\/WhatsApp-Image-2025-12-01-at-14.15.51-167x300.jpeg 167w, https:\/\/www.pbagora.com.br\/storage\/2025\/12\/WhatsApp-Image-2025-12-01-at-14.15.51-83x150.jpeg 83w, https:\/\/www.pbagora.com.br\/storage\/2025\/12\/WhatsApp-Image-2025-12-01-at-14.15.51-380x684.jpeg 380w, https:\/\/www.pbagora.com.br\/storage\/2025\/12\/WhatsApp-Image-2025-12-01-at-14.15.51-80x144.jpeg 80w, https:\/\/www.pbagora.com.br\/storage\/2025\/12\/WhatsApp-Image-2025-12-01-at-14.15.51-44x80.jpeg 44w, https:\/\/www.pbagora.com.br\/storage\/2025\/12\/WhatsApp-Image-2025-12-01-at-14.15.51-333x600.jpeg 333w\" sizes=\"(max-width: 409px) 100vw, 409px\" \/><\/p>\n<p>J\u00e1 est\u00e1 preso o homem de iniciais V.S.L., 24 anos, investigado pelo assassinato de Jos\u00e9 Roberto Gon\u00e7alves da Silva, no munic\u00edpio de Cubati. O crime foi cometido na madrugada desse s\u00e1bado, 29 de novembro, e 48 horas ap\u00f3s o delito o suspeito se apresentou \u00e0 Pol\u00edcia Civil em Campina Grande.<\/p>\n\n\n\n<p>O caso \u00e9 investigado pelo Grupo T\u00e1tico Especial (GTE) da 23\u00aa Delegacia Seccional, com sede em Juazeirinho, cuja circunscri\u00e7\u00e3o abrange tamb\u00e9m a cidade de Cubati. O mandado de pris\u00e3o preventiva, representado pela Pol\u00edcia Civil, j\u00e1 havia sido expedido quando V.S.L. se apresentou \u00e0 Delegacia de Homic\u00eddios de Campina Grande. O suspeito est\u00e1 recolhido para ser ouvido em audi\u00eancia de cust\u00f3dia.<\/p>\n\n\n\n<p><strong>O crime<\/strong><\/p>\n\n\n\n<p>Jos\u00e9 Roberto foi assassinado com golpes de faca, na comunidade conhecido como Morro do Urubu, quando consumia bebidas alco\u00f3licas com dois homens e uma mulher. Principal suspeito do crime, V.S.L. fugiu ap\u00f3s desferir a facada em Jos\u00e9 Roberto.<\/p>\n\n\n\n<p><strong><em>Ascom Pol\u00edcia Civil<\/em><\/strong><\/p>\n","protected":false},"excerpt":{"rendered":"<p><img loading=\"lazy\" decoding=\"async\" width=\"409\" height=\"736\" src=\"https:\/\/www.pbagora.com.br\/storage\/2025\/12\/WhatsApp-Image-2025-12-01-at-14.15.51.jpeg\" class=\"attachment-large size-large wp-post-image\" alt=\"\" srcset=\"https:\/\/www.pbagora.com.br\/storage\/2025\/12\/WhatsApp-Image-2025-12-01-at-14.15.51.jpeg 409w, https:\/\/www.pbagora.com.br\/storage\/2025\/12\/WhatsApp-Image-2025-12-01-at-14.15.51-167x300.jpeg 167w, https:\/\/www.pbagora.com.br\/storage\/2025\/12\/WhatsApp-Image-2025-12-01-at-14.15.51-83x150.jpeg 83w, https:\/\/www.pbagora.com.br\/storage\/2025\/12\/WhatsApp-Image-2025-12-01-at-14.15.51-380x684.jpeg 380w, https:\/\/www.pbagora.com.br\/storage\/2025\/12\/WhatsApp-Image-2025-12-01-at-14.15.51-80x144.jpeg 80w, https:\/\/www.pbagora.com.br\/storage\/2025\/12\/WhatsApp-Image-2025-12-01-at-14.15.51-44x80.jpeg 44w, https:\/\/www.pbagora.com.br\/storage\/2025\/12\/WhatsApp-Image-2025-12-01-at-14.15.51-333x600.jpeg 333w\" sizes=\"auto, (max-width: 409px) 100vw, 409px\"><\/p>\n<p>J\u00e1 est\u00e1 preso o homem de iniciais V.S.L., 24 anos, investigado pelo assassinato de Jos\u00e9 Roberto Gon\u00e7alves da\u2026<\/p>\n","protected":false},"author":123457,"featured_media":0,"comment_status":"closed","ping_status":"closed","sticky":false,"template":"","format":"standard","meta":{"advgb_blocks_editor_width":"","advgb_blocks_columns_visual_guide":"","footnotes":""},"categories":[34],"tags":[10841,35,10839],"class_list":["post-63220","post","type-post","status-publish","format-standard","hentry","category-g1","tag-destaque-centro-02","tag-g1","tag-policial"],"author_meta":{"display_name":"Reda\u00e7\u00e3o","author_link":"https:\/\/sindaopcpb.org.br\/author\/redacao\/"},"featured_img":null,"coauthors":[],"tax_additional":{"categories":{"linked":["<a href=\"https:\/\/sindaopcpb.org.br\/g1\/\" class=\"advgb-post-tax-term\">G1<\/a>"],"unlinked":["<span class=\"advgb-post-tax-term\">G1<\/span>"]},"tags":{"linked":["<a href=\"https:\/\/sindaopcpb.org.br\/g1\/\" class=\"advgb-post-tax-term\">Destaque Centro 02<\/a>","<a href=\"https:\/\/sindaopcpb.org.br\/g1\/\" class=\"advgb-post-tax-term\">g1<\/a>","<a href=\"https:\/\/sindaopcpb.org.br\/g1\/\" class=\"advgb-post-tax-term\">Policial<\/a>"],"unlinked":["<span class=\"advgb-post-tax-term\">Destaque Centro 02<\/span>","<span class=\"advgb-post-tax-term\">g1<\/span>","<span class=\"advgb-post-tax-term\">Policial<\/span>"]}},"comment_count":"0","relative_dates":{"created":"Publicado 5 meses atr\u00e1s","modified":"Atualizado 5 meses atr\u00e1s"},"absolute_dates":{"created":"Publicado em 1 de dezembro de 2025","modified":"Atualizado em 1 de dezembro de 2025"},"absolute_dates_time":{"created":"Publicado em 1 de dezembro de 2025 17:35","modified":"Atualizado em 1 de dezembro de 2025 17:35"},"featured_img_caption":"","series_order":"","_links":{"self":[{"href":"https:\/\/sindaopcpb.org.br\/index.php\/wp-json\/wp\/v2\/posts\/63220","targetHints":{"allow":["GET"]}}],"collection":[{"href":"https:\/\/sindaopcpb.org.br\/index.php\/wp-json\/wp\/v2\/posts"}],"about":[{"href":"https:\/\/sindaopcpb.org.br\/index.php\/wp-json\/wp\/v2\/types\/post"}],"author":[{"embeddable":true,"href":"https:\/\/sindaopcpb.org.br\/index.php\/wp-json\/wp\/v2\/users\/123457"}],"replies":[{"embeddable":true,"href":"https:\/\/sindaopcpb.org.br\/index.php\/wp-json\/wp\/v2\/comments?post=63220"}],"version-history":[{"count":3,"href":"https:\/\/sindaopcpb.org.br\/index.php\/wp-json\/wp\/v2\/posts\/63220\/revisions"}],"predecessor-version":[{"id":63232,"href":"https:\/\/sindaopcpb.org.br\/index.php\/wp-json\/wp\/v2\/posts\/63220\/revisions\/63232"}],"wp:attachment":[{"href":"https:\/\/sindaopcpb.org.br\/index.php\/wp-json\/wp\/v2\/media?parent=63220"}],"wp:term":[{"taxonomy":"category","embeddable":true,"href":"https:\/\/sindaopcpb.org.br\/index.php\/wp-json\/wp\/v2\/categories?post=63220"},{"taxonomy":"post_tag","embeddable":true,"href":"https:\/\/sindaopcpb.org.br\/index.php\/wp-json\/wp\/v2\/tags?post=63220"}],"curies":[{"name":"wp","href":"https:\/\/api.w.org\/{rel}","templated":true}]}}