{"id":63212,"date":"2025-12-01T11:28:35","date_gmt":"2025-12-01T14:28:35","guid":{"rendered":"https:\/\/www.pbagora.com.br\/?p=928493"},"modified":"2025-12-01T16:35:35","modified_gmt":"2025-12-01T19:35:35","slug":"acidente-com-carreta-causa-lentidao-na-br-101-entre-pe-e-pb-rodovia-segue-interditada-parcialmente","status":"publish","type":"post","link":"https:\/\/sindaopcpb.org.br\/index.php\/2025\/12\/01\/acidente-com-carreta-causa-lentidao-na-br-101-entre-pe-e-pb-rodovia-segue-interditada-parcialmente\/","title":{"rendered":"Acidente com carreta causa lentid\u00e3o na BR-101 entre PE e PB"},"content":{"rendered":"<p><img width=\"556\" height=\"419\" src=\"https:\/\/www.pbagora.com.br\/storage\/2025\/12\/Captura-de-tela-2025-12-01-112554.png\" class=\"attachment-large size-large wp-post-image\" alt=\"\" style=\"margin-bottom: 20px;\" decoding=\"async\" srcset=\"https:\/\/www.pbagora.com.br\/storage\/2025\/12\/Captura-de-tela-2025-12-01-112554.png 556w, https:\/\/www.pbagora.com.br\/storage\/2025\/12\/Captura-de-tela-2025-12-01-112554-300x226.png 300w, https:\/\/www.pbagora.com.br\/storage\/2025\/12\/Captura-de-tela-2025-12-01-112554-150x113.png 150w, https:\/\/www.pbagora.com.br\/storage\/2025\/12\/Captura-de-tela-2025-12-01-112554-200x150.png 200w, https:\/\/www.pbagora.com.br\/storage\/2025\/12\/Captura-de-tela-2025-12-01-112554-260x195.png 260w, https:\/\/www.pbagora.com.br\/storage\/2025\/12\/Captura-de-tela-2025-12-01-112554-380x286.png 380w, https:\/\/www.pbagora.com.br\/storage\/2025\/12\/Captura-de-tela-2025-12-01-112554-80x60.png 80w\" sizes=\"(max-width: 556px) 100vw, 556px\" \/><\/p>\n<p>Um motorista de carreta perdeu o controle do ve\u00edculo e se envolveu em um grave acidente na BR-101, provocando o tombamento da carreta e congestionamento na rodovia entre Pernambuco e Para\u00edba.<\/p>\n\n\n\n<p>O acidente aconteceu por volta das 8h20, no Km 2,5 da BR-101, em Goiana, no sentido Jo\u00e3o Pessoa, segundo informa\u00e7\u00f5es da Pol\u00edcia Rodovi\u00e1ria Federal (PRF).<\/p>\n\n\n<div class=\"wp-block-image\">\n<figure class=\"aligncenter size-full\"><img  decoding=\"async\"  width=\"348\"  height=\"259\"  src=\"https:\/\/www.pbagora.com.br\/storage\/2025\/12\/Captura-de-tela-2025-12-01-112713.png\"  alt=\"\"  class=\"wp-image-928496\"  srcset=\"https:\/\/www.pbagora.com.br\/storage\/2025\/12\/Captura-de-tela-2025-12-01-112713.png 348w, https:\/\/www.pbagora.com.br\/storage\/2025\/12\/Captura-de-tela-2025-12-01-112713-300x223.png 300w, https:\/\/www.pbagora.com.br\/storage\/2025\/12\/Captura-de-tela-2025-12-01-112713-150x112.png 150w, https:\/\/www.pbagora.com.br\/storage\/2025\/12\/Captura-de-tela-2025-12-01-112713-200x150.png 200w, https:\/\/www.pbagora.com.br\/storage\/2025\/12\/Captura-de-tela-2025-12-01-112713-260x195.png 260w, https:\/\/www.pbagora.com.br\/storage\/2025\/12\/Captura-de-tela-2025-12-01-112713-80x60.png 80w\"  sizes=\"(max-width: 348px) 100vw, 348px\" ><\/figure><\/div>\n\n\n<p>O motorista, que estava sozinho, ficou ferido e foi socorrido pelo Corpo de Bombeiros para uma unidade de sa\u00fade.<\/p>\n\n\n\n<p>A carreta permanece ocupando duas faixas da estrada, obrigando os ve\u00edculos a circularem pelo acostamento. O tr\u00e2nsito est\u00e1 lento no local, com congestionamento estimado em cerca de 2 km.<\/p>\n\n\n\n<p><strong><em>PB Agora<\/em><\/strong><\/p>\n","protected":false},"excerpt":{"rendered":"<p><img loading=\"lazy\" decoding=\"async\" width=\"556\" height=\"419\" src=\"https:\/\/www.pbagora.com.br\/storage\/2025\/12\/Captura-de-tela-2025-12-01-112554.png\" class=\"attachment-large size-large wp-post-image\" alt=\"\" srcset=\"https:\/\/www.pbagora.com.br\/storage\/2025\/12\/Captura-de-tela-2025-12-01-112554.png 556w, https:\/\/www.pbagora.com.br\/storage\/2025\/12\/Captura-de-tela-2025-12-01-112554-300x226.png 300w, https:\/\/www.pbagora.com.br\/storage\/2025\/12\/Captura-de-tela-2025-12-01-112554-150x113.png 150w, https:\/\/www.pbagora.com.br\/storage\/2025\/12\/Captura-de-tela-2025-12-01-112554-200x150.png 200w, https:\/\/www.pbagora.com.br\/storage\/2025\/12\/Captura-de-tela-2025-12-01-112554-260x195.png 260w, https:\/\/www.pbagora.com.br\/storage\/2025\/12\/Captura-de-tela-2025-12-01-112554-380x286.png 380w, https:\/\/www.pbagora.com.br\/storage\/2025\/12\/Captura-de-tela-2025-12-01-112554-80x60.png 80w\" sizes=\"auto, (max-width: 556px) 100vw, 556px\"><\/p>\n<p>Um motorista de carreta perdeu o controle do ve\u00edculo e se envolveu em um grave acidente na BR-101,\u2026<\/p>\n","protected":false},"author":123457,"featured_media":0,"comment_status":"closed","ping_status":"closed","sticky":false,"template":"","format":"standard","meta":{"advgb_blocks_editor_width":"","advgb_blocks_columns_visual_guide":"","footnotes":""},"categories":[34],"tags":[10840,35,10839],"class_list":["post-63212","post","type-post","status-publish","format-standard","hentry","category-g1","tag-destaque-centro-03","tag-g1","tag-policial"],"author_meta":{"display_name":"Reda\u00e7\u00e3o","author_link":"https:\/\/sindaopcpb.org.br\/author\/redacao\/"},"featured_img":null,"coauthors":[],"tax_additional":{"categories":{"linked":["<a href=\"https:\/\/sindaopcpb.org.br\/g1\/\" class=\"advgb-post-tax-term\">G1<\/a>"],"unlinked":["<span class=\"advgb-post-tax-term\">G1<\/span>"]},"tags":{"linked":["<a href=\"https:\/\/sindaopcpb.org.br\/g1\/\" class=\"advgb-post-tax-term\">Destaque Centro 03<\/a>","<a href=\"https:\/\/sindaopcpb.org.br\/g1\/\" class=\"advgb-post-tax-term\">g1<\/a>","<a href=\"https:\/\/sindaopcpb.org.br\/g1\/\" class=\"advgb-post-tax-term\">Policial<\/a>"],"unlinked":["<span class=\"advgb-post-tax-term\">Destaque Centro 03<\/span>","<span class=\"advgb-post-tax-term\">g1<\/span>","<span class=\"advgb-post-tax-term\">Policial<\/span>"]}},"comment_count":"0","relative_dates":{"created":"Publicado 5 meses atr\u00e1s","modified":"Atualizado 5 meses atr\u00e1s"},"absolute_dates":{"created":"Publicado em 1 de dezembro de 2025","modified":"Atualizado em 1 de dezembro de 2025"},"absolute_dates_time":{"created":"Publicado em 1 de dezembro de 2025 11:28","modified":"Atualizado em 1 de dezembro de 2025 16:35"},"featured_img_caption":"","series_order":"","_links":{"self":[{"href":"https:\/\/sindaopcpb.org.br\/index.php\/wp-json\/wp\/v2\/posts\/63212","targetHints":{"allow":["GET"]}}],"collection":[{"href":"https:\/\/sindaopcpb.org.br\/index.php\/wp-json\/wp\/v2\/posts"}],"about":[{"href":"https:\/\/sindaopcpb.org.br\/index.php\/wp-json\/wp\/v2\/types\/post"}],"author":[{"embeddable":true,"href":"https:\/\/sindaopcpb.org.br\/index.php\/wp-json\/wp\/v2\/users\/123457"}],"replies":[{"embeddable":true,"href":"https:\/\/sindaopcpb.org.br\/index.php\/wp-json\/wp\/v2\/comments?post=63212"}],"version-history":[{"count":3,"href":"https:\/\/sindaopcpb.org.br\/index.php\/wp-json\/wp\/v2\/posts\/63212\/revisions"}],"predecessor-version":[{"id":63224,"href":"https:\/\/sindaopcpb.org.br\/index.php\/wp-json\/wp\/v2\/posts\/63212\/revisions\/63224"}],"wp:attachment":[{"href":"https:\/\/sindaopcpb.org.br\/index.php\/wp-json\/wp\/v2\/media?parent=63212"}],"wp:term":[{"taxonomy":"category","embeddable":true,"href":"https:\/\/sindaopcpb.org.br\/index.php\/wp-json\/wp\/v2\/categories?post=63212"},{"taxonomy":"post_tag","embeddable":true,"href":"https:\/\/sindaopcpb.org.br\/index.php\/wp-json\/wp\/v2\/tags?post=63212"}],"curies":[{"name":"wp","href":"https:\/\/api.w.org\/{rel}","templated":true}]}}