{"id":63208,"date":"2025-12-01T12:18:45","date_gmt":"2025-12-01T15:18:45","guid":{"rendered":"https:\/\/www.pbagora.com.br\/?p=928478"},"modified":"2025-12-01T12:18:45","modified_gmt":"2025-12-01T15:18:45","slug":"homem-e-preso-apos-despencar-de-altura-de-10-metros-ao-tentar-furtar-serralharia-em-cg","status":"publish","type":"post","link":"https:\/\/sindaopcpb.org.br\/index.php\/2025\/12\/01\/homem-e-preso-apos-despencar-de-altura-de-10-metros-ao-tentar-furtar-serralharia-em-cg\/","title":{"rendered":"Homem \u00e9 preso ap\u00f3s despencar de altura de 10 metros ao tentar furtar serralharia em CG"},"content":{"rendered":"<p><img width=\"325\" height=\"332\" src=\"https:\/\/www.pbagora.com.br\/storage\/2025\/12\/Captura-de-tela-2025-12-01-102439.png\" class=\"attachment-large size-large wp-post-image\" alt=\"\" style=\"margin-bottom: 20px;\" decoding=\"async\" loading=\"lazy\" srcset=\"https:\/\/www.pbagora.com.br\/storage\/2025\/12\/Captura-de-tela-2025-12-01-102439.png 325w, https:\/\/www.pbagora.com.br\/storage\/2025\/12\/Captura-de-tela-2025-12-01-102439-294x300.png 294w, https:\/\/www.pbagora.com.br\/storage\/2025\/12\/Captura-de-tela-2025-12-01-102439-147x150.png 147w, https:\/\/www.pbagora.com.br\/storage\/2025\/12\/Captura-de-tela-2025-12-01-102439-80x82.png 80w, https:\/\/www.pbagora.com.br\/storage\/2025\/12\/Captura-de-tela-2025-12-01-102439-78x80.png 78w\" sizes=\"auto, (max-width: 325px) 100vw, 325px\" \/><\/p>\n<p>Na madrugada desta segunda-feira (1\u00ba), um homem de 38 anos foi preso no bairro Liberdade, em Campina Grande, ap\u00f3s tentar furtar uma empresa de serralharia pela segunda vez em menos de 24 horas. <\/p>\n\n\n\n<p>Segundo o sargento Carneiro, do 10\u00ba Batalh\u00e3o da Pol\u00edcia Militar, o suspeito havia invadido o estabelecimento na noite anterior, mas n\u00e3o conseguiu levar nada.<\/p>\n\n\n\n<p>Ap\u00f3s a primeira tentativa, o filho do propriet\u00e1rio decidiu passar a noite no local para flagrar o criminoso caso ele retornasse. Durante a madrugada, o homem voltou ao galp\u00e3o e, ao tentar acessar o interior pelo teto, caiu de uma altura aproximada de 10 metros. Ele foi detido pelo filho do dono at\u00e9 a chegada da Pol\u00edcia Militar.<\/p>\n\n\n\n<p>O suspeito precisou ser socorrido pelo Samu e levado ao Hospital de Emerg\u00eancia e Trauma de Campina Grande. Segundo o m\u00e9dico Henry Leite, ele n\u00e3o sofreu traumas graves, mas permanece em observa\u00e7\u00e3o e passar\u00e1 por exames de imagem para avalia\u00e7\u00e3o mais detalhada.<\/p>\n\n\n\n<p><strong><em>Reda\u00e7\u00e3o<\/em><\/strong><\/p>\n","protected":false},"excerpt":{"rendered":"<p><img decoding=\"async\" width=\"325\" height=\"332\" src=\"https:\/\/www.pbagora.com.br\/storage\/2025\/12\/Captura-de-tela-2025-12-01-102439.png\" class=\"attachment-large size-large wp-post-image\" alt=\"\" loading=\"lazy\" srcset=\"https:\/\/www.pbagora.com.br\/storage\/2025\/12\/Captura-de-tela-2025-12-01-102439.png 325w, https:\/\/www.pbagora.com.br\/storage\/2025\/12\/Captura-de-tela-2025-12-01-102439-294x300.png 294w, https:\/\/www.pbagora.com.br\/storage\/2025\/12\/Captura-de-tela-2025-12-01-102439-147x150.png 147w, https:\/\/www.pbagora.com.br\/storage\/2025\/12\/Captura-de-tela-2025-12-01-102439-80x82.png 80w, https:\/\/www.pbagora.com.br\/storage\/2025\/12\/Captura-de-tela-2025-12-01-102439-78x80.png 78w\" sizes=\"auto, (max-width: 325px) 100vw, 325px\"><\/p>\n<p>Na madrugada desta segunda-feira (1\u00ba), um homem de 38 anos foi preso no bairro Liberdade, em Campina Grande,\u2026<\/p>\n","protected":false},"author":123457,"featured_media":0,"comment_status":"closed","ping_status":"closed","sticky":false,"template":"","format":"standard","meta":{"advgb_blocks_editor_width":"","advgb_blocks_columns_visual_guide":"","footnotes":""},"categories":[34],"tags":[35,10839],"class_list":["post-63208","post","type-post","status-publish","format-standard","hentry","category-g1","tag-g1","tag-policial"],"author_meta":{"display_name":"Reda\u00e7\u00e3o","author_link":"https:\/\/sindaopcpb.org.br\/author\/redacao\/"},"featured_img":null,"coauthors":[],"tax_additional":{"categories":{"linked":["<a href=\"https:\/\/sindaopcpb.org.br\/g1\/\" class=\"advgb-post-tax-term\">G1<\/a>"],"unlinked":["<span class=\"advgb-post-tax-term\">G1<\/span>"]},"tags":{"linked":["<a href=\"https:\/\/sindaopcpb.org.br\/g1\/\" class=\"advgb-post-tax-term\">g1<\/a>","<a href=\"https:\/\/sindaopcpb.org.br\/g1\/\" class=\"advgb-post-tax-term\">Policial<\/a>"],"unlinked":["<span class=\"advgb-post-tax-term\">g1<\/span>","<span class=\"advgb-post-tax-term\">Policial<\/span>"]}},"comment_count":"0","relative_dates":{"created":"Publicado 5 meses atr\u00e1s","modified":"Atualizado 5 meses atr\u00e1s"},"absolute_dates":{"created":"Publicado em 1 de dezembro de 2025","modified":"Atualizado em 1 de dezembro de 2025"},"absolute_dates_time":{"created":"Publicado em 1 de dezembro de 2025 12:18","modified":"Atualizado em 1 de dezembro de 2025 12:18"},"featured_img_caption":"","series_order":"","_links":{"self":[{"href":"https:\/\/sindaopcpb.org.br\/index.php\/wp-json\/wp\/v2\/posts\/63208","targetHints":{"allow":["GET"]}}],"collection":[{"href":"https:\/\/sindaopcpb.org.br\/index.php\/wp-json\/wp\/v2\/posts"}],"about":[{"href":"https:\/\/sindaopcpb.org.br\/index.php\/wp-json\/wp\/v2\/types\/post"}],"author":[{"embeddable":true,"href":"https:\/\/sindaopcpb.org.br\/index.php\/wp-json\/wp\/v2\/users\/123457"}],"replies":[{"embeddable":true,"href":"https:\/\/sindaopcpb.org.br\/index.php\/wp-json\/wp\/v2\/comments?post=63208"}],"version-history":[{"count":1,"href":"https:\/\/sindaopcpb.org.br\/index.php\/wp-json\/wp\/v2\/posts\/63208\/revisions"}],"predecessor-version":[{"id":63211,"href":"https:\/\/sindaopcpb.org.br\/index.php\/wp-json\/wp\/v2\/posts\/63208\/revisions\/63211"}],"wp:attachment":[{"href":"https:\/\/sindaopcpb.org.br\/index.php\/wp-json\/wp\/v2\/media?parent=63208"}],"wp:term":[{"taxonomy":"category","embeddable":true,"href":"https:\/\/sindaopcpb.org.br\/index.php\/wp-json\/wp\/v2\/categories?post=63208"},{"taxonomy":"post_tag","embeddable":true,"href":"https:\/\/sindaopcpb.org.br\/index.php\/wp-json\/wp\/v2\/tags?post=63208"}],"curies":[{"name":"wp","href":"https:\/\/api.w.org\/{rel}","templated":true}]}}