{"id":63187,"date":"2025-11-28T20:00:01","date_gmt":"2025-11-28T23:00:01","guid":{"rendered":"https:\/\/www.pbagora.com.br\/?p=928233"},"modified":"2025-11-29T08:22:01","modified_gmt":"2025-11-29T11:22:01","slug":"40-anos-de-prisao-mp-consegue-condenacao-de-reu-por-morte-de-mulher-em-shopping","status":"publish","type":"post","link":"https:\/\/sindaopcpb.org.br\/index.php\/2025\/11\/28\/40-anos-de-prisao-mp-consegue-condenacao-de-reu-por-morte-de-mulher-em-shopping\/","title":{"rendered":"40 anos de pris\u00e3o: MP consegue condena\u00e7\u00e3o de r\u00e9u por morte de mulher em shopping"},"content":{"rendered":"<p><img width=\"730\" height=\"450\" src=\"https:\/\/www.pbagora.com.br\/storage\/2025\/11\/jurimangabeira2.jpg\" class=\"attachment-large size-large wp-post-image\" alt=\"\" style=\"margin-bottom: 20px;\" decoding=\"async\" srcset=\"https:\/\/www.pbagora.com.br\/storage\/2025\/11\/jurimangabeira2.jpg 730w, https:\/\/www.pbagora.com.br\/storage\/2025\/11\/jurimangabeira2-300x185.jpg 300w, https:\/\/www.pbagora.com.br\/storage\/2025\/11\/jurimangabeira2-150x92.jpg 150w, https:\/\/www.pbagora.com.br\/storage\/2025\/11\/jurimangabeira2-380x234.jpg 380w, https:\/\/www.pbagora.com.br\/storage\/2025\/11\/jurimangabeira2-80x50.jpg 80w, https:\/\/www.pbagora.com.br\/storage\/2025\/11\/jurimangabeira2-600x370.jpg 600w\" sizes=\"(max-width: 730px) 100vw, 730px\" \/><\/p>\n<p>O julgamento, na 1\u00aa Vara do Tribunal do J\u00fari da Capital, no F\u00f3rum Criminal de Jo\u00e3o Pessoa, foi presidido pelo juiz Ant\u00f4nio Gon\u00e7alves Ribeiro J\u00fanior e durou quase 10 horas. Ao final, os jurados consideram Luiz Carlos Rodrigues dos Santos culpado por todos os crimes pelos quais foi denunciado pelo Minist\u00e9rio P\u00fablico: homic\u00eddio qualificado de Mayara Val\u00e9ria de Barros Ramalho Lemos Siqueira, tentativa de homic\u00eddio do policial civil Daniel Sales de Miranda, porte ilegal de arma de uso restrito e c\u00e1rcere privado de um funcion\u00e1rio do shopping. A pena deve ser cumprida em regime inicialmente fechado, nos termos da lei de crimes hediondos, no Pres\u00eddio S\u00edlvio Porto, ou em outro indicado pelo ju\u00edzo das execu\u00e7\u00f5es penais.<\/p>\n\n\n\n<p>Segundo o promotor de Justi\u00e7a Marcus Leite, que atuou no caso, o resultado do julgamento foi o que era esperado pelo Minist\u00e9rio P\u00fablico da Para\u00edba.<\/p>\n\n\n\n<p><strong><a href=\"https:\/\/youtu.be\/cqP7D3xb1PU\" data-type=\"link\" data-id=\"https:\/\/youtu.be\/cqP7D3xb1PU\">Relembrando o caso<\/a><\/strong><\/p>\n\n\n\n<p>A v\u00edtima do homic\u00eddio, Mayara Val\u00e9ria de Barros Ramalho Lemos Siqueira, era gerente de um restaurante do <a href=\"https:\/\/youtu.be\/cqP7D3xb1PU\" data-type=\"link\" data-id=\"https:\/\/youtu.be\/cqP7D3xb1PU\">Mangabeira Shopping e foi morta a tiros no dia 12 de janeiro de 2024<\/a>. Supostamente por ter recusado emprego a Luiz Carlos Rodrigues dos Santos, candidato em uma sele\u00e7\u00e3o para a vaga.<\/p>\n\n\n\n<p>O policial civil Daniel Sales de Miranda negociava a rendi\u00e7\u00e3o do acusado. Depois de atirar na gerente do restaurante, o acusado ainda fez um ref\u00e9m na pra\u00e7a de alimenta\u00e7\u00e3o: Vinicius Valdevino dos Santos.<\/p>\n\n\n\n<p>O caso teve muita repercuss\u00e3o por ter acontecido em um dos maiores centros comerciais da Capital, o Mangabeira Shopping, em pleno hor\u00e1rio de funcionamento.<\/p>\n\n\n\n<p>Durante as investiga\u00e7\u00f5es, a pol\u00edcia trabalhou com a hip\u00f3tese de crime premeditado e reuniu evid\u00eancias para confirmar a tese.<\/p>\n\n\n\n<p><\/p>\n\n\n\n<p><strong><em>Ascom \/ MPPB<\/em><\/strong><\/p>\n","protected":false},"excerpt":{"rendered":"<p><img loading=\"lazy\" decoding=\"async\" width=\"730\" height=\"450\" src=\"https:\/\/www.pbagora.com.br\/storage\/2025\/11\/jurimangabeira2.jpg\" class=\"attachment-large size-large wp-post-image\" alt=\"\" srcset=\"https:\/\/www.pbagora.com.br\/storage\/2025\/11\/jurimangabeira2.jpg 730w, https:\/\/www.pbagora.com.br\/storage\/2025\/11\/jurimangabeira2-300x185.jpg 300w, https:\/\/www.pbagora.com.br\/storage\/2025\/11\/jurimangabeira2-150x92.jpg 150w, https:\/\/www.pbagora.com.br\/storage\/2025\/11\/jurimangabeira2-380x234.jpg 380w, https:\/\/www.pbagora.com.br\/storage\/2025\/11\/jurimangabeira2-80x50.jpg 80w, https:\/\/www.pbagora.com.br\/storage\/2025\/11\/jurimangabeira2-600x370.jpg 600w\" sizes=\"auto, (max-width: 730px) 100vw, 730px\"><\/p>\n<p>O julgamento, na 1\u00aa Vara do Tribunal do J\u00fari da Capital, no F\u00f3rum Criminal de Jo\u00e3o Pessoa, foi\u2026<\/p>\n","protected":false},"author":123457,"featured_media":0,"comment_status":"closed","ping_status":"closed","sticky":false,"template":"","format":"standard","meta":{"advgb_blocks_editor_width":"","advgb_blocks_columns_visual_guide":"","footnotes":""},"categories":[34],"tags":[10840,35,10839],"class_list":["post-63187","post","type-post","status-publish","format-standard","hentry","category-g1","tag-destaque-centro-03","tag-g1","tag-policial"],"author_meta":{"display_name":"Reda\u00e7\u00e3o","author_link":"https:\/\/sindaopcpb.org.br\/author\/redacao\/"},"featured_img":null,"coauthors":[],"tax_additional":{"categories":{"linked":["<a href=\"https:\/\/sindaopcpb.org.br\/g1\/\" class=\"advgb-post-tax-term\">G1<\/a>"],"unlinked":["<span class=\"advgb-post-tax-term\">G1<\/span>"]},"tags":{"linked":["<a href=\"https:\/\/sindaopcpb.org.br\/g1\/\" class=\"advgb-post-tax-term\">Destaque Centro 03<\/a>","<a href=\"https:\/\/sindaopcpb.org.br\/g1\/\" class=\"advgb-post-tax-term\">g1<\/a>","<a href=\"https:\/\/sindaopcpb.org.br\/g1\/\" class=\"advgb-post-tax-term\">Policial<\/a>"],"unlinked":["<span class=\"advgb-post-tax-term\">Destaque Centro 03<\/span>","<span class=\"advgb-post-tax-term\">g1<\/span>","<span class=\"advgb-post-tax-term\">Policial<\/span>"]}},"comment_count":"0","relative_dates":{"created":"Publicado 5 meses atr\u00e1s","modified":"Atualizado 5 meses atr\u00e1s"},"absolute_dates":{"created":"Publicado em 28 de novembro de 2025","modified":"Atualizado em 29 de novembro de 2025"},"absolute_dates_time":{"created":"Publicado em 28 de novembro de 2025 20:00","modified":"Atualizado em 29 de novembro de 2025 08:22"},"featured_img_caption":"","series_order":"","_links":{"self":[{"href":"https:\/\/sindaopcpb.org.br\/index.php\/wp-json\/wp\/v2\/posts\/63187","targetHints":{"allow":["GET"]}}],"collection":[{"href":"https:\/\/sindaopcpb.org.br\/index.php\/wp-json\/wp\/v2\/posts"}],"about":[{"href":"https:\/\/sindaopcpb.org.br\/index.php\/wp-json\/wp\/v2\/types\/post"}],"author":[{"embeddable":true,"href":"https:\/\/sindaopcpb.org.br\/index.php\/wp-json\/wp\/v2\/users\/123457"}],"replies":[{"embeddable":true,"href":"https:\/\/sindaopcpb.org.br\/index.php\/wp-json\/wp\/v2\/comments?post=63187"}],"version-history":[{"count":4,"href":"https:\/\/sindaopcpb.org.br\/index.php\/wp-json\/wp\/v2\/posts\/63187\/revisions"}],"predecessor-version":[{"id":63201,"href":"https:\/\/sindaopcpb.org.br\/index.php\/wp-json\/wp\/v2\/posts\/63187\/revisions\/63201"}],"wp:attachment":[{"href":"https:\/\/sindaopcpb.org.br\/index.php\/wp-json\/wp\/v2\/media?parent=63187"}],"wp:term":[{"taxonomy":"category","embeddable":true,"href":"https:\/\/sindaopcpb.org.br\/index.php\/wp-json\/wp\/v2\/categories?post=63187"},{"taxonomy":"post_tag","embeddable":true,"href":"https:\/\/sindaopcpb.org.br\/index.php\/wp-json\/wp\/v2\/tags?post=63187"}],"curies":[{"name":"wp","href":"https:\/\/api.w.org\/{rel}","templated":true}]}}