{"id":63168,"date":"2025-11-28T16:10:06","date_gmt":"2025-11-28T19:10:06","guid":{"rendered":"https:\/\/www.pbagora.com.br\/?p=928201"},"modified":"2025-11-28T16:10:06","modified_gmt":"2025-11-28T19:10:06","slug":"de-campina-grande-a-boa-vista-pcpb-localiza-e-prende-foragido-da-justica-em-roraima","status":"publish","type":"post","link":"https:\/\/sindaopcpb.org.br\/index.php\/2025\/11\/28\/de-campina-grande-a-boa-vista-pcpb-localiza-e-prende-foragido-da-justica-em-roraima\/","title":{"rendered":"De Campina Grande a Boa Vista: PCPB localiza e prende foragido da Justi\u00e7a, em Roraima"},"content":{"rendered":"<p><img width=\"768\" height=\"500\" src=\"https:\/\/www.pbagora.com.br\/storage\/2025\/10\/image-221.png\" class=\"attachment-large size-large wp-post-image\" alt=\"\" style=\"margin-bottom: 20px;\" decoding=\"async\" srcset=\"https:\/\/www.pbagora.com.br\/storage\/2025\/10\/image-221.png 768w, https:\/\/www.pbagora.com.br\/storage\/2025\/10\/image-221-300x195.png 300w, https:\/\/www.pbagora.com.br\/storage\/2025\/10\/image-221-150x98.png 150w, https:\/\/www.pbagora.com.br\/storage\/2025\/10\/image-221-380x247.png 380w, https:\/\/www.pbagora.com.br\/storage\/2025\/10\/image-221-80x52.png 80w, https:\/\/www.pbagora.com.br\/storage\/2025\/10\/image-221-760x495.png 760w, https:\/\/www.pbagora.com.br\/storage\/2025\/10\/image-221-600x391.png 600w\" sizes=\"(max-width: 768px) 100vw, 768px\" \/><\/p>\n<p><\/p>\n\n\n\n<p>Uma investiga\u00e7\u00e3o da Pol\u00edcia Civil da Para\u00edba resultou na pris\u00e3o de mais um procurado da justi\u00e7a paraibana que havia fugido para outro estado. Ele foi preso nesta sexta-feira, 28 de novembro, em Boa Vista, capital de Roraima, na regi\u00e3o Norte do pa\u00eds.<\/p>\n\n\n\n<p>A investiga\u00e7\u00e3o \u00e9 da Delegacia de Homic\u00eddios de Campina Grande, com o apoio da Unintelpol\/PCPB, e identificou o paradeiro do foragido. Ap\u00f3s contatos com a Pol\u00edcia Civil de Roraima, o investigado foi localizado e preso. Ele \u00e9 apontado como part\u00edcipe no assassinato de Gabriel da Silva Melo, em abril deste ano, cujo corpo foi encontrado na zona rural de S\u00e3o Jos\u00e9 Mata, distrito de Campina Grande.<\/p>\n\n\n\n<p>O homem preso tem 25 anos de idade. Ele est\u00e1 recolhido em Boa Vista (RR), \u00e0 disposi\u00e7\u00e3o da justi\u00e7a paraibana, que dever\u00e1 agendar a transfer\u00eancia do investigado para a Para\u00edba.<\/p>\n\n\n\n<p>S\u00e3o Paulo<\/p>\n\n\n\n<p>Nessa quinta-feira, 27, a PCPB fez contatos com a Pol\u00edcia Militar de S\u00e3o Paulo e conseguiu prender um homem que fugiu da Para\u00edba ap\u00f3s se envolver em uma les\u00e3o corporal com resultado morte no munic\u00edpio de Monteiro.<\/p>\n\n\n\n<p>19 estados<\/p>\n\n\n\n<p>Levantamento da Secretaria da Seguran\u00e7a e Defesa Social (Sesds) revela que, nos \u00faltimos anos, a Pol\u00edcia Civil paraibana conseguiu localizar e capturar foragidos da justi\u00e7a do nosso estado em 19 unidades federativas do Brasil.<\/p>\n","protected":false},"excerpt":{"rendered":"<p><img loading=\"lazy\" decoding=\"async\" width=\"768\" height=\"500\" src=\"https:\/\/www.pbagora.com.br\/storage\/2025\/10\/image-221.png\" class=\"attachment-large size-large wp-post-image\" alt=\"\" srcset=\"https:\/\/www.pbagora.com.br\/storage\/2025\/10\/image-221.png 768w, https:\/\/www.pbagora.com.br\/storage\/2025\/10\/image-221-300x195.png 300w, https:\/\/www.pbagora.com.br\/storage\/2025\/10\/image-221-150x98.png 150w, https:\/\/www.pbagora.com.br\/storage\/2025\/10\/image-221-380x247.png 380w, https:\/\/www.pbagora.com.br\/storage\/2025\/10\/image-221-80x52.png 80w, https:\/\/www.pbagora.com.br\/storage\/2025\/10\/image-221-760x495.png 760w, https:\/\/www.pbagora.com.br\/storage\/2025\/10\/image-221-600x391.png 600w\" sizes=\"auto, (max-width: 768px) 100vw, 768px\"><\/p>\n<p>Uma investiga\u00e7\u00e3o da Pol\u00edcia Civil da Para\u00edba resultou na pris\u00e3o de mais um procurado da justi\u00e7a paraibana que\u2026<\/p>\n","protected":false},"author":123457,"featured_media":0,"comment_status":"closed","ping_status":"closed","sticky":false,"template":"","format":"standard","meta":{"advgb_blocks_editor_width":"","advgb_blocks_columns_visual_guide":"","footnotes":""},"categories":[34],"tags":[10841,35,10839],"class_list":["post-63168","post","type-post","status-publish","format-standard","hentry","category-g1","tag-destaque-centro-02","tag-g1","tag-policial"],"author_meta":{"display_name":"Reda\u00e7\u00e3o","author_link":"https:\/\/sindaopcpb.org.br\/author\/redacao\/"},"featured_img":null,"coauthors":[],"tax_additional":{"categories":{"linked":["<a href=\"https:\/\/sindaopcpb.org.br\/g1\/\" class=\"advgb-post-tax-term\">G1<\/a>"],"unlinked":["<span class=\"advgb-post-tax-term\">G1<\/span>"]},"tags":{"linked":["<a href=\"https:\/\/sindaopcpb.org.br\/g1\/\" class=\"advgb-post-tax-term\">Destaque Centro 02<\/a>","<a href=\"https:\/\/sindaopcpb.org.br\/g1\/\" class=\"advgb-post-tax-term\">g1<\/a>","<a href=\"https:\/\/sindaopcpb.org.br\/g1\/\" class=\"advgb-post-tax-term\">Policial<\/a>"],"unlinked":["<span class=\"advgb-post-tax-term\">Destaque Centro 02<\/span>","<span class=\"advgb-post-tax-term\">g1<\/span>","<span class=\"advgb-post-tax-term\">Policial<\/span>"]}},"comment_count":"0","relative_dates":{"created":"Publicado 5 meses atr\u00e1s","modified":"Atualizado 5 meses atr\u00e1s"},"absolute_dates":{"created":"Publicado em 28 de novembro de 2025","modified":"Atualizado em 28 de novembro de 2025"},"absolute_dates_time":{"created":"Publicado em 28 de novembro de 2025 16:10","modified":"Atualizado em 28 de novembro de 2025 16:10"},"featured_img_caption":"","series_order":"","_links":{"self":[{"href":"https:\/\/sindaopcpb.org.br\/index.php\/wp-json\/wp\/v2\/posts\/63168","targetHints":{"allow":["GET"]}}],"collection":[{"href":"https:\/\/sindaopcpb.org.br\/index.php\/wp-json\/wp\/v2\/posts"}],"about":[{"href":"https:\/\/sindaopcpb.org.br\/index.php\/wp-json\/wp\/v2\/types\/post"}],"author":[{"embeddable":true,"href":"https:\/\/sindaopcpb.org.br\/index.php\/wp-json\/wp\/v2\/users\/123457"}],"replies":[{"embeddable":true,"href":"https:\/\/sindaopcpb.org.br\/index.php\/wp-json\/wp\/v2\/comments?post=63168"}],"version-history":[{"count":3,"href":"https:\/\/sindaopcpb.org.br\/index.php\/wp-json\/wp\/v2\/posts\/63168\/revisions"}],"predecessor-version":[{"id":63186,"href":"https:\/\/sindaopcpb.org.br\/index.php\/wp-json\/wp\/v2\/posts\/63168\/revisions\/63186"}],"wp:attachment":[{"href":"https:\/\/sindaopcpb.org.br\/index.php\/wp-json\/wp\/v2\/media?parent=63168"}],"wp:term":[{"taxonomy":"category","embeddable":true,"href":"https:\/\/sindaopcpb.org.br\/index.php\/wp-json\/wp\/v2\/categories?post=63168"},{"taxonomy":"post_tag","embeddable":true,"href":"https:\/\/sindaopcpb.org.br\/index.php\/wp-json\/wp\/v2\/tags?post=63168"}],"curies":[{"name":"wp","href":"https:\/\/api.w.org\/{rel}","templated":true}]}}