{"id":63146,"date":"2025-11-27T15:45:31","date_gmt":"2025-11-27T18:45:31","guid":{"rendered":"https:\/\/www.pbagora.com.br\/?p=928006"},"modified":"2025-11-27T15:45:31","modified_gmt":"2025-11-27T18:45:31","slug":"policia-prende-suspeito-de-tentativa-de-feminicidio-e-agressao-a-filha-em-santa-rita","status":"publish","type":"post","link":"https:\/\/sindaopcpb.org.br\/index.php\/2025\/11\/27\/policia-prende-suspeito-de-tentativa-de-feminicidio-e-agressao-a-filha-em-santa-rita\/","title":{"rendered":"Pol\u00edcia prende suspeito de tentativa de feminic\u00eddio e agress\u00e3o \u00e0 filha, em Santa Rita"},"content":{"rendered":"<p><img width=\"507\" height=\"402\" src=\"https:\/\/www.pbagora.com.br\/storage\/2025\/11\/Captura-de-tela-2025-11-27-121345.png\" class=\"attachment-large size-large wp-post-image\" alt=\"\" style=\"margin-bottom: 20px;\" decoding=\"async\" srcset=\"https:\/\/www.pbagora.com.br\/storage\/2025\/11\/Captura-de-tela-2025-11-27-121345.png 507w, https:\/\/www.pbagora.com.br\/storage\/2025\/11\/Captura-de-tela-2025-11-27-121345-300x238.png 300w, https:\/\/www.pbagora.com.br\/storage\/2025\/11\/Captura-de-tela-2025-11-27-121345-150x119.png 150w, https:\/\/www.pbagora.com.br\/storage\/2025\/11\/Captura-de-tela-2025-11-27-121345-380x301.png 380w, https:\/\/www.pbagora.com.br\/storage\/2025\/11\/Captura-de-tela-2025-11-27-121345-80x63.png 80w\" sizes=\"(max-width: 507px) 100vw, 507px\" \/><\/p>\n<p>A Pol\u00edcia Civil da Para\u00edba, por meio da Delegacia Especializada de Atendimento \u00e0 Mulher (DEAM) de Santa Rita, com apoio das DEAM Sul e DEAM Norte de Jo\u00e3o Pessoa, deu cumprimento, no fim da tarde desta quarta-feira (26), a um mandado de pris\u00e3o preventiva contra um homem de 39 anos investigado por tentativa de feminic\u00eddio contra a ex-companheira e les\u00e3o corporal praticada contra a pr\u00f3pria filha. A a\u00e7\u00e3o ocorreu na cidade de Santa Rita\/PB.<\/p>\n\n\n\n<p>Conforme o registro formalizado na DEAM Santa Rita, o crime ocorreu quando o suspeito foi \u00e0 resid\u00eancia da ex-companheira para buscar a filha. Ap\u00f3s diverg\u00eancias, ele deixou o local, mas retornou instantes depois, arrombou a porta da casa e passou a agredir fisicamente a v\u00edtima. De acordo com as investiga\u00e7\u00f5es, al\u00e9m das agress\u00f5es, o indiv\u00edduo teria tentado esfaquear a ex-companheira. No momento em que a filha do casal tentou defender a m\u00e3e, tamb\u00e9m foi agredida. A interven\u00e7\u00e3o de vizinhos interrompeu a a\u00e7\u00e3o, fazendo com que o agressor fugisse. As v\u00edtimas receberam atendimento m\u00e9dico e, posteriormente, procuraram a delegacia para registrar os fatos.<\/p>\n\n\n\n<p>A equipe da DEAM Santa Rita iniciou imediatamente as investiga\u00e7\u00f5es, reunindo depoimentos de testemunhas, informa\u00e7\u00f5es relevantes e imagens de c\u00e2meras de seguran\u00e7a que ajudaram a confirmar a din\u00e2mica do crime. Diante do conjunto probat\u00f3rio, a autoridade policial respons\u00e1vel representou pela pris\u00e3o preventiva do investigado, medida que foi deferida pelo Poder Judici\u00e1rio.<\/p>\n\n\n\n<p>Com o mandado expedido, as equipes da DEAM Santa Rita, com o apoio das DEAM Sul e DEAM Norte, desencadearam dilig\u00eancias cont\u00ednuas para localizar o suspeito. No final da tarde desta quarta-feira (26), em a\u00e7\u00e3o coordenada e integrada, o indiv\u00edduo foi encontrado em via p\u00fablica e preso. Ele foi conduzido \u00e0 sede da DEAM Santa Rita, onde foram lavrados os procedimentos legais.<\/p>\n\n\n\n<p>Ap\u00f3s o exame de corpo de delito, o investigado foi encaminhado para a carceragem da Cidade da Pol\u00edcia Civil, em Jo\u00e3o Pessoa\/PB, onde permanecer\u00e1 \u00e0 disposi\u00e7\u00e3o da Justi\u00e7a.<\/p>\n\n\n\n<p>A a\u00e7\u00e3o reafirma o compromisso da Pol\u00edcia Civil da Para\u00edba, por meio da DEAM Santa Rita, no enfrentamento \u00e0 viol\u00eancia dom\u00e9stica e familiar, refor\u00e7ando a import\u00e2ncia da den\u00fancia e da atua\u00e7\u00e3o integrada das for\u00e7as policiais na prote\u00e7\u00e3o das mulheres e de suas fam\u00edlias.<\/p>\n\n\n\n<p><strong><em>Reda\u00e7\u00e3o com PC\/PB<\/em><\/strong><\/p>\n","protected":false},"excerpt":{"rendered":"<p><img loading=\"lazy\" decoding=\"async\" width=\"507\" height=\"402\" src=\"https:\/\/www.pbagora.com.br\/storage\/2025\/11\/Captura-de-tela-2025-11-27-121345.png\" class=\"attachment-large size-large wp-post-image\" alt=\"\" srcset=\"https:\/\/www.pbagora.com.br\/storage\/2025\/11\/Captura-de-tela-2025-11-27-121345.png 507w, https:\/\/www.pbagora.com.br\/storage\/2025\/11\/Captura-de-tela-2025-11-27-121345-300x238.png 300w, https:\/\/www.pbagora.com.br\/storage\/2025\/11\/Captura-de-tela-2025-11-27-121345-150x119.png 150w, https:\/\/www.pbagora.com.br\/storage\/2025\/11\/Captura-de-tela-2025-11-27-121345-380x301.png 380w, https:\/\/www.pbagora.com.br\/storage\/2025\/11\/Captura-de-tela-2025-11-27-121345-80x63.png 80w\" sizes=\"auto, (max-width: 507px) 100vw, 507px\"><\/p>\n<p>A Pol\u00edcia Civil da Para\u00edba, por meio da Delegacia Especializada de Atendimento \u00e0 Mulher (DEAM) de Santa Rita,\u2026<\/p>\n","protected":false},"author":123457,"featured_media":0,"comment_status":"closed","ping_status":"closed","sticky":false,"template":"","format":"standard","meta":{"advgb_blocks_editor_width":"","advgb_blocks_columns_visual_guide":"","footnotes":""},"categories":[34],"tags":[10841,35,10839],"class_list":["post-63146","post","type-post","status-publish","format-standard","hentry","category-g1","tag-destaque-centro-02","tag-g1","tag-policial"],"author_meta":{"display_name":"Reda\u00e7\u00e3o","author_link":"https:\/\/sindaopcpb.org.br\/author\/redacao\/"},"featured_img":null,"coauthors":[],"tax_additional":{"categories":{"linked":["<a href=\"https:\/\/sindaopcpb.org.br\/g1\/\" class=\"advgb-post-tax-term\">G1<\/a>"],"unlinked":["<span class=\"advgb-post-tax-term\">G1<\/span>"]},"tags":{"linked":["<a href=\"https:\/\/sindaopcpb.org.br\/g1\/\" class=\"advgb-post-tax-term\">Destaque Centro 02<\/a>","<a href=\"https:\/\/sindaopcpb.org.br\/g1\/\" class=\"advgb-post-tax-term\">g1<\/a>","<a href=\"https:\/\/sindaopcpb.org.br\/g1\/\" class=\"advgb-post-tax-term\">Policial<\/a>"],"unlinked":["<span class=\"advgb-post-tax-term\">Destaque Centro 02<\/span>","<span class=\"advgb-post-tax-term\">g1<\/span>","<span class=\"advgb-post-tax-term\">Policial<\/span>"]}},"comment_count":"0","relative_dates":{"created":"Publicado 5 meses atr\u00e1s","modified":"Atualizado 5 meses atr\u00e1s"},"absolute_dates":{"created":"Publicado em 27 de novembro de 2025","modified":"Atualizado em 27 de novembro de 2025"},"absolute_dates_time":{"created":"Publicado em 27 de novembro de 2025 15:45","modified":"Atualizado em 27 de novembro de 2025 15:45"},"featured_img_caption":"","series_order":"","_links":{"self":[{"href":"https:\/\/sindaopcpb.org.br\/index.php\/wp-json\/wp\/v2\/posts\/63146","targetHints":{"allow":["GET"]}}],"collection":[{"href":"https:\/\/sindaopcpb.org.br\/index.php\/wp-json\/wp\/v2\/posts"}],"about":[{"href":"https:\/\/sindaopcpb.org.br\/index.php\/wp-json\/wp\/v2\/types\/post"}],"author":[{"embeddable":true,"href":"https:\/\/sindaopcpb.org.br\/index.php\/wp-json\/wp\/v2\/users\/123457"}],"replies":[{"embeddable":true,"href":"https:\/\/sindaopcpb.org.br\/index.php\/wp-json\/wp\/v2\/comments?post=63146"}],"version-history":[{"count":3,"href":"https:\/\/sindaopcpb.org.br\/index.php\/wp-json\/wp\/v2\/posts\/63146\/revisions"}],"predecessor-version":[{"id":63166,"href":"https:\/\/sindaopcpb.org.br\/index.php\/wp-json\/wp\/v2\/posts\/63146\/revisions\/63166"}],"wp:attachment":[{"href":"https:\/\/sindaopcpb.org.br\/index.php\/wp-json\/wp\/v2\/media?parent=63146"}],"wp:term":[{"taxonomy":"category","embeddable":true,"href":"https:\/\/sindaopcpb.org.br\/index.php\/wp-json\/wp\/v2\/categories?post=63146"},{"taxonomy":"post_tag","embeddable":true,"href":"https:\/\/sindaopcpb.org.br\/index.php\/wp-json\/wp\/v2\/tags?post=63146"}],"curies":[{"name":"wp","href":"https:\/\/api.w.org\/{rel}","templated":true}]}}