{"id":63144,"date":"2025-11-27T12:00:46","date_gmt":"2025-11-27T15:00:46","guid":{"rendered":"https:\/\/www.pbagora.com.br\/?p=927985"},"modified":"2025-11-27T12:00:46","modified_gmt":"2025-11-27T15:00:46","slug":"tres-fuzis-sao-apreendidos-em-menos-de-30-dias-na-grande-joao-pessoa","status":"publish","type":"post","link":"https:\/\/sindaopcpb.org.br\/index.php\/2025\/11\/27\/tres-fuzis-sao-apreendidos-em-menos-de-30-dias-na-grande-joao-pessoa\/","title":{"rendered":"Tr\u00eas fuzis s\u00e3o apreendidos em menos de 30 dias na grande Jo\u00e3o Pessoa"},"content":{"rendered":"<p><img width=\"800\" height=\"445\" src=\"https:\/\/www.pbagora.com.br\/storage\/2025\/11\/Fuzil.jpeg\" class=\"attachment-large size-large wp-post-image\" alt=\"\" style=\"margin-bottom: 20px;\" decoding=\"async\" srcset=\"https:\/\/www.pbagora.com.br\/storage\/2025\/11\/Fuzil.jpeg 800w, https:\/\/www.pbagora.com.br\/storage\/2025\/11\/Fuzil-300x167.jpeg 300w, https:\/\/www.pbagora.com.br\/storage\/2025\/11\/Fuzil-150x83.jpeg 150w, https:\/\/www.pbagora.com.br\/storage\/2025\/11\/Fuzil-768x427.jpeg 768w, https:\/\/www.pbagora.com.br\/storage\/2025\/11\/Fuzil-380x211.jpeg 380w, https:\/\/www.pbagora.com.br\/storage\/2025\/11\/Fuzil-80x46.jpeg 80w, https:\/\/www.pbagora.com.br\/storage\/2025\/11\/Fuzil-760x423.jpeg 760w, https:\/\/www.pbagora.com.br\/storage\/2025\/11\/Fuzil-600x334.jpeg 600w\" sizes=\"(max-width: 800px) 100vw, 800px\" \/><\/p>\n<p>Subiu para tr\u00eas, o n\u00famero de fuzis apreendidos pela Pol\u00edcia Militar em menos de um m\u00eas na grande Jo\u00e3o Pessoa. As apreens\u00f5es refor\u00e7am o trabalho de combate aos grupos criminosos.<\/p>\n\n\n\n<p>A apreens\u00e3o mais recente aconteceu na noite dessa \u00faltima quarta-feira (27) no Bairro das Ind\u00fastrias. O armamento, que tem alto poder de fogo e \u00e9 de calibre 7,62 mil\u00edmetros, foi localizado ap\u00f3s criminosos fugirem da chegada dos policiais da For\u00e7a T\u00e1tica do 5\u00b0 Batalh\u00e3o.<\/p>\n\n\n\n<p>A arma foi abandonada junto com cerca de 30 quilos de drogas, entre maconha, skank, coca\u00edna e crack. A PM refor\u00e7ou as buscas no local mas n\u00e3o encontrou os acusados.<\/p>\n\n\n\n<p>Todo o material foi encaminhado para a delegacia que deve investigar a participa\u00e7\u00e3o do armamento em crimes na regi\u00e3o.<\/p>\n\n\n\n<p>Os outros dois fuzis apreendidos pela PM em novembro foram encontrados em Gramame e em Bayeux.<\/p>\n\n\n\n<p><strong><em>Ascom PMPB<\/em><\/strong><\/p>\n","protected":false},"excerpt":{"rendered":"<p><img loading=\"lazy\" decoding=\"async\" width=\"800\" height=\"445\" src=\"https:\/\/www.pbagora.com.br\/storage\/2025\/11\/Fuzil.jpeg\" class=\"attachment-large size-large wp-post-image\" alt=\"\" srcset=\"https:\/\/www.pbagora.com.br\/storage\/2025\/11\/Fuzil.jpeg 800w, https:\/\/www.pbagora.com.br\/storage\/2025\/11\/Fuzil-300x167.jpeg 300w, https:\/\/www.pbagora.com.br\/storage\/2025\/11\/Fuzil-150x83.jpeg 150w, https:\/\/www.pbagora.com.br\/storage\/2025\/11\/Fuzil-768x427.jpeg 768w, https:\/\/www.pbagora.com.br\/storage\/2025\/11\/Fuzil-380x211.jpeg 380w, https:\/\/www.pbagora.com.br\/storage\/2025\/11\/Fuzil-80x46.jpeg 80w, https:\/\/www.pbagora.com.br\/storage\/2025\/11\/Fuzil-760x423.jpeg 760w, https:\/\/www.pbagora.com.br\/storage\/2025\/11\/Fuzil-600x334.jpeg 600w\" sizes=\"auto, (max-width: 800px) 100vw, 800px\"><\/p>\n<p>Subiu para tr\u00eas, o n\u00famero de fuzis apreendidos pela Pol\u00edcia Militar em menos de um m\u00eas na grande\u2026<\/p>\n","protected":false},"author":123457,"featured_media":0,"comment_status":"closed","ping_status":"closed","sticky":false,"template":"","format":"standard","meta":{"advgb_blocks_editor_width":"","advgb_blocks_columns_visual_guide":"","footnotes":""},"categories":[34],"tags":[10841,35,10839],"class_list":["post-63144","post","type-post","status-publish","format-standard","hentry","category-g1","tag-destaque-centro-02","tag-g1","tag-policial"],"author_meta":{"display_name":"Reda\u00e7\u00e3o","author_link":"https:\/\/sindaopcpb.org.br\/author\/redacao\/"},"featured_img":null,"coauthors":[],"tax_additional":{"categories":{"linked":["<a href=\"https:\/\/sindaopcpb.org.br\/g1\/\" class=\"advgb-post-tax-term\">G1<\/a>"],"unlinked":["<span class=\"advgb-post-tax-term\">G1<\/span>"]},"tags":{"linked":["<a href=\"https:\/\/sindaopcpb.org.br\/g1\/\" class=\"advgb-post-tax-term\">Destaque Centro 02<\/a>","<a href=\"https:\/\/sindaopcpb.org.br\/g1\/\" class=\"advgb-post-tax-term\">g1<\/a>","<a href=\"https:\/\/sindaopcpb.org.br\/g1\/\" class=\"advgb-post-tax-term\">Policial<\/a>"],"unlinked":["<span class=\"advgb-post-tax-term\">Destaque Centro 02<\/span>","<span class=\"advgb-post-tax-term\">g1<\/span>","<span class=\"advgb-post-tax-term\">Policial<\/span>"]}},"comment_count":"0","relative_dates":{"created":"Publicado 5 meses atr\u00e1s","modified":"Atualizado 5 meses atr\u00e1s"},"absolute_dates":{"created":"Publicado em 27 de novembro de 2025","modified":"Atualizado em 27 de novembro de 2025"},"absolute_dates_time":{"created":"Publicado em 27 de novembro de 2025 12:00","modified":"Atualizado em 27 de novembro de 2025 12:00"},"featured_img_caption":"","series_order":"","_links":{"self":[{"href":"https:\/\/sindaopcpb.org.br\/index.php\/wp-json\/wp\/v2\/posts\/63144","targetHints":{"allow":["GET"]}}],"collection":[{"href":"https:\/\/sindaopcpb.org.br\/index.php\/wp-json\/wp\/v2\/posts"}],"about":[{"href":"https:\/\/sindaopcpb.org.br\/index.php\/wp-json\/wp\/v2\/types\/post"}],"author":[{"embeddable":true,"href":"https:\/\/sindaopcpb.org.br\/index.php\/wp-json\/wp\/v2\/users\/123457"}],"replies":[{"embeddable":true,"href":"https:\/\/sindaopcpb.org.br\/index.php\/wp-json\/wp\/v2\/comments?post=63144"}],"version-history":[{"count":2,"href":"https:\/\/sindaopcpb.org.br\/index.php\/wp-json\/wp\/v2\/posts\/63144\/revisions"}],"predecessor-version":[{"id":63156,"href":"https:\/\/sindaopcpb.org.br\/index.php\/wp-json\/wp\/v2\/posts\/63144\/revisions\/63156"}],"wp:attachment":[{"href":"https:\/\/sindaopcpb.org.br\/index.php\/wp-json\/wp\/v2\/media?parent=63144"}],"wp:term":[{"taxonomy":"category","embeddable":true,"href":"https:\/\/sindaopcpb.org.br\/index.php\/wp-json\/wp\/v2\/categories?post=63144"},{"taxonomy":"post_tag","embeddable":true,"href":"https:\/\/sindaopcpb.org.br\/index.php\/wp-json\/wp\/v2\/tags?post=63144"}],"curies":[{"name":"wp","href":"https:\/\/api.w.org\/{rel}","templated":true}]}}