{"id":63134,"date":"2025-11-27T06:43:43","date_gmt":"2025-11-27T09:43:43","guid":{"rendered":"https:\/\/www.pbagora.com.br\/?p=927905"},"modified":"2025-11-27T09:00:43","modified_gmt":"2025-11-27T12:00:43","slug":"ficco-pb-deflagra-operacao-contra-organizacao-criminosa-ligada-ao-trafico-e-lavagem-de-dinheiro-na-pb-e-sp","status":"publish","type":"post","link":"https:\/\/sindaopcpb.org.br\/index.php\/2025\/11\/27\/ficco-pb-deflagra-operacao-contra-organizacao-criminosa-ligada-ao-trafico-e-lavagem-de-dinheiro-na-pb-e-sp\/","title":{"rendered":"FICCO\/PB deflagra opera\u00e7\u00e3o contra grupo criminoso ligado ao tr\u00e1fico e lavagem de dinheiro na PB e SP"},"content":{"rendered":"<p><img width=\"1024\" height=\"576\" src=\"https:\/\/www.pbagora.com.br\/storage\/2025\/11\/WhatsApp-Image-2025-11-27-at-06.26.57-1024x576.jpeg\" class=\"attachment-large size-large wp-post-image\" alt=\"\" style=\"margin-bottom: 20px;\" decoding=\"async\" srcset=\"https:\/\/www.pbagora.com.br\/storage\/2025\/11\/WhatsApp-Image-2025-11-27-at-06.26.57-1024x576.jpeg 1024w, https:\/\/www.pbagora.com.br\/storage\/2025\/11\/WhatsApp-Image-2025-11-27-at-06.26.57-300x169.jpeg 300w, https:\/\/www.pbagora.com.br\/storage\/2025\/11\/WhatsApp-Image-2025-11-27-at-06.26.57-150x84.jpeg 150w, https:\/\/www.pbagora.com.br\/storage\/2025\/11\/WhatsApp-Image-2025-11-27-at-06.26.57-768x432.jpeg 768w, https:\/\/www.pbagora.com.br\/storage\/2025\/11\/WhatsApp-Image-2025-11-27-at-06.26.57-380x214.jpeg 380w, https:\/\/www.pbagora.com.br\/storage\/2025\/11\/WhatsApp-Image-2025-11-27-at-06.26.57-800x450.jpeg 800w, https:\/\/www.pbagora.com.br\/storage\/2025\/11\/WhatsApp-Image-2025-11-27-at-06.26.57-1160x653.jpeg 1160w, https:\/\/www.pbagora.com.br\/storage\/2025\/11\/WhatsApp-Image-2025-11-27-at-06.26.57-80x46.jpeg 80w, https:\/\/www.pbagora.com.br\/storage\/2025\/11\/WhatsApp-Image-2025-11-27-at-06.26.57-760x428.jpeg 760w, https:\/\/www.pbagora.com.br\/storage\/2025\/11\/WhatsApp-Image-2025-11-27-at-06.26.57-600x338.jpeg 600w, https:\/\/www.pbagora.com.br\/storage\/2025\/11\/WhatsApp-Image-2025-11-27-at-06.26.57.jpeg 1280w\" sizes=\"(max-width: 1024px) 100vw, 1024px\" \/><\/p>\n<p><\/p>\n\n\n\n<p>A For\u00e7a Integrada de Combate ao Crime Organizado da Para\u00edba (FICCO\/PB) deflagrou, hoje(27), a Opera\u00e7\u00e3o Lux, em Jo\u00e3o Pessoa. A a\u00e7\u00e3o tem como objetivo desarticular uma organiza\u00e7\u00e3o criminosa altamente estruturada, com forte atua\u00e7\u00e3o na regi\u00e3o metropolitana da Capital. As investiga\u00e7\u00f5es miram o n\u00facleo de lideran\u00e7a respons\u00e1vel pelo tr\u00e1fico de drogas, lavagem de dinheiro e outros crimes relacionados.<\/p>\n\n\n\n<figure class=\"wp-block-image size-full\"><img  decoding=\"async\"  width=\"914\"  height=\"422\"  src=\"https:\/\/www.pbagora.com.br\/storage\/2025\/11\/Foto-diivulgacao-FICCO-PB.jpg\"  alt=\"\"  class=\"wp-image-927909\"  srcset=\"https:\/\/www.pbagora.com.br\/storage\/2025\/11\/Foto-diivulgacao-FICCO-PB.jpg 914w, https:\/\/www.pbagora.com.br\/storage\/2025\/11\/Foto-diivulgacao-FICCO-PB-300x139.jpg 300w, https:\/\/www.pbagora.com.br\/storage\/2025\/11\/Foto-diivulgacao-FICCO-PB-150x69.jpg 150w, https:\/\/www.pbagora.com.br\/storage\/2025\/11\/Foto-diivulgacao-FICCO-PB-768x355.jpg 768w, https:\/\/www.pbagora.com.br\/storage\/2025\/11\/Foto-diivulgacao-FICCO-PB-380x175.jpg 380w, https:\/\/www.pbagora.com.br\/storage\/2025\/11\/Foto-diivulgacao-FICCO-PB-800x369.jpg 800w, https:\/\/www.pbagora.com.br\/storage\/2025\/11\/Foto-diivulgacao-FICCO-PB-80x37.jpg 80w, https:\/\/www.pbagora.com.br\/storage\/2025\/11\/Foto-diivulgacao-FICCO-PB-760x351.jpg 760w, https:\/\/www.pbagora.com.br\/storage\/2025\/11\/Foto-diivulgacao-FICCO-PB-600x277.jpg 600w\"  sizes=\"(max-width: 914px) 100vw, 914px\" ><figcaption class=\"wp-element-caption\">Foto divulga\u00e7\u00e3o FICCO PB<\/figcaption><\/figure>\n\n\n\n<p>Segundo dados da opera\u00e7\u00e3o a mesma mobilizou cerca de 50 policiais das institui\u00e7\u00f5es que comp\u00f5em a FICCO\/PB e cumpre 11 mandados de pris\u00e3o preventiva, al\u00e9m de diversas ordens de busca e apreens\u00e3o e de sequestro de bens. As medidas judiciais foram expedidas pela 2\u00aa Vara Regional das Garantias da Capital. As dilig\u00eancias acontecem em resid\u00eancias e pontos ligados aos investigados em bairros de Jo\u00e3o Pessoa e tamb\u00e9m em um endere\u00e7o no estado de S\u00e3o Paulo.<\/p>\n\n\n\n<p>A investiga\u00e7\u00e3o identificou que a fac\u00e7\u00e3o possu\u00eda divis\u00e3o sofisticada de tarefas, incluindo um n\u00facleo operacional e um n\u00facleo financeiro dedicado \u00e0 oculta\u00e7\u00e3o e lavagem de capitais provenientes das atividades il\u00edcitas.<\/p>\n\n\n\n<p>A Opera\u00e7\u00e3o Lux refor\u00e7a o compromisso das institui\u00e7\u00f5es integrantes da FICCO\/PB com a repress\u00e3o e desarticula\u00e7\u00e3o de organiza\u00e7\u00f5es criminosas, destacando a import\u00e2ncia da a\u00e7\u00e3o coordenada entre for\u00e7as de seguran\u00e7a e parceiros institucionais. O Minist\u00e9rio P\u00fablico da Para\u00edba, por meio do GAECO\/MPPB, colaborou tecnicamente com a opera\u00e7\u00e3o, ampliando a capacidade investigativa e aprofundando a an\u00e1lise criminal, especialmente no que diz respeito \u00e0 atua\u00e7\u00e3o interestadual da fac\u00e7\u00e3o.<\/p>\n\n\n\n<p>A FICCO\/PB \u00e9 composta pela Pol\u00edcia Federal, Pol\u00edcia Civil, Pol\u00edcia Militar, SENAPPEN, Secretaria de Estado da Seguran\u00e7a e da Defesa Social da Para\u00edba e Secretaria de Administra\u00e7\u00e3o Penitenci\u00e1ria da Para\u00edba. Os investigados responder\u00e3o pelos crimes de organiza\u00e7\u00e3o criminosa (Lei n\u00ba 12.850\/2013), tr\u00e1fico de drogas e associa\u00e7\u00e3o para o tr\u00e1fico (Lei n\u00ba 11.343\/2006), lavagem de capitais (Lei n\u00ba 9.613\/1998), al\u00e9m de delitos conexos, como com\u00e9rcio ilegal de armas de fogo e crimes patrimoniais \u2014 incluindo roubo qualificado, recepta\u00e7\u00e3o e tentativa de furto em estabelecimentos comerciais. Somadas, as penas podem ultrapassar 30 anos de pris\u00e3o.<\/p>\n\n\n\n<p>O nome da opera\u00e7\u00e3o, \u201cLux\u201d, que significa \u201cluz\u201d em latim, faz refer\u00eancia ao prop\u00f3sito de expor e desestruturar o mecanismo clandestino que sustentava a continuidade das a\u00e7\u00f5es criminosas, articuladas tanto por integrantes custodiados no sistema prisional quanto por comparsas em liberdade, operando em um esquema de alcance interestadual.<\/p>\n\n\n\n<p>Reda\u00e7\u00e3o<\/p>\n\n\n\n<p><\/p>\n\n\n\n<p><\/p>\n","protected":false},"excerpt":{"rendered":"<p><img loading=\"lazy\" decoding=\"async\" width=\"1024\" height=\"576\" src=\"https:\/\/www.pbagora.com.br\/storage\/2025\/11\/WhatsApp-Image-2025-11-27-at-06.26.57-1024x576.jpeg\" class=\"attachment-large size-large wp-post-image\" alt=\"\" srcset=\"https:\/\/www.pbagora.com.br\/storage\/2025\/11\/WhatsApp-Image-2025-11-27-at-06.26.57-1024x576.jpeg 1024w, https:\/\/www.pbagora.com.br\/storage\/2025\/11\/WhatsApp-Image-2025-11-27-at-06.26.57-300x169.jpeg 300w, https:\/\/www.pbagora.com.br\/storage\/2025\/11\/WhatsApp-Image-2025-11-27-at-06.26.57-150x84.jpeg 150w, https:\/\/www.pbagora.com.br\/storage\/2025\/11\/WhatsApp-Image-2025-11-27-at-06.26.57-768x432.jpeg 768w, https:\/\/www.pbagora.com.br\/storage\/2025\/11\/WhatsApp-Image-2025-11-27-at-06.26.57-380x214.jpeg 380w, https:\/\/www.pbagora.com.br\/storage\/2025\/11\/WhatsApp-Image-2025-11-27-at-06.26.57-800x450.jpeg 800w, https:\/\/www.pbagora.com.br\/storage\/2025\/11\/WhatsApp-Image-2025-11-27-at-06.26.57-1160x653.jpeg 1160w, https:\/\/www.pbagora.com.br\/storage\/2025\/11\/WhatsApp-Image-2025-11-27-at-06.26.57-80x46.jpeg 80w, https:\/\/www.pbagora.com.br\/storage\/2025\/11\/WhatsApp-Image-2025-11-27-at-06.26.57-760x428.jpeg 760w, https:\/\/www.pbagora.com.br\/storage\/2025\/11\/WhatsApp-Image-2025-11-27-at-06.26.57-600x338.jpeg 600w, https:\/\/www.pbagora.com.br\/storage\/2025\/11\/WhatsApp-Image-2025-11-27-at-06.26.57.jpeg 1280w\" sizes=\"auto, (max-width: 1024px) 100vw, 1024px\"><\/p>\n<p>A For\u00e7a Integrada de Combate ao Crime Organizado da Para\u00edba (FICCO\/PB) deflagrou, hoje(27), a Opera\u00e7\u00e3o Lux, em Jo\u00e3o\u2026<\/p>\n","protected":false},"author":123457,"featured_media":0,"comment_status":"closed","ping_status":"closed","sticky":false,"template":"","format":"standard","meta":{"advgb_blocks_editor_width":"","advgb_blocks_columns_visual_guide":"","footnotes":""},"categories":[34],"tags":[35,10839,10842],"class_list":["post-63134","post","type-post","status-publish","format-standard","hentry","category-g1","tag-g1","tag-policial","tag-principal3"],"author_meta":{"display_name":"Reda\u00e7\u00e3o","author_link":"https:\/\/sindaopcpb.org.br\/author\/redacao\/"},"featured_img":null,"coauthors":[],"tax_additional":{"categories":{"linked":["<a href=\"https:\/\/sindaopcpb.org.br\/g1\/\" class=\"advgb-post-tax-term\">G1<\/a>"],"unlinked":["<span class=\"advgb-post-tax-term\">G1<\/span>"]},"tags":{"linked":["<a href=\"https:\/\/sindaopcpb.org.br\/g1\/\" class=\"advgb-post-tax-term\">g1<\/a>","<a href=\"https:\/\/sindaopcpb.org.br\/g1\/\" class=\"advgb-post-tax-term\">Policial<\/a>","<a href=\"https:\/\/sindaopcpb.org.br\/g1\/\" class=\"advgb-post-tax-term\">Principal3<\/a>"],"unlinked":["<span class=\"advgb-post-tax-term\">g1<\/span>","<span class=\"advgb-post-tax-term\">Policial<\/span>","<span class=\"advgb-post-tax-term\">Principal3<\/span>"]}},"comment_count":"0","relative_dates":{"created":"Publicado 5 meses atr\u00e1s","modified":"Atualizado 5 meses atr\u00e1s"},"absolute_dates":{"created":"Publicado em 27 de novembro de 2025","modified":"Atualizado em 27 de novembro de 2025"},"absolute_dates_time":{"created":"Publicado em 27 de novembro de 2025 06:43","modified":"Atualizado em 27 de novembro de 2025 09:00"},"featured_img_caption":"","series_order":"","_links":{"self":[{"href":"https:\/\/sindaopcpb.org.br\/index.php\/wp-json\/wp\/v2\/posts\/63134","targetHints":{"allow":["GET"]}}],"collection":[{"href":"https:\/\/sindaopcpb.org.br\/index.php\/wp-json\/wp\/v2\/posts"}],"about":[{"href":"https:\/\/sindaopcpb.org.br\/index.php\/wp-json\/wp\/v2\/types\/post"}],"author":[{"embeddable":true,"href":"https:\/\/sindaopcpb.org.br\/index.php\/wp-json\/wp\/v2\/users\/123457"}],"replies":[{"embeddable":true,"href":"https:\/\/sindaopcpb.org.br\/index.php\/wp-json\/wp\/v2\/comments?post=63134"}],"version-history":[{"count":3,"href":"https:\/\/sindaopcpb.org.br\/index.php\/wp-json\/wp\/v2\/posts\/63134\/revisions"}],"predecessor-version":[{"id":63142,"href":"https:\/\/sindaopcpb.org.br\/index.php\/wp-json\/wp\/v2\/posts\/63134\/revisions\/63142"}],"wp:attachment":[{"href":"https:\/\/sindaopcpb.org.br\/index.php\/wp-json\/wp\/v2\/media?parent=63134"}],"wp:term":[{"taxonomy":"category","embeddable":true,"href":"https:\/\/sindaopcpb.org.br\/index.php\/wp-json\/wp\/v2\/categories?post=63134"},{"taxonomy":"post_tag","embeddable":true,"href":"https:\/\/sindaopcpb.org.br\/index.php\/wp-json\/wp\/v2\/tags?post=63134"}],"curies":[{"name":"wp","href":"https:\/\/api.w.org\/{rel}","templated":true}]}}