{"id":63112,"date":"2025-11-25T10:20:54","date_gmt":"2025-11-25T13:20:54","guid":{"rendered":"https:\/\/www.pbagora.com.br\/?p=927585"},"modified":"2025-11-25T10:20:54","modified_gmt":"2025-11-25T13:20:54","slug":"crime-organizado-policia-civil-e-gaeco-prendem-10-suspeitos-e-fazem-buscas-em-condominio-de-luxo","status":"publish","type":"post","link":"https:\/\/sindaopcpb.org.br\/index.php\/2025\/11\/25\/crime-organizado-policia-civil-e-gaeco-prendem-10-suspeitos-e-fazem-buscas-em-condominio-de-luxo\/","title":{"rendered":"Crime organizado: Pol\u00edcia Civil e GAECO prendem 10 suspeitos e fazem buscas em condom\u00ednio de luxo"},"content":{"rendered":"<p><img width=\"661\" height=\"519\" src=\"https:\/\/www.pbagora.com.br\/storage\/2025\/11\/luxo.jpg\" class=\"attachment-large size-large wp-post-image\" alt=\"\" style=\"margin-bottom: 20px;\" decoding=\"async\" loading=\"lazy\" srcset=\"https:\/\/www.pbagora.com.br\/storage\/2025\/11\/luxo.jpg 661w, https:\/\/www.pbagora.com.br\/storage\/2025\/11\/luxo-300x236.jpg 300w, https:\/\/www.pbagora.com.br\/storage\/2025\/11\/luxo-150x118.jpg 150w, https:\/\/www.pbagora.com.br\/storage\/2025\/11\/luxo-380x298.jpg 380w, https:\/\/www.pbagora.com.br\/storage\/2025\/11\/luxo-80x63.jpg 80w, https:\/\/www.pbagora.com.br\/storage\/2025\/11\/luxo-600x471.jpg 600w\" sizes=\"auto, (max-width: 661px) 100vw, 661px\" \/><\/p>\n<p><\/p>\n\n\n\n<p>A Pol\u00edcia Civil da Para\u00edba e o GAECO do Minist\u00e9rio P\u00fablico deflagraram na manh\u00e3 desta ter\u00e7a-feira, 25 de novembro, a Opera\u00e7\u00e3o Badoque, que visa desarticular uma organiza\u00e7\u00e3o criminosa ligada ao tr\u00e1fico de drogas e outros crimes na regi\u00e3o de Jo\u00e3o Pessoa. A investiga\u00e7\u00e3o \u00e9 da Delegacia de Repress\u00e3o ao Crime Organizado (DRACO), com o apoio da Unintelpol\/PCPB, da Delegacia de Repress\u00e3o a Entorpecentes (DRE), da DESARME e do Grupo de Opera\u00e7\u00f5es com C\u00e3es (GOC).<\/p>\n\n\n\n<p>Dos 11 mandados de pris\u00e3o preventiva expedidos, dez foram cumpridos na opera\u00e7\u00e3o, sendo cinco deles em estabelecimentos prisionais e os outros cinco nos endere\u00e7os dos alvos investigados. Alguns alvos foram presos em condom\u00ednio de luxo, onde residem. O investigado n\u00e3o localizado continua sendo procurado pela Pol\u00edcia Civil.<\/p>\n\n\n<div class=\"wp-block-image\">\n<figure class=\"aligncenter size-full\"><img  loading=\"lazy\"  decoding=\"async\"  width=\"401\"  height=\"476\"  src=\"https:\/\/www.pbagora.com.br\/storage\/2025\/11\/WhatsApp-Image-2025-11-25-at-08.51.22.jpeg\"  alt=\"\"  class=\"wp-image-927592\"  srcset=\"https:\/\/www.pbagora.com.br\/storage\/2025\/11\/WhatsApp-Image-2025-11-25-at-08.51.22.jpeg 401w, https:\/\/www.pbagora.com.br\/storage\/2025\/11\/WhatsApp-Image-2025-11-25-at-08.51.22-253x300.jpeg 253w, https:\/\/www.pbagora.com.br\/storage\/2025\/11\/WhatsApp-Image-2025-11-25-at-08.51.22-126x150.jpeg 126w, https:\/\/www.pbagora.com.br\/storage\/2025\/11\/WhatsApp-Image-2025-11-25-at-08.51.22-380x451.jpeg 380w, https:\/\/www.pbagora.com.br\/storage\/2025\/11\/WhatsApp-Image-2025-11-25-at-08.51.22-80x95.jpeg 80w, https:\/\/www.pbagora.com.br\/storage\/2025\/11\/WhatsApp-Image-2025-11-25-at-08.51.22-67x80.jpeg 67w\"  sizes=\"auto, (max-width: 401px) 100vw, 401px\" ><figcaption class=\"wp-element-caption\">Foto: divulga\u00e7\u00e3o PC\/PB<\/figcaption><\/figure><\/div>\n\n\n<p>De acordo com o delegado titular da DRACO, Diego Beltr\u00e3o, as investiga\u00e7\u00f5es cont\u00ednuas mesmo com alvos que j\u00e1 est\u00e3o presos representam a\u00e7\u00f5es importantes para a diminui\u00e7\u00e3o da sensa\u00e7\u00e3o de impunidade, j\u00e1 que, uma vez condenados por esses delitos, os criminosos passar\u00e3o mais tempo cumprindo pena, fora das ruas, resultando, portanto, na diminui\u00e7\u00e3o dos \u00edndices de viol\u00eancia em m\u00e9dio prazo.<\/p>\n\n\n\n<p>\u201cN\u00e3o faz diferen\u00e7a se o investigado est\u00e1 preso ou em liberdade. Todo crime deve ser investigado, e seus respons\u00e1veis, punidos. Esse \u00e9 o papel da Pol\u00edcia Civil, nessa forte parceria com o GAECO\u201d, destacou Beltr\u00e3o.<\/p>\n\n\n\n<p>O resultado da opera\u00e7\u00e3o ser\u00e1 comunicado \u00e0 justi\u00e7a, para a aplica\u00e7\u00e3o das medidas legais cab\u00edveis.<\/p>\n\n\n\n<p><strong><em>Reda\u00e7\u00e3o<\/em><\/strong><\/p>\n","protected":false},"excerpt":{"rendered":"<p><img loading=\"lazy\" decoding=\"async\" width=\"661\" height=\"519\" src=\"https:\/\/www.pbagora.com.br\/storage\/2025\/11\/luxo.jpg\" class=\"attachment-large size-large wp-post-image\" alt=\"\" srcset=\"https:\/\/www.pbagora.com.br\/storage\/2025\/11\/luxo.jpg 661w, https:\/\/www.pbagora.com.br\/storage\/2025\/11\/luxo-300x236.jpg 300w, https:\/\/www.pbagora.com.br\/storage\/2025\/11\/luxo-150x118.jpg 150w, https:\/\/www.pbagora.com.br\/storage\/2025\/11\/luxo-380x298.jpg 380w, https:\/\/www.pbagora.com.br\/storage\/2025\/11\/luxo-80x63.jpg 80w, https:\/\/www.pbagora.com.br\/storage\/2025\/11\/luxo-600x471.jpg 600w\" sizes=\"auto, (max-width: 661px) 100vw, 661px\"><\/p>\n<p>A Pol\u00edcia Civil da Para\u00edba e o GAECO do Minist\u00e9rio P\u00fablico deflagraram na manh\u00e3 desta ter\u00e7a-feira, 25 de\u2026<\/p>\n","protected":false},"author":123457,"featured_media":0,"comment_status":"closed","ping_status":"closed","sticky":false,"template":"","format":"standard","meta":{"advgb_blocks_editor_width":"","advgb_blocks_columns_visual_guide":"","footnotes":""},"categories":[34],"tags":[35,10839],"class_list":["post-63112","post","type-post","status-publish","format-standard","hentry","category-g1","tag-g1","tag-policial"],"author_meta":{"display_name":"Reda\u00e7\u00e3o","author_link":"https:\/\/sindaopcpb.org.br\/author\/redacao\/"},"featured_img":null,"coauthors":[],"tax_additional":{"categories":{"linked":["<a href=\"https:\/\/sindaopcpb.org.br\/g1\/\" class=\"advgb-post-tax-term\">G1<\/a>"],"unlinked":["<span class=\"advgb-post-tax-term\">G1<\/span>"]},"tags":{"linked":["<a href=\"https:\/\/sindaopcpb.org.br\/g1\/\" class=\"advgb-post-tax-term\">g1<\/a>","<a href=\"https:\/\/sindaopcpb.org.br\/g1\/\" class=\"advgb-post-tax-term\">Policial<\/a>"],"unlinked":["<span class=\"advgb-post-tax-term\">g1<\/span>","<span class=\"advgb-post-tax-term\">Policial<\/span>"]}},"comment_count":"0","relative_dates":{"created":"Publicado 5 meses atr\u00e1s","modified":"Atualizado 5 meses atr\u00e1s"},"absolute_dates":{"created":"Publicado em 25 de novembro de 2025","modified":"Atualizado em 25 de novembro de 2025"},"absolute_dates_time":{"created":"Publicado em 25 de novembro de 2025 10:20","modified":"Atualizado em 25 de novembro de 2025 10:20"},"featured_img_caption":"","series_order":"","_links":{"self":[{"href":"https:\/\/sindaopcpb.org.br\/index.php\/wp-json\/wp\/v2\/posts\/63112","targetHints":{"allow":["GET"]}}],"collection":[{"href":"https:\/\/sindaopcpb.org.br\/index.php\/wp-json\/wp\/v2\/posts"}],"about":[{"href":"https:\/\/sindaopcpb.org.br\/index.php\/wp-json\/wp\/v2\/types\/post"}],"author":[{"embeddable":true,"href":"https:\/\/sindaopcpb.org.br\/index.php\/wp-json\/wp\/v2\/users\/123457"}],"replies":[{"embeddable":true,"href":"https:\/\/sindaopcpb.org.br\/index.php\/wp-json\/wp\/v2\/comments?post=63112"}],"version-history":[{"count":2,"href":"https:\/\/sindaopcpb.org.br\/index.php\/wp-json\/wp\/v2\/posts\/63112\/revisions"}],"predecessor-version":[{"id":63119,"href":"https:\/\/sindaopcpb.org.br\/index.php\/wp-json\/wp\/v2\/posts\/63112\/revisions\/63119"}],"wp:attachment":[{"href":"https:\/\/sindaopcpb.org.br\/index.php\/wp-json\/wp\/v2\/media?parent=63112"}],"wp:term":[{"taxonomy":"category","embeddable":true,"href":"https:\/\/sindaopcpb.org.br\/index.php\/wp-json\/wp\/v2\/categories?post=63112"},{"taxonomy":"post_tag","embeddable":true,"href":"https:\/\/sindaopcpb.org.br\/index.php\/wp-json\/wp\/v2\/tags?post=63112"}],"curies":[{"name":"wp","href":"https:\/\/api.w.org\/{rel}","templated":true}]}}