{"id":63096,"date":"2025-11-25T06:50:53","date_gmt":"2025-11-25T09:50:53","guid":{"rendered":"https:\/\/www.pbagora.com.br\/?p=927541"},"modified":"2025-11-25T08:30:53","modified_gmt":"2025-11-25T11:30:53","slug":"grave-acidente-entre-caminhoes-deixa-vitima-presa-as-ferragens-na-br-230-em-santa-rita","status":"publish","type":"post","link":"https:\/\/sindaopcpb.org.br\/index.php\/2025\/11\/25\/grave-acidente-entre-caminhoes-deixa-vitima-presa-as-ferragens-na-br-230-em-santa-rita\/","title":{"rendered":"Grave acidente entre caminh\u00f5es deixa v\u00edtima presa \u00e0s ferragens na BR-230, em Santa Rita"},"content":{"rendered":"<p><img width=\"1024\" height=\"768\" src=\"https:\/\/www.pbagora.com.br\/storage\/2025\/11\/imagem-PRF-PB-1024x768.jpeg\" class=\"attachment-large size-large wp-post-image\" alt=\"\" style=\"margin-bottom: 20px;\" decoding=\"async\" srcset=\"https:\/\/www.pbagora.com.br\/storage\/2025\/11\/imagem-PRF-PB-1024x768.jpeg 1024w, https:\/\/www.pbagora.com.br\/storage\/2025\/11\/imagem-PRF-PB-300x225.jpeg 300w, https:\/\/www.pbagora.com.br\/storage\/2025\/11\/imagem-PRF-PB-150x113.jpeg 150w, https:\/\/www.pbagora.com.br\/storage\/2025\/11\/imagem-PRF-PB-768x576.jpeg 768w, https:\/\/www.pbagora.com.br\/storage\/2025\/11\/imagem-PRF-PB-1536x1152.jpeg 1536w, https:\/\/www.pbagora.com.br\/storage\/2025\/11\/imagem-PRF-PB-200x150.jpeg 200w, https:\/\/www.pbagora.com.br\/storage\/2025\/11\/imagem-PRF-PB-260x195.jpeg 260w, https:\/\/www.pbagora.com.br\/storage\/2025\/11\/imagem-PRF-PB-380x285.jpeg 380w, https:\/\/www.pbagora.com.br\/storage\/2025\/11\/imagem-PRF-PB-800x600.jpeg 800w, https:\/\/www.pbagora.com.br\/storage\/2025\/11\/imagem-PRF-PB-1160x870.jpeg 1160w, https:\/\/www.pbagora.com.br\/storage\/2025\/11\/imagem-PRF-PB-80x60.jpeg 80w, https:\/\/www.pbagora.com.br\/storage\/2025\/11\/imagem-PRF-PB-600x450.jpeg 600w, https:\/\/www.pbagora.com.br\/storage\/2025\/11\/imagem-PRF-PB-520x390.jpeg 520w, https:\/\/www.pbagora.com.br\/storage\/2025\/11\/imagem-PRF-PB-760x570.jpeg 760w, https:\/\/www.pbagora.com.br\/storage\/2025\/11\/imagem-PRF-PB.jpeg 1600w\" sizes=\"(max-width: 1024px) 100vw, 1024px\" \/><\/p>\n<p><\/p>\n\n\n\n<p>Um grave acidente foi registrado na madrugada de hoje (25) na BR-230, km 49,5, em Santa Rita, na Grande Jo\u00e3o Pessoa. O acidente entre os dois caminh\u00f5es ocorreu no sentido Campina Grande, nas proximidades do cemit\u00e9rio particular.<\/p>\n\n\n\n<p>Dados iniciais da Pol\u00edcia Rodovi\u00e1ria Federal (PRF), uma das v\u00edtimas ficou presa \u00e0s ferragens e sofreu ferimentos graves. O Corpo de Bombeiros realizou o desencarceramento, e o SAMU fez o socorro imediato.<\/p>\n\n\n\n<p>A pista ficou parcialmente obstru\u00edda, causando lentid\u00e3o no fluxo de ve\u00edculos. Equipes da PRF permanecem no local aguardando a remo\u00e7\u00e3o dos ve\u00edculos envolvidos. As v\u00edtimas foram encaminhadas para o Hospital de Emerg\u00eancia e Trauma de Jo\u00e3o Pessoa. At\u00e9 a publica\u00e7\u00e3o desta mat\u00e9ria, n\u00e3o havia informa\u00e7\u00f5es sobre o estado de sa\u00fade delas.<\/p>\n\n\n\n<p>Reda\u00e7\u00e3o<\/p>\n","protected":false},"excerpt":{"rendered":"<p><img loading=\"lazy\" decoding=\"async\" width=\"1024\" height=\"768\" src=\"https:\/\/www.pbagora.com.br\/storage\/2025\/11\/imagem-PRF-PB-1024x768.jpeg\" class=\"attachment-large size-large wp-post-image\" alt=\"\" srcset=\"https:\/\/www.pbagora.com.br\/storage\/2025\/11\/imagem-PRF-PB-1024x768.jpeg 1024w, https:\/\/www.pbagora.com.br\/storage\/2025\/11\/imagem-PRF-PB-300x225.jpeg 300w, https:\/\/www.pbagora.com.br\/storage\/2025\/11\/imagem-PRF-PB-150x113.jpeg 150w, https:\/\/www.pbagora.com.br\/storage\/2025\/11\/imagem-PRF-PB-768x576.jpeg 768w, https:\/\/www.pbagora.com.br\/storage\/2025\/11\/imagem-PRF-PB-1536x1152.jpeg 1536w, https:\/\/www.pbagora.com.br\/storage\/2025\/11\/imagem-PRF-PB-200x150.jpeg 200w, https:\/\/www.pbagora.com.br\/storage\/2025\/11\/imagem-PRF-PB-260x195.jpeg 260w, https:\/\/www.pbagora.com.br\/storage\/2025\/11\/imagem-PRF-PB-380x285.jpeg 380w, https:\/\/www.pbagora.com.br\/storage\/2025\/11\/imagem-PRF-PB-800x600.jpeg 800w, https:\/\/www.pbagora.com.br\/storage\/2025\/11\/imagem-PRF-PB-1160x870.jpeg 1160w, https:\/\/www.pbagora.com.br\/storage\/2025\/11\/imagem-PRF-PB-80x60.jpeg 80w, https:\/\/www.pbagora.com.br\/storage\/2025\/11\/imagem-PRF-PB-600x450.jpeg 600w, https:\/\/www.pbagora.com.br\/storage\/2025\/11\/imagem-PRF-PB-520x390.jpeg 520w, https:\/\/www.pbagora.com.br\/storage\/2025\/11\/imagem-PRF-PB-760x570.jpeg 760w, https:\/\/www.pbagora.com.br\/storage\/2025\/11\/imagem-PRF-PB.jpeg 1600w\" sizes=\"auto, (max-width: 1024px) 100vw, 1024px\"><\/p>\n<p>Um grave acidente foi registrado na madrugada de hoje (25) na BR-230, km 49,5, em Santa Rita, na\u2026<\/p>\n","protected":false},"author":123457,"featured_media":0,"comment_status":"closed","ping_status":"closed","sticky":false,"template":"","format":"standard","meta":{"advgb_blocks_editor_width":"","advgb_blocks_columns_visual_guide":"","footnotes":""},"categories":[34],"tags":[35,10839,10842],"class_list":["post-63096","post","type-post","status-publish","format-standard","hentry","category-g1","tag-g1","tag-policial","tag-principal3"],"author_meta":{"display_name":"Reda\u00e7\u00e3o","author_link":"https:\/\/sindaopcpb.org.br\/author\/redacao\/"},"featured_img":null,"coauthors":[],"tax_additional":{"categories":{"linked":["<a href=\"https:\/\/sindaopcpb.org.br\/g1\/\" class=\"advgb-post-tax-term\">G1<\/a>"],"unlinked":["<span class=\"advgb-post-tax-term\">G1<\/span>"]},"tags":{"linked":["<a href=\"https:\/\/sindaopcpb.org.br\/g1\/\" class=\"advgb-post-tax-term\">g1<\/a>","<a href=\"https:\/\/sindaopcpb.org.br\/g1\/\" class=\"advgb-post-tax-term\">Policial<\/a>","<a href=\"https:\/\/sindaopcpb.org.br\/g1\/\" class=\"advgb-post-tax-term\">Principal3<\/a>"],"unlinked":["<span class=\"advgb-post-tax-term\">g1<\/span>","<span class=\"advgb-post-tax-term\">Policial<\/span>","<span class=\"advgb-post-tax-term\">Principal3<\/span>"]}},"comment_count":"0","relative_dates":{"created":"Publicado 5 meses atr\u00e1s","modified":"Atualizado 5 meses atr\u00e1s"},"absolute_dates":{"created":"Publicado em 25 de novembro de 2025","modified":"Atualizado em 25 de novembro de 2025"},"absolute_dates_time":{"created":"Publicado em 25 de novembro de 2025 06:50","modified":"Atualizado em 25 de novembro de 2025 08:30"},"featured_img_caption":"","series_order":"","_links":{"self":[{"href":"https:\/\/sindaopcpb.org.br\/index.php\/wp-json\/wp\/v2\/posts\/63096","targetHints":{"allow":["GET"]}}],"collection":[{"href":"https:\/\/sindaopcpb.org.br\/index.php\/wp-json\/wp\/v2\/posts"}],"about":[{"href":"https:\/\/sindaopcpb.org.br\/index.php\/wp-json\/wp\/v2\/types\/post"}],"author":[{"embeddable":true,"href":"https:\/\/sindaopcpb.org.br\/index.php\/wp-json\/wp\/v2\/users\/123457"}],"replies":[{"embeddable":true,"href":"https:\/\/sindaopcpb.org.br\/index.php\/wp-json\/wp\/v2\/comments?post=63096"}],"version-history":[{"count":4,"href":"https:\/\/sindaopcpb.org.br\/index.php\/wp-json\/wp\/v2\/posts\/63096\/revisions"}],"predecessor-version":[{"id":63115,"href":"https:\/\/sindaopcpb.org.br\/index.php\/wp-json\/wp\/v2\/posts\/63096\/revisions\/63115"}],"wp:attachment":[{"href":"https:\/\/sindaopcpb.org.br\/index.php\/wp-json\/wp\/v2\/media?parent=63096"}],"wp:term":[{"taxonomy":"category","embeddable":true,"href":"https:\/\/sindaopcpb.org.br\/index.php\/wp-json\/wp\/v2\/categories?post=63096"},{"taxonomy":"post_tag","embeddable":true,"href":"https:\/\/sindaopcpb.org.br\/index.php\/wp-json\/wp\/v2\/tags?post=63096"}],"curies":[{"name":"wp","href":"https:\/\/api.w.org\/{rel}","templated":true}]}}