{"id":63094,"date":"2025-11-24T15:40:16","date_gmt":"2025-11-24T18:40:16","guid":{"rendered":"https:\/\/www.pbagora.com.br\/?p=927491"},"modified":"2025-11-24T15:40:16","modified_gmt":"2025-11-24T18:40:16","slug":"em-patos-policia-prende-dupla-suspeita-de-furtar-egua-e-recupera-animal-subtraido","status":"publish","type":"post","link":"https:\/\/sindaopcpb.org.br\/index.php\/2025\/11\/24\/em-patos-policia-prende-dupla-suspeita-de-furtar-egua-e-recupera-animal-subtraido\/","title":{"rendered":"EM PATOS: pol\u00edcia prende dupla suspeita de furtar \u00e9gua e recupera animal subtra\u00eddo"},"content":{"rendered":"<p><img width=\"576\" height=\"1024\" src=\"https:\/\/www.pbagora.com.br\/storage\/2025\/11\/CAVALO-FURTADO-576x1024.jpeg\" class=\"attachment-large size-large wp-post-image\" alt=\"\" style=\"margin-bottom: 20px;\" decoding=\"async\" loading=\"lazy\" srcset=\"https:\/\/www.pbagora.com.br\/storage\/2025\/11\/CAVALO-FURTADO-576x1024.jpeg 576w, https:\/\/www.pbagora.com.br\/storage\/2025\/11\/CAVALO-FURTADO-169x300.jpeg 169w, https:\/\/www.pbagora.com.br\/storage\/2025\/11\/CAVALO-FURTADO-84x150.jpeg 84w, https:\/\/www.pbagora.com.br\/storage\/2025\/11\/CAVALO-FURTADO-380x676.jpeg 380w, https:\/\/www.pbagora.com.br\/storage\/2025\/11\/CAVALO-FURTADO-80x142.jpeg 80w, https:\/\/www.pbagora.com.br\/storage\/2025\/11\/CAVALO-FURTADO-45x80.jpeg 45w, https:\/\/www.pbagora.com.br\/storage\/2025\/11\/CAVALO-FURTADO-338x600.jpeg 338w, https:\/\/www.pbagora.com.br\/storage\/2025\/11\/CAVALO-FURTADO.jpeg 720w\" sizes=\"auto, (max-width: 576px) 100vw, 576px\" \/><\/p>\n<p>A Pol\u00edcia Civil da Para\u00edba, por meio da Delegacia de Roubos e Furtos (DRF) de Patos, realizou uma a\u00e7\u00e3o na tarde desta segunda-feira (24) ap\u00f3s receber informa\u00e7\u00f5es sobre o furto de um animal ocorrido durante a madrugada no bairro S\u00e3o Sebasti\u00e3o, em Patos.<\/p>\n\n\n\n<p>Segundo as investiga\u00e7\u00f5es, os suspeitos teriam identificado o animal, efetuado o furto e utilizado duas motocicletas para transport\u00e1-lo at\u00e9 o bairro do Jatob\u00e1. Dando continuidade \u00e0s dilig\u00eancias, os policiais da DRF iniciaram buscas imediatas, localizaram a dupla e efetuaram a pris\u00e3o em flagrante. O animal subtra\u00eddo tamb\u00e9m foi recuperado.<\/p>\n\n\n\n<p>Os suspeitos foram conduzidos \u00e0 Delegacia de Roubos e Furtos de Patos, onde passaram pelos procedimentos legais cab\u00edveis. Ambos permanecem \u00e0 disposi\u00e7\u00e3o da Justi\u00e7a.<\/p>\n\n\n\n<p><\/p>\n\n\n\n<p><strong><em>Ascom \/ PCPB<\/em><\/strong><\/p>\n","protected":false},"excerpt":{"rendered":"<p><img decoding=\"async\" width=\"576\" height=\"1024\" src=\"https:\/\/www.pbagora.com.br\/storage\/2025\/11\/CAVALO-FURTADO-576x1024.jpeg\" class=\"attachment-large size-large wp-post-image\" alt=\"\" loading=\"lazy\" srcset=\"https:\/\/www.pbagora.com.br\/storage\/2025\/11\/CAVALO-FURTADO-576x1024.jpeg 576w, https:\/\/www.pbagora.com.br\/storage\/2025\/11\/CAVALO-FURTADO-169x300.jpeg 169w, https:\/\/www.pbagora.com.br\/storage\/2025\/11\/CAVALO-FURTADO-84x150.jpeg 84w, https:\/\/www.pbagora.com.br\/storage\/2025\/11\/CAVALO-FURTADO-380x676.jpeg 380w, https:\/\/www.pbagora.com.br\/storage\/2025\/11\/CAVALO-FURTADO-80x142.jpeg 80w, https:\/\/www.pbagora.com.br\/storage\/2025\/11\/CAVALO-FURTADO-45x80.jpeg 45w, https:\/\/www.pbagora.com.br\/storage\/2025\/11\/CAVALO-FURTADO-338x600.jpeg 338w, https:\/\/www.pbagora.com.br\/storage\/2025\/11\/CAVALO-FURTADO.jpeg 720w\" sizes=\"auto, (max-width: 576px) 100vw, 576px\"><\/p>\n<p>A Pol\u00edcia Civil da Para\u00edba, por meio da Delegacia de Roubos e Furtos (DRF) de Patos, realizou uma\u2026<\/p>\n","protected":false},"author":123457,"featured_media":0,"comment_status":"closed","ping_status":"closed","sticky":false,"template":"","format":"standard","meta":{"advgb_blocks_editor_width":"","advgb_blocks_columns_visual_guide":"","footnotes":""},"categories":[34],"tags":[35,10839],"class_list":["post-63094","post","type-post","status-publish","format-standard","hentry","category-g1","tag-g1","tag-policial"],"author_meta":{"display_name":"Reda\u00e7\u00e3o","author_link":"https:\/\/sindaopcpb.org.br\/author\/redacao\/"},"featured_img":null,"coauthors":[],"tax_additional":{"categories":{"linked":["<a href=\"https:\/\/sindaopcpb.org.br\/g1\/\" class=\"advgb-post-tax-term\">G1<\/a>"],"unlinked":["<span class=\"advgb-post-tax-term\">G1<\/span>"]},"tags":{"linked":["<a href=\"https:\/\/sindaopcpb.org.br\/g1\/\" class=\"advgb-post-tax-term\">g1<\/a>","<a href=\"https:\/\/sindaopcpb.org.br\/g1\/\" class=\"advgb-post-tax-term\">Policial<\/a>"],"unlinked":["<span class=\"advgb-post-tax-term\">g1<\/span>","<span class=\"advgb-post-tax-term\">Policial<\/span>"]}},"comment_count":"0","relative_dates":{"created":"Publicado 5 meses atr\u00e1s","modified":"Atualizado 5 meses atr\u00e1s"},"absolute_dates":{"created":"Publicado em 24 de novembro de 2025","modified":"Atualizado em 24 de novembro de 2025"},"absolute_dates_time":{"created":"Publicado em 24 de novembro de 2025 15:40","modified":"Atualizado em 24 de novembro de 2025 15:40"},"featured_img_caption":"","series_order":"","_links":{"self":[{"href":"https:\/\/sindaopcpb.org.br\/index.php\/wp-json\/wp\/v2\/posts\/63094","targetHints":{"allow":["GET"]}}],"collection":[{"href":"https:\/\/sindaopcpb.org.br\/index.php\/wp-json\/wp\/v2\/posts"}],"about":[{"href":"https:\/\/sindaopcpb.org.br\/index.php\/wp-json\/wp\/v2\/types\/post"}],"author":[{"embeddable":true,"href":"https:\/\/sindaopcpb.org.br\/index.php\/wp-json\/wp\/v2\/users\/123457"}],"replies":[{"embeddable":true,"href":"https:\/\/sindaopcpb.org.br\/index.php\/wp-json\/wp\/v2\/comments?post=63094"}],"version-history":[{"count":1,"href":"https:\/\/sindaopcpb.org.br\/index.php\/wp-json\/wp\/v2\/posts\/63094\/revisions"}],"predecessor-version":[{"id":63095,"href":"https:\/\/sindaopcpb.org.br\/index.php\/wp-json\/wp\/v2\/posts\/63094\/revisions\/63095"}],"wp:attachment":[{"href":"https:\/\/sindaopcpb.org.br\/index.php\/wp-json\/wp\/v2\/media?parent=63094"}],"wp:term":[{"taxonomy":"category","embeddable":true,"href":"https:\/\/sindaopcpb.org.br\/index.php\/wp-json\/wp\/v2\/categories?post=63094"},{"taxonomy":"post_tag","embeddable":true,"href":"https:\/\/sindaopcpb.org.br\/index.php\/wp-json\/wp\/v2\/tags?post=63094"}],"curies":[{"name":"wp","href":"https:\/\/api.w.org\/{rel}","templated":true}]}}