{"id":63081,"date":"2025-11-24T15:30:38","date_gmt":"2025-11-24T18:30:38","guid":{"rendered":"https:\/\/www.pbagora.com.br\/?p=927425"},"modified":"2025-11-24T15:30:38","modified_gmt":"2025-11-24T18:30:38","slug":"prf-na-paraiba-prende-foragidos-flagra-embriagados-e-recupera-veiculo-furtado","status":"publish","type":"post","link":"https:\/\/sindaopcpb.org.br\/index.php\/2025\/11\/24\/prf-na-paraiba-prende-foragidos-flagra-embriagados-e-recupera-veiculo-furtado\/","title":{"rendered":"PRF na Para\u00edba prende foragidos, flagra embriagados e recupera ve\u00edculo furtado"},"content":{"rendered":"<p><img width=\"853\" height=\"638\" src=\"https:\/\/www.pbagora.com.br\/storage\/2025\/11\/WhatsApp-Image-2025-11-24-at-10.24.35.jpeg\" class=\"attachment-large size-large wp-post-image\" alt=\"\" style=\"margin-bottom: 20px;\" decoding=\"async\" loading=\"lazy\" srcset=\"https:\/\/www.pbagora.com.br\/storage\/2025\/11\/WhatsApp-Image-2025-11-24-at-10.24.35.jpeg 853w, https:\/\/www.pbagora.com.br\/storage\/2025\/11\/WhatsApp-Image-2025-11-24-at-10.24.35-300x224.jpeg 300w, https:\/\/www.pbagora.com.br\/storage\/2025\/11\/WhatsApp-Image-2025-11-24-at-10.24.35-150x112.jpeg 150w, https:\/\/www.pbagora.com.br\/storage\/2025\/11\/WhatsApp-Image-2025-11-24-at-10.24.35-768x574.jpeg 768w, https:\/\/www.pbagora.com.br\/storage\/2025\/11\/WhatsApp-Image-2025-11-24-at-10.24.35-200x150.jpeg 200w, https:\/\/www.pbagora.com.br\/storage\/2025\/11\/WhatsApp-Image-2025-11-24-at-10.24.35-260x195.jpeg 260w, https:\/\/www.pbagora.com.br\/storage\/2025\/11\/WhatsApp-Image-2025-11-24-at-10.24.35-380x284.jpeg 380w, https:\/\/www.pbagora.com.br\/storage\/2025\/11\/WhatsApp-Image-2025-11-24-at-10.24.35-800x598.jpeg 800w, https:\/\/www.pbagora.com.br\/storage\/2025\/11\/WhatsApp-Image-2025-11-24-at-10.24.35-80x60.jpeg 80w, https:\/\/www.pbagora.com.br\/storage\/2025\/11\/WhatsApp-Image-2025-11-24-at-10.24.35-600x449.jpeg 600w, https:\/\/www.pbagora.com.br\/storage\/2025\/11\/WhatsApp-Image-2025-11-24-at-10.24.35-520x390.jpeg 520w, https:\/\/www.pbagora.com.br\/storage\/2025\/11\/WhatsApp-Image-2025-11-24-at-10.24.35-760x568.jpeg 760w\" sizes=\"auto, (max-width: 853px) 100vw, 853px\" \/><\/p>\n<p><em>As a\u00e7\u00f5es distintas se desenvolveram nos munic\u00edpios de Jo\u00e3o Pessoa, Alhandra, Campina Grande, Conde e Queimadas<\/em><\/p>\n\n\n\n<p>A Pol\u00edcia Rodovi\u00e1ria Federal (PRF) na Para\u00edba intensificou a fiscaliza\u00e7\u00e3o nas rodovias federais entre a \u00faltima sexta-feira (21) e o domingo (23), resultando na deten\u00e7\u00e3o de cinco pessoas por diversos crimes e na apreens\u00e3o de um adolescente. Entre as ocorr\u00eancias de maior destaque est\u00e3o o flagrante de tr\u00eas casos de embriaguez ao volante, o cumprimento de dois mandados de pris\u00e3o, sendo um deles por viola\u00e7\u00e3o de liberdade condicional e a recupera\u00e7\u00e3o de um ve\u00edculo furtado. Dois indiv\u00edduos se envolveram em graves incidentes de fuga: um deles colidiu com a viatura PRF ap\u00f3s 10 km de persegui\u00e7\u00e3o, e um adolescente tentou atropelar um policial.<\/p>\n\n\n\n<p>A PRF deteve um motorista por crime de embriaguez ao volante ap\u00f3s flagr\u00e1-lo dormindo dentro do ve\u00edculo parado na rodovia. O fato ocorreu na manh\u00e3 da \u00faltima sexta-feira (21), por volta das 8h04, no km 89 da BR-101, em Jo\u00e3o Pessoa, na al\u00e7a do viaduto de Oitizeiro. A equipe da PRF, em ronda de rotina, notou um ve\u00edculo parado na faixa da direita com o pneu dianteiro esquerdo furado. Ao se aproximarem, os policiais encontraram o motorista dormindo ao volante. Ao ser abordado, o condutor alegou ter ingerido bebida alco\u00f3lica na madrugada do mesmo dia. Ele foi submetido ao teste do etil\u00f4metro (baf\u00f4metro), que confirmou a ingest\u00e3o de \u00e1lcool. O aparelho registrou o teor de 0.59 miligramas de \u00e1lcool por litro de ar expelido pelos pulm\u00f5es. Configurando o crime de Conduzir ve\u00edculo com capacidade psicomotora alterada em raz\u00e3o da influ\u00eancia de \u00e1lcool (Embriaguez ao Volante), conforme o C\u00f3digo de Tr\u00e2nsito Brasileiro (CTB). Diante dos fatos, o motorista foi detido e encaminhado \u00e0 Delegacia da Pol\u00edcia Civil de Jo\u00e3o Pessoa para os procedimentos cab\u00edveis. O ve\u00edculo, por n\u00e3o haver respons\u00e1vel habilitado para retir\u00e1-lo, foi recolhido ao p\u00e1tio. A PRF refor\u00e7a o perigo de dirigir sob efeito de \u00e1lcool, uma conduta que n\u00e3o s\u00f3 \u00e9 crime, mas coloca em risco a vida do condutor e de terceiros.<\/p>\n\n\n\n<p>O N\u00facleo de Opera\u00e7\u00f5es Especiais (NOE) da PRF na Para\u00edba prendeu um homem de 31 anos que descumpria medida judicial de restri\u00e7\u00e3o de hor\u00e1rio. A pris\u00e3o ocorreu durante patrulhamento t\u00e1tico na noite da \u00faltima sexta-feira (21), por volta das 22h30, no km 23 da BR-230, em Jo\u00e3o Pessoa. A equipe da PRF visualizou um JEEP \/ Compass de cor branca transitando em velocidade elevada e realizou a abordagem para fiscaliza\u00e7\u00e3o. No ve\u00edculo, foram identificados quatro ocupantes. Durante a consulta nos sistemas, verificou-se que um dos passageiros possu\u00eda hist\u00f3rico criminal e estava em regime de liberdade condicionada. O sistema indicava que o indiv\u00edduo deveria estar recolhido \u00e0 sua resid\u00eancia a partir das 22h. Como a abordagem ocorreu ap\u00f3s o hor\u00e1rio determinado judicialmente (22h30), constatou-se o descumprimento da medida cautelar. Diante do flagrante, o indiv\u00edduo foi preso por viola\u00e7\u00e3o das condi\u00e7\u00f5es impostas pela Justi\u00e7a. Ele foi conduzido \u00e0 Central de Flagrantes, encaminhado ao Instituto de Pol\u00edcia Cient\u00edfica (IPC) para exame de corpo de delito, e, posteriormente, colocado \u00e0 disposi\u00e7\u00e3o da justi\u00e7a.<\/p>\n\n\n\n<p>Equipe da PRF recuperou um autom\u00f3vel com registro de furto e deteve o motorista por suspeita de recepta\u00e7\u00e3o. A a\u00e7\u00e3o ocorreu no \u00faltimo s\u00e1bado (22), por volta das 9h30, durante fiscaliza\u00e7\u00e3o em frente \u00e0 Unidade Operacional (UOP) no km 107 da BR-101, no munic\u00edpio de Alhandra, Para\u00edba. A equipe da PRF avistou um ve\u00edculo de passeio de cor verde e, ap\u00f3s consulta aos sistemas, constatou que a placa ostentada possu\u00eda um registro de furto datado de janeiro de 2025, com ocorr\u00eancia registrada na capital paraibana. O condutor, um homem de 51 anos, informou aos policiais que desconhecia a origem il\u00edcita do autom\u00f3vel e alegou que o ve\u00edculo pertencia ao seu filho, que o teria adquirido recentemente em uma troca por uma motocicleta. Diante da constata\u00e7\u00e3o do il\u00edcito, foi dada voz de pris\u00e3o ao condutor. O delito constatado, a princ\u00edpio, foi o de Recepta\u00e7\u00e3o, previsto no Artigo 180 do C\u00f3digo Penal. O ve\u00edculo recuperado e o motorista foram encaminhados \u00e0 Delegacia de Pol\u00edcia Civil em Alhandra para as devidas provid\u00eancias e investiga\u00e7\u00f5es sobre a origem do bem. Em 2025 a PRF j\u00e1 recuperou 290 ve\u00edculos com ocorr\u00eancias de roubos\/furtos nas rodovias federais paraibanas.<\/p>\n\n\n\n<p>Agentes da PRF flagraram uma carga de bebidas que estava sendo transportada sem a devida documenta\u00e7\u00e3o fiscal em Campina Grande, Para\u00edba. A ocorr\u00eancia foi registrada por volta das 10h20 do s\u00e1bado (22), em Campina Grande. Durante fiscaliza\u00e7\u00e3o de rotina no Km 165 da BR-230, a equipe da PRF abordou uma FIAT \/ Strada que transportava um volume consider\u00e1vel de mercadorias no compartimento de carga. Ao ser inquirido, o condutor, um homem de 47 anos informou transportar 50 caixas de cerveja em lata, 25 caixas de refrigerante e duas caixas de cacha\u00e7a. Questionado sobre a nota fiscal da carga, ele afirmou que n\u00e3o possu\u00eda o documento e que realizava o transporte de bebidas regularmente dessa forma, com destino a pequenos vendedores na regi\u00e3o de S\u00e3o Jos\u00e9 da Mata. Diante da constata\u00e7\u00e3o da irregularidade fiscal, que exige a documenta\u00e7\u00e3o id\u00f4nea para o transporte de mercadorias, a equipe da PRF acionou imediatamente a fiscaliza\u00e7\u00e3o estadual. Um auditor do Fisco Estadual compareceu ao local e foram lavrados os devidos autos de infra\u00e7\u00e3o (multas). O fato de transportar mercadorias sem a devida nota fiscal configura, a princ\u00edpio, o cometimento de crime fiscal, capitulado no Artigo 2\u00ba da Lei n\u00ba 8.137\/90 (Crime Contra a Ordem Tribut\u00e1ria), que prev\u00ea pena de deten\u00e7\u00e3o e multa para quem, entre outras condutas, frauda ou omite declara\u00e7\u00e3o para eximir-se, total ou parcialmente, de pagamento de tributo. A a\u00e7\u00e3o refor\u00e7a a parceria entre a PRF e a Secretaria da Fazenda Estadual no combate \u00e0 sonega\u00e7\u00e3o fiscal nas rodovias paraibanas.<\/p>\n\n\n\n<p>Policiais rodovi\u00e1rios federais detiveram um homem de 54 anos ap\u00f3s uma a\u00e7\u00e3o que se estendeu por mais de 10 km e que resultou em um sinistro de tr\u00e2nsito com a viatura policial. O incidente ocorreu na tarde deste domingo (23), na BR-101 Sul, em Jo\u00e3o Pessoa, ap\u00f3s informa\u00e7\u00f5es iniciais sobre um poss\u00edvel mandado de pris\u00e3o em aberto contra um ocupante do ve\u00edculo. A equipe PRF visualizou o ve\u00edculo, um FIAT \/ Siena de cor branca, e deu ordem de parada no km 99 da BR-101. O condutor, no entanto, ignorou os sinais luminosos e sonoros e iniciou uma fuga em alta velocidade, acessando a rodovia PB-018 em dire\u00e7\u00e3o ao munic\u00edpio do Conde. Durante a tentativa de abordagem, o motorista demonstrou total desrespeito \u00e0s normas de tr\u00e2nsito e \u00e0 seguran\u00e7a p\u00fablica, realizando manobras perigosas que colocaram em risco a vida de pedestres (inclusive crian\u00e7as) e ciclistas. As manobras imprudentes resultaram em uma colis\u00e3o entre o ve\u00edculo e a viatura policial, causando Dano Qualificado ao patrim\u00f4nio p\u00fablico. A captura s\u00f3 foi poss\u00edvel quando o condutor adentrou uma propriedade rural. Ap\u00f3s ser contido, ele alegou que n\u00e3o havia percebido a ordem de parada e que s\u00f3 parou por receio de ter o ve\u00edculo apreendido, pois havia ingerido bebida alco\u00f3lica. Em fiscaliza\u00e7\u00e3o, a PRF constatou que a Carteira Nacional de Habilita\u00e7\u00e3o (CNH) do condutor estava vencida desde 2015. Al\u00e9m disso o condutor se recusou a realizar o teste de etil\u00f4metro que afere o teor alco\u00f3lico. Diante dos fatos, o condutor foi preso e conduzido ileso \u00e0 Central de Pol\u00edcia Civil em Conde. Ele responder\u00e1, a princ\u00edpio, pelos crimes de: desobedi\u00eancia (Art. 330 do C\u00f3digo Penal); dano qualificado ao patrim\u00f4nio p\u00fablico (Art. 163, Par\u00e1grafo \u00danico, III, do C\u00f3digo Penal); embriaguez ao Volante (Art. 306 do C\u00f3digo de Tr\u00e2nsito Brasileiro \u2013 CTB), devido \u00e0 sua conduta, confiss\u00e3o e demais elementos de prova. Al\u00e9m dos crimes, foram aplicadas as seguintes infra\u00e7\u00f5es de tr\u00e2nsito: conduzir ve\u00edculo com CNH vencida (Art. 162, V, do CTB); recusa em se submeter ao teste de alcoolemia (Art. 165-A do CTB). O ve\u00edculo foi apreendido e removido ao p\u00e1tio. A ocorr\u00eancia e o Laudo Pericial de Sinistro de Tr\u00e2nsito foram encaminhados para as devidas formalidades junto \u00e0 Autoridade Policial.<\/p>\n\n\n\n<p>Durante fiscaliza\u00e7\u00e3o, PRF flagrou um adolescente, que conduzia uma motocicleta ap\u00f3s uma grave ocorr\u00eancia de dire\u00e7\u00e3o perigosa, embriaguez ao volante e tentativa de agress\u00e3o a um agente federal. O fato ocorreu na tarde deste domingo (23), por volta das 16h30, durante fiscaliza\u00e7\u00e3o de rotina no km 133 da BR-104, no munic\u00edpio de Queimadas, Para\u00edba. A equipe da PRF foi acionada por um motociclista, solicitando a abordagem de outra motocicleta que o seguia. Ao dar ordem de parada \u00e0 citada motocicleta, o adolescente reagiu de maneira extremamente agressiva, arremessando a motocicleta sobre o PRF, quase o atropelando, passando a empreender fuga em alta velocidade, desrespeitando a seguran\u00e7a pr\u00f3pria e a de terceiros, inclusive da passageira (garupa) que fazia vis\u00edveis s\u00faplicas ao adolescente parta que parasse o ve\u00edculo, sem ser atendida. Ap\u00f3s a intercepta\u00e7\u00e3o, o adolescente foi submetido ao teste do etil\u00f4metro, que constatou a embriaguez na dire\u00e7\u00e3o. Diante dos fatos, foi comunicada a apreens\u00e3o ao mesmo. Os atos infracionais an\u00e1logos a crimes constatados, a princ\u00edpio, foram: dirigir ve\u00edculo pondo em perigo a seguran\u00e7a alheia (Dire\u00e7\u00e3o Perigosa \u2013 Art. 34 do Decreto-Lei 3.688\/41); conduzir ve\u00edculo com capacidade psicomotora alterada em raz\u00e3o da influ\u00eancia de \u00e1lcool (Embriaguez ao Volante \u2013 Art. 306 do C\u00f3digo de Tr\u00e2nsito Brasileiro \u2013 CTB); tentativa de Homic\u00eddio Doloso (em dolo eventual \u2013 Art. 121 c\/c Art. 14, II do C\u00f3digo Penal), devido \u00e0 manobra deliberada de acelerar o ve\u00edculo contra o policial no exerc\u00edcio da fun\u00e7\u00e3o. O adolescente foi encaminhado, juntamente com a motocicleta, \u00e0 Delegacia de Pol\u00edcia Civil em Queimadas para os procedimentos legais cab\u00edveis.<\/p>\n\n\n\n<p>Por fim, a PRF deu cumprimento a um mandado de pris\u00e3o civil por d\u00edvida de pens\u00e3o aliment\u00edcia durante fiscaliza\u00e7\u00e3o de rotina em Campina Grande, Para\u00edba. A pris\u00e3o ocorreu na noite deste domingo (23), por volta das 22h20min, na Unidade Operacional da PRF, no km 143 da BR-230. Ao abordar um ve\u00edculo de passeio de cor preta, a equipe da PRF realizou a consulta de rotina e verificou a exist\u00eancia de um Mandado de Pris\u00e3o pendente de cumprimento em desfavor do condutor. O motorista, um homem de 50 anos, foi imediatamente informado sobre a exist\u00eancia da ordem judicial, enquadrada como Pris\u00e3o Civil, conforme previsto no \u00a7 3\u00ba do Artigo 528 do C\u00f3digo de Processo Civil e no inciso LXVII do Artigo 5\u00ba da Constitui\u00e7\u00e3o Federal. Diante da determina\u00e7\u00e3o da Justi\u00e7a, o condutor foi preso e, ap\u00f3s ser cientificado de seus direitos constitucionais, foi encaminhado \u00e0 Delegacia de Pol\u00edcia Civil de Campina Grande para as provid\u00eancias cab\u00edveis. Somente em 2025, j\u00e1 foram cumpridos 86 mandados de pris\u00e3o pela PRF na Para\u00edba<\/p>\n\n\n\n<p><\/p>\n","protected":false},"excerpt":{"rendered":"<p><img decoding=\"async\" width=\"853\" height=\"638\" src=\"https:\/\/www.pbagora.com.br\/storage\/2025\/11\/WhatsApp-Image-2025-11-24-at-10.24.35.jpeg\" class=\"attachment-large size-large wp-post-image\" alt=\"\" loading=\"lazy\" srcset=\"https:\/\/www.pbagora.com.br\/storage\/2025\/11\/WhatsApp-Image-2025-11-24-at-10.24.35.jpeg 853w, https:\/\/www.pbagora.com.br\/storage\/2025\/11\/WhatsApp-Image-2025-11-24-at-10.24.35-300x224.jpeg 300w, https:\/\/www.pbagora.com.br\/storage\/2025\/11\/WhatsApp-Image-2025-11-24-at-10.24.35-150x112.jpeg 150w, https:\/\/www.pbagora.com.br\/storage\/2025\/11\/WhatsApp-Image-2025-11-24-at-10.24.35-768x574.jpeg 768w, https:\/\/www.pbagora.com.br\/storage\/2025\/11\/WhatsApp-Image-2025-11-24-at-10.24.35-200x150.jpeg 200w, https:\/\/www.pbagora.com.br\/storage\/2025\/11\/WhatsApp-Image-2025-11-24-at-10.24.35-260x195.jpeg 260w, https:\/\/www.pbagora.com.br\/storage\/2025\/11\/WhatsApp-Image-2025-11-24-at-10.24.35-380x284.jpeg 380w, https:\/\/www.pbagora.com.br\/storage\/2025\/11\/WhatsApp-Image-2025-11-24-at-10.24.35-800x598.jpeg 800w, https:\/\/www.pbagora.com.br\/storage\/2025\/11\/WhatsApp-Image-2025-11-24-at-10.24.35-80x60.jpeg 80w, https:\/\/www.pbagora.com.br\/storage\/2025\/11\/WhatsApp-Image-2025-11-24-at-10.24.35-600x449.jpeg 600w, https:\/\/www.pbagora.com.br\/storage\/2025\/11\/WhatsApp-Image-2025-11-24-at-10.24.35-520x390.jpeg 520w, https:\/\/www.pbagora.com.br\/storage\/2025\/11\/WhatsApp-Image-2025-11-24-at-10.24.35-760x568.jpeg 760w\" sizes=\"auto, (max-width: 853px) 100vw, 853px\"><\/p>\n<p>As a\u00e7\u00f5es distintas se desenvolveram nos munic\u00edpios de Jo\u00e3o Pessoa, Alhandra, Campina Grande, Conde e Queimadas A Pol\u00edcia\u2026<\/p>\n","protected":false},"author":123457,"featured_media":0,"comment_status":"closed","ping_status":"closed","sticky":false,"template":"","format":"standard","meta":{"advgb_blocks_editor_width":"","advgb_blocks_columns_visual_guide":"","footnotes":""},"categories":[34],"tags":[10841,35,10839],"class_list":["post-63081","post","type-post","status-publish","format-standard","hentry","category-g1","tag-destaque-centro-02","tag-g1","tag-policial"],"author_meta":{"display_name":"Reda\u00e7\u00e3o","author_link":"https:\/\/sindaopcpb.org.br\/author\/redacao\/"},"featured_img":null,"coauthors":[],"tax_additional":{"categories":{"linked":["<a href=\"https:\/\/sindaopcpb.org.br\/g1\/\" class=\"advgb-post-tax-term\">G1<\/a>"],"unlinked":["<span class=\"advgb-post-tax-term\">G1<\/span>"]},"tags":{"linked":["<a href=\"https:\/\/sindaopcpb.org.br\/g1\/\" class=\"advgb-post-tax-term\">Destaque Centro 02<\/a>","<a href=\"https:\/\/sindaopcpb.org.br\/g1\/\" class=\"advgb-post-tax-term\">g1<\/a>","<a href=\"https:\/\/sindaopcpb.org.br\/g1\/\" class=\"advgb-post-tax-term\">Policial<\/a>"],"unlinked":["<span class=\"advgb-post-tax-term\">Destaque Centro 02<\/span>","<span class=\"advgb-post-tax-term\">g1<\/span>","<span class=\"advgb-post-tax-term\">Policial<\/span>"]}},"comment_count":"0","relative_dates":{"created":"Publicado 5 meses atr\u00e1s","modified":"Atualizado 5 meses atr\u00e1s"},"absolute_dates":{"created":"Publicado em 24 de novembro de 2025","modified":"Atualizado em 24 de novembro de 2025"},"absolute_dates_time":{"created":"Publicado em 24 de novembro de 2025 15:30","modified":"Atualizado em 24 de novembro de 2025 15:30"},"featured_img_caption":"","series_order":"","_links":{"self":[{"href":"https:\/\/sindaopcpb.org.br\/index.php\/wp-json\/wp\/v2\/posts\/63081","targetHints":{"allow":["GET"]}}],"collection":[{"href":"https:\/\/sindaopcpb.org.br\/index.php\/wp-json\/wp\/v2\/posts"}],"about":[{"href":"https:\/\/sindaopcpb.org.br\/index.php\/wp-json\/wp\/v2\/types\/post"}],"author":[{"embeddable":true,"href":"https:\/\/sindaopcpb.org.br\/index.php\/wp-json\/wp\/v2\/users\/123457"}],"replies":[{"embeddable":true,"href":"https:\/\/sindaopcpb.org.br\/index.php\/wp-json\/wp\/v2\/comments?post=63081"}],"version-history":[{"count":1,"href":"https:\/\/sindaopcpb.org.br\/index.php\/wp-json\/wp\/v2\/posts\/63081\/revisions"}],"predecessor-version":[{"id":63082,"href":"https:\/\/sindaopcpb.org.br\/index.php\/wp-json\/wp\/v2\/posts\/63081\/revisions\/63082"}],"wp:attachment":[{"href":"https:\/\/sindaopcpb.org.br\/index.php\/wp-json\/wp\/v2\/media?parent=63081"}],"wp:term":[{"taxonomy":"category","embeddable":true,"href":"https:\/\/sindaopcpb.org.br\/index.php\/wp-json\/wp\/v2\/categories?post=63081"},{"taxonomy":"post_tag","embeddable":true,"href":"https:\/\/sindaopcpb.org.br\/index.php\/wp-json\/wp\/v2\/tags?post=63081"}],"curies":[{"name":"wp","href":"https:\/\/api.w.org\/{rel}","templated":true}]}}