{"id":63069,"date":"2025-11-24T06:04:15","date_gmt":"2025-11-24T09:04:15","guid":{"rendered":"https:\/\/www.pbagora.com.br\/?p=927331"},"modified":"2025-11-24T08:30:15","modified_gmt":"2025-11-24T11:30:15","slug":"policia-prende-homem-suspeito-de-atear-fogo-em-morador-de-rua-em-coremas","status":"publish","type":"post","link":"https:\/\/sindaopcpb.org.br\/index.php\/2025\/11\/24\/policia-prende-homem-suspeito-de-atear-fogo-em-morador-de-rua-em-coremas\/","title":{"rendered":"Pol\u00edcia prende homem suspeito de atear fogo em morador de rua em Coremas"},"content":{"rendered":"<p><img width=\"800\" height=\"445\" src=\"https:\/\/www.pbagora.com.br\/storage\/2025\/11\/FOTO-DIVULGACAO-DA-PMPB-1.jpg\" class=\"attachment-large size-large wp-post-image\" alt=\"\" style=\"margin-bottom: 20px;\" decoding=\"async\" loading=\"lazy\" srcset=\"https:\/\/www.pbagora.com.br\/storage\/2025\/11\/FOTO-DIVULGACAO-DA-PMPB-1.jpg 800w, https:\/\/www.pbagora.com.br\/storage\/2025\/11\/FOTO-DIVULGACAO-DA-PMPB-1-300x167.jpg 300w, https:\/\/www.pbagora.com.br\/storage\/2025\/11\/FOTO-DIVULGACAO-DA-PMPB-1-150x83.jpg 150w, https:\/\/www.pbagora.com.br\/storage\/2025\/11\/FOTO-DIVULGACAO-DA-PMPB-1-768x427.jpg 768w, https:\/\/www.pbagora.com.br\/storage\/2025\/11\/FOTO-DIVULGACAO-DA-PMPB-1-380x211.jpg 380w, https:\/\/www.pbagora.com.br\/storage\/2025\/11\/FOTO-DIVULGACAO-DA-PMPB-1-80x46.jpg 80w, https:\/\/www.pbagora.com.br\/storage\/2025\/11\/FOTO-DIVULGACAO-DA-PMPB-1-760x423.jpg 760w, https:\/\/www.pbagora.com.br\/storage\/2025\/11\/FOTO-DIVULGACAO-DA-PMPB-1-600x334.jpg 600w\" sizes=\"auto, (max-width: 800px) 100vw, 800px\" \/><\/p>\n<p><\/p>\n\n\n\n<p>A Pol\u00edcia Militar prendeu, no \u00faltimo s\u00e1bado (22), o suspeito de incendiar um homem que dormia em uma pra\u00e7a no munic\u00edpio de Coremas, no Sert\u00e3o da Para\u00edba. O acusado, de 24 anos, tinha um mandado de pris\u00e3o em aberto e foi localizado ap\u00f3s uma s\u00e9rie de dilig\u00eancias realizadas pelo 13\u00ba Batalh\u00e3o.<\/p>\n\n\n\n<p>Segundo a pol\u00edcia, a v\u00edtima, de 26 anos, estava deitada na pra\u00e7a quando o agressor jogou combust\u00edvel inflam\u00e1vel sobre ela e ateou fogo. O jovem foi socorrido e encaminhado para atendimento m\u00e9dico.<\/p>\n\n\n\n<p>\u201cA PM entrou em dilig\u00eancia em toda a regi\u00e3o e, ainda no s\u00e1bado, constatamos que um homem havia furtado combust\u00edvel de um posto na cidade durante a madrugada. Conseguimos chegar ao paradeiro dele e efetuar a pris\u00e3o\u201d, explicou o tenente-coronel C. Lima, comandante do 13\u00ba BPM. \u201cO acusado tem 24 anos de idade, e j\u00e1 tinha um mandado de pris\u00e3o pelo crime de roubo. A principal suspeita da motiva\u00e7\u00e3o do crime \u00e9 que ambos vivem em situa\u00e7\u00e3o de rua e estado de drogadi\u00e7\u00e3o\u201d, disse \u00e0 imprensa o comandante.<\/p>\n\n\n\n<p>Reda\u00e7\u00e3o<\/p>\n","protected":false},"excerpt":{"rendered":"<p><img decoding=\"async\" width=\"800\" height=\"445\" src=\"https:\/\/www.pbagora.com.br\/storage\/2025\/11\/FOTO-DIVULGACAO-DA-PMPB-1.jpg\" class=\"attachment-large size-large wp-post-image\" alt=\"\" loading=\"lazy\" srcset=\"https:\/\/www.pbagora.com.br\/storage\/2025\/11\/FOTO-DIVULGACAO-DA-PMPB-1.jpg 800w, https:\/\/www.pbagora.com.br\/storage\/2025\/11\/FOTO-DIVULGACAO-DA-PMPB-1-300x167.jpg 300w, https:\/\/www.pbagora.com.br\/storage\/2025\/11\/FOTO-DIVULGACAO-DA-PMPB-1-150x83.jpg 150w, https:\/\/www.pbagora.com.br\/storage\/2025\/11\/FOTO-DIVULGACAO-DA-PMPB-1-768x427.jpg 768w, https:\/\/www.pbagora.com.br\/storage\/2025\/11\/FOTO-DIVULGACAO-DA-PMPB-1-380x211.jpg 380w, https:\/\/www.pbagora.com.br\/storage\/2025\/11\/FOTO-DIVULGACAO-DA-PMPB-1-80x46.jpg 80w, https:\/\/www.pbagora.com.br\/storage\/2025\/11\/FOTO-DIVULGACAO-DA-PMPB-1-760x423.jpg 760w, https:\/\/www.pbagora.com.br\/storage\/2025\/11\/FOTO-DIVULGACAO-DA-PMPB-1-600x334.jpg 600w\" sizes=\"auto, (max-width: 800px) 100vw, 800px\"><\/p>\n<p>A Pol\u00edcia Militar prendeu, no \u00faltimo s\u00e1bado (22), o suspeito de incendiar um homem que dormia em uma\u2026<\/p>\n","protected":false},"author":123457,"featured_media":0,"comment_status":"closed","ping_status":"closed","sticky":false,"template":"","format":"standard","meta":{"advgb_blocks_editor_width":"","advgb_blocks_columns_visual_guide":"","footnotes":""},"categories":[34],"tags":[35,10839,10848],"class_list":["post-63069","post","type-post","status-publish","format-standard","hentry","category-g1","tag-g1","tag-policial","tag-rodape-01"],"author_meta":{"display_name":"Reda\u00e7\u00e3o","author_link":"https:\/\/sindaopcpb.org.br\/author\/redacao\/"},"featured_img":null,"coauthors":[],"tax_additional":{"categories":{"linked":["<a href=\"https:\/\/sindaopcpb.org.br\/g1\/\" class=\"advgb-post-tax-term\">G1<\/a>"],"unlinked":["<span class=\"advgb-post-tax-term\">G1<\/span>"]},"tags":{"linked":["<a href=\"https:\/\/sindaopcpb.org.br\/g1\/\" class=\"advgb-post-tax-term\">g1<\/a>","<a href=\"https:\/\/sindaopcpb.org.br\/g1\/\" class=\"advgb-post-tax-term\">Policial<\/a>","<a href=\"https:\/\/sindaopcpb.org.br\/g1\/\" class=\"advgb-post-tax-term\">Rodape 01<\/a>"],"unlinked":["<span class=\"advgb-post-tax-term\">g1<\/span>","<span class=\"advgb-post-tax-term\">Policial<\/span>","<span class=\"advgb-post-tax-term\">Rodape 01<\/span>"]}},"comment_count":"0","relative_dates":{"created":"Publicado 5 meses atr\u00e1s","modified":"Atualizado 5 meses atr\u00e1s"},"absolute_dates":{"created":"Publicado em 24 de novembro de 2025","modified":"Atualizado em 24 de novembro de 2025"},"absolute_dates_time":{"created":"Publicado em 24 de novembro de 2025 06:04","modified":"Atualizado em 24 de novembro de 2025 08:30"},"featured_img_caption":"","series_order":"","_links":{"self":[{"href":"https:\/\/sindaopcpb.org.br\/index.php\/wp-json\/wp\/v2\/posts\/63069","targetHints":{"allow":["GET"]}}],"collection":[{"href":"https:\/\/sindaopcpb.org.br\/index.php\/wp-json\/wp\/v2\/posts"}],"about":[{"href":"https:\/\/sindaopcpb.org.br\/index.php\/wp-json\/wp\/v2\/types\/post"}],"author":[{"embeddable":true,"href":"https:\/\/sindaopcpb.org.br\/index.php\/wp-json\/wp\/v2\/users\/123457"}],"replies":[{"embeddable":true,"href":"https:\/\/sindaopcpb.org.br\/index.php\/wp-json\/wp\/v2\/comments?post=63069"}],"version-history":[{"count":2,"href":"https:\/\/sindaopcpb.org.br\/index.php\/wp-json\/wp\/v2\/posts\/63069\/revisions"}],"predecessor-version":[{"id":63077,"href":"https:\/\/sindaopcpb.org.br\/index.php\/wp-json\/wp\/v2\/posts\/63069\/revisions\/63077"}],"wp:attachment":[{"href":"https:\/\/sindaopcpb.org.br\/index.php\/wp-json\/wp\/v2\/media?parent=63069"}],"wp:term":[{"taxonomy":"category","embeddable":true,"href":"https:\/\/sindaopcpb.org.br\/index.php\/wp-json\/wp\/v2\/categories?post=63069"},{"taxonomy":"post_tag","embeddable":true,"href":"https:\/\/sindaopcpb.org.br\/index.php\/wp-json\/wp\/v2\/tags?post=63069"}],"curies":[{"name":"wp","href":"https:\/\/api.w.org\/{rel}","templated":true}]}}