{"id":63047,"date":"2025-11-22T07:46:28","date_gmt":"2025-11-22T10:46:28","guid":{"rendered":"https:\/\/www.pbagora.com.br\/?p=927096"},"modified":"2025-11-22T07:46:28","modified_gmt":"2025-11-22T10:46:28","slug":"sttp-identificou-e-reteve-motocicleta-com-indicios-de-adulteracao-e-roubo-em-campina","status":"publish","type":"post","link":"https:\/\/sindaopcpb.org.br\/index.php\/2025\/11\/22\/sttp-identificou-e-reteve-motocicleta-com-indicios-de-adulteracao-e-roubo-em-campina\/","title":{"rendered":"STTP identificou e reteve motocicleta com ind\u00edcios de adultera\u00e7\u00e3o e roubo, em Campina"},"content":{"rendered":"<p><img width=\"768\" height=\"1024\" src=\"https:\/\/www.pbagora.com.br\/storage\/2025\/11\/foto-ascom-sttp-768x1024.jpg\" class=\"attachment-large size-large wp-post-image\" alt=\"\" style=\"margin-bottom: 20px;\" decoding=\"async\" srcset=\"https:\/\/www.pbagora.com.br\/storage\/2025\/11\/foto-ascom-sttp-768x1024.jpg 768w, https:\/\/www.pbagora.com.br\/storage\/2025\/11\/foto-ascom-sttp-225x300.jpg 225w, https:\/\/www.pbagora.com.br\/storage\/2025\/11\/foto-ascom-sttp-113x150.jpg 113w, https:\/\/www.pbagora.com.br\/storage\/2025\/11\/foto-ascom-sttp-1152x1536.jpg 1152w, https:\/\/www.pbagora.com.br\/storage\/2025\/11\/foto-ascom-sttp-1536x2048.jpg 1536w, https:\/\/www.pbagora.com.br\/storage\/2025\/11\/foto-ascom-sttp-380x507.jpg 380w, https:\/\/www.pbagora.com.br\/storage\/2025\/11\/foto-ascom-sttp-800x1067.jpg 800w, https:\/\/www.pbagora.com.br\/storage\/2025\/11\/foto-ascom-sttp-1160x1547.jpg 1160w, https:\/\/www.pbagora.com.br\/storage\/2025\/11\/foto-ascom-sttp-80x107.jpg 80w, https:\/\/www.pbagora.com.br\/storage\/2025\/11\/foto-ascom-sttp-60x80.jpg 60w, https:\/\/www.pbagora.com.br\/storage\/2025\/11\/foto-ascom-sttp-760x1013.jpg 760w, https:\/\/www.pbagora.com.br\/storage\/2025\/11\/foto-ascom-sttp-450x600.jpg 450w, https:\/\/www.pbagora.com.br\/storage\/2025\/11\/foto-ascom-sttp.jpg 1920w\" sizes=\"(max-width: 768px) 100vw, 768px\" \/><\/p>\n<p><\/p>\n\n\n\n<p>A Prefeitura de Campina Grande, por meio da STTP, identificou e reteve nesta quinta-feira, feriado da Consci\u00eancia Negra, uma motocicleta com restri\u00e7\u00e3o de roubo ou furto e sinais de adultera\u00e7\u00e3o veicular. O ve\u00edculo, uma Honda XRE190, foi localizado no bairro da Palmeira e encaminhado \u00e0s autoridades competentes.<\/p>\n\n\n\n<p>A a\u00e7\u00e3o foi realizada pelo N\u00facleo de Intelig\u00eancia e Enfrentamento \u00e0s Fraudes Veiculares (NIEF) da STTP, sendo o segundo caso identificado apenas nesta semana.<\/p>\n\n\n\n<p>De acordo com informa\u00e7\u00f5es do atual possuidor do ve\u00edculo, a aquisi\u00e7\u00e3o ocorreu por meio de troca realizada em plataforma de vendas online, resultando em preju\u00edzo financeiro da ordem de R$ 11 mil.<\/p>\n\n\n\n<p>Reda\u00e7\u00e3o<\/p>\n","protected":false},"excerpt":{"rendered":"<p><img loading=\"lazy\" decoding=\"async\" width=\"768\" height=\"1024\" src=\"https:\/\/www.pbagora.com.br\/storage\/2025\/11\/foto-ascom-sttp-768x1024.jpg\" class=\"attachment-large size-large wp-post-image\" alt=\"\" srcset=\"https:\/\/www.pbagora.com.br\/storage\/2025\/11\/foto-ascom-sttp-768x1024.jpg 768w, https:\/\/www.pbagora.com.br\/storage\/2025\/11\/foto-ascom-sttp-225x300.jpg 225w, https:\/\/www.pbagora.com.br\/storage\/2025\/11\/foto-ascom-sttp-113x150.jpg 113w, https:\/\/www.pbagora.com.br\/storage\/2025\/11\/foto-ascom-sttp-1152x1536.jpg 1152w, https:\/\/www.pbagora.com.br\/storage\/2025\/11\/foto-ascom-sttp-1536x2048.jpg 1536w, https:\/\/www.pbagora.com.br\/storage\/2025\/11\/foto-ascom-sttp-380x507.jpg 380w, https:\/\/www.pbagora.com.br\/storage\/2025\/11\/foto-ascom-sttp-800x1067.jpg 800w, https:\/\/www.pbagora.com.br\/storage\/2025\/11\/foto-ascom-sttp-1160x1547.jpg 1160w, https:\/\/www.pbagora.com.br\/storage\/2025\/11\/foto-ascom-sttp-80x107.jpg 80w, https:\/\/www.pbagora.com.br\/storage\/2025\/11\/foto-ascom-sttp-60x80.jpg 60w, https:\/\/www.pbagora.com.br\/storage\/2025\/11\/foto-ascom-sttp-760x1013.jpg 760w, https:\/\/www.pbagora.com.br\/storage\/2025\/11\/foto-ascom-sttp-450x600.jpg 450w, https:\/\/www.pbagora.com.br\/storage\/2025\/11\/foto-ascom-sttp.jpg 1920w\" sizes=\"auto, (max-width: 768px) 100vw, 768px\"><\/p>\n<p>A Prefeitura de Campina Grande, por meio da STTP, identificou e reteve nesta quinta-feira, feriado da Consci\u00eancia Negra,\u2026<\/p>\n","protected":false},"author":123457,"featured_media":0,"comment_status":"closed","ping_status":"closed","sticky":false,"template":"","format":"standard","meta":{"advgb_blocks_editor_width":"","advgb_blocks_columns_visual_guide":"","footnotes":""},"categories":[34],"tags":[35,10839],"class_list":["post-63047","post","type-post","status-publish","format-standard","hentry","category-g1","tag-g1","tag-policial"],"author_meta":{"display_name":"Reda\u00e7\u00e3o","author_link":"https:\/\/sindaopcpb.org.br\/author\/redacao\/"},"featured_img":null,"coauthors":[],"tax_additional":{"categories":{"linked":["<a href=\"https:\/\/sindaopcpb.org.br\/g1\/\" class=\"advgb-post-tax-term\">G1<\/a>"],"unlinked":["<span class=\"advgb-post-tax-term\">G1<\/span>"]},"tags":{"linked":["<a href=\"https:\/\/sindaopcpb.org.br\/g1\/\" class=\"advgb-post-tax-term\">g1<\/a>","<a href=\"https:\/\/sindaopcpb.org.br\/g1\/\" class=\"advgb-post-tax-term\">Policial<\/a>"],"unlinked":["<span class=\"advgb-post-tax-term\">g1<\/span>","<span class=\"advgb-post-tax-term\">Policial<\/span>"]}},"comment_count":"0","relative_dates":{"created":"Publicado 5 meses atr\u00e1s","modified":"Atualizado 5 meses atr\u00e1s"},"absolute_dates":{"created":"Publicado em 22 de novembro de 2025","modified":"Atualizado em 22 de novembro de 2025"},"absolute_dates_time":{"created":"Publicado em 22 de novembro de 2025 07:46","modified":"Atualizado em 22 de novembro de 2025 07:46"},"featured_img_caption":"","series_order":"","_links":{"self":[{"href":"https:\/\/sindaopcpb.org.br\/index.php\/wp-json\/wp\/v2\/posts\/63047","targetHints":{"allow":["GET"]}}],"collection":[{"href":"https:\/\/sindaopcpb.org.br\/index.php\/wp-json\/wp\/v2\/posts"}],"about":[{"href":"https:\/\/sindaopcpb.org.br\/index.php\/wp-json\/wp\/v2\/types\/post"}],"author":[{"embeddable":true,"href":"https:\/\/sindaopcpb.org.br\/index.php\/wp-json\/wp\/v2\/users\/123457"}],"replies":[{"embeddable":true,"href":"https:\/\/sindaopcpb.org.br\/index.php\/wp-json\/wp\/v2\/comments?post=63047"}],"version-history":[{"count":3,"href":"https:\/\/sindaopcpb.org.br\/index.php\/wp-json\/wp\/v2\/posts\/63047\/revisions"}],"predecessor-version":[{"id":63063,"href":"https:\/\/sindaopcpb.org.br\/index.php\/wp-json\/wp\/v2\/posts\/63047\/revisions\/63063"}],"wp:attachment":[{"href":"https:\/\/sindaopcpb.org.br\/index.php\/wp-json\/wp\/v2\/media?parent=63047"}],"wp:term":[{"taxonomy":"category","embeddable":true,"href":"https:\/\/sindaopcpb.org.br\/index.php\/wp-json\/wp\/v2\/categories?post=63047"},{"taxonomy":"post_tag","embeddable":true,"href":"https:\/\/sindaopcpb.org.br\/index.php\/wp-json\/wp\/v2\/tags?post=63047"}],"curies":[{"name":"wp","href":"https:\/\/api.w.org\/{rel}","templated":true}]}}