{"id":63040,"date":"2025-11-21T09:04:16","date_gmt":"2025-11-21T12:04:16","guid":{"rendered":"https:\/\/www.pbagora.com.br\/?p=927104"},"modified":"2025-11-21T10:00:00","modified_gmt":"2025-11-21T13:00:00","slug":"familia-tem-casa-destruida-por-incendio-no-distrito-de-catole-de-ze-ferreira-em-campina-grande","status":"publish","type":"post","link":"https:\/\/sindaopcpb.org.br\/index.php\/2025\/11\/21\/familia-tem-casa-destruida-por-incendio-no-distrito-de-catole-de-ze-ferreira-em-campina-grande\/","title":{"rendered":"Fam\u00edlia tem casa destru\u00edda por inc\u00eandio no distrito em Campina Grande"},"content":{"rendered":"<p><img width=\"1024\" height=\"381\" src=\"https:\/\/www.pbagora.com.br\/storage\/2025\/11\/Print-reportagem-TV-PB-1024x381.jpg\" class=\"attachment-large size-large wp-post-image\" alt=\"\" style=\"margin-bottom: 20px;\" decoding=\"async\" srcset=\"https:\/\/www.pbagora.com.br\/storage\/2025\/11\/Print-reportagem-TV-PB-1024x381.jpg 1024w, https:\/\/www.pbagora.com.br\/storage\/2025\/11\/Print-reportagem-TV-PB-300x112.jpg 300w, https:\/\/www.pbagora.com.br\/storage\/2025\/11\/Print-reportagem-TV-PB-150x56.jpg 150w, https:\/\/www.pbagora.com.br\/storage\/2025\/11\/Print-reportagem-TV-PB-768x286.jpg 768w, https:\/\/www.pbagora.com.br\/storage\/2025\/11\/Print-reportagem-TV-PB-1536x572.jpg 1536w, https:\/\/www.pbagora.com.br\/storage\/2025\/11\/Print-reportagem-TV-PB-380x141.jpg 380w, https:\/\/www.pbagora.com.br\/storage\/2025\/11\/Print-reportagem-TV-PB-800x298.jpg 800w, https:\/\/www.pbagora.com.br\/storage\/2025\/11\/Print-reportagem-TV-PB-1160x432.jpg 1160w, https:\/\/www.pbagora.com.br\/storage\/2025\/11\/Print-reportagem-TV-PB-80x30.jpg 80w, https:\/\/www.pbagora.com.br\/storage\/2025\/11\/Print-reportagem-TV-PB-760x283.jpg 760w, https:\/\/www.pbagora.com.br\/storage\/2025\/11\/Print-reportagem-TV-PB-600x223.jpg 600w, https:\/\/www.pbagora.com.br\/storage\/2025\/11\/Print-reportagem-TV-PB.jpg 1757w\" sizes=\"(max-width: 1024px) 100vw, 1024px\" \/><\/p>\n<p><\/p>\n\n\n\n<p>Uma fam\u00edlia teve a casa destru\u00edda por um inc\u00eandio no distrito de Catol\u00e9 de Z\u00e9 Ferreira, em Campina Grande. Dados iniciais apontam que a suspeita \u00e9 que um curto circuito tenha provocado as chamas, na \u00faltima quarta-feira (19).<\/p>\n\n\n\n<p>De acordo com os moradores da casa, as chamas se espalharam rapidamente. Os vizinhos ajudaram a apagar o fogo enquanto o Corpo de Bombeiros n\u00e3o chegada.<\/p>\n\n\n\n<p>A maior parte dos objetos da fam\u00edlia, como roupas e cal\u00e7ados, foi destru\u00edda no inc\u00eandio. Ao menos cinco pessoas moram no local. A fam\u00edlia est\u00e1 abrigada na casa de parentes e as causas do inc\u00eandio s\u00e3o investigadas.<\/p>\n\n\n\n<p>Reda\u00e7\u00e3o<\/p>\n","protected":false},"excerpt":{"rendered":"<p><img loading=\"lazy\" decoding=\"async\" width=\"1024\" height=\"381\" src=\"https:\/\/www.pbagora.com.br\/storage\/2025\/11\/Print-reportagem-TV-PB-1024x381.jpg\" class=\"attachment-large size-large wp-post-image\" alt=\"\" srcset=\"https:\/\/www.pbagora.com.br\/storage\/2025\/11\/Print-reportagem-TV-PB-1024x381.jpg 1024w, https:\/\/www.pbagora.com.br\/storage\/2025\/11\/Print-reportagem-TV-PB-300x112.jpg 300w, https:\/\/www.pbagora.com.br\/storage\/2025\/11\/Print-reportagem-TV-PB-150x56.jpg 150w, https:\/\/www.pbagora.com.br\/storage\/2025\/11\/Print-reportagem-TV-PB-768x286.jpg 768w, https:\/\/www.pbagora.com.br\/storage\/2025\/11\/Print-reportagem-TV-PB-1536x572.jpg 1536w, https:\/\/www.pbagora.com.br\/storage\/2025\/11\/Print-reportagem-TV-PB-380x141.jpg 380w, https:\/\/www.pbagora.com.br\/storage\/2025\/11\/Print-reportagem-TV-PB-800x298.jpg 800w, https:\/\/www.pbagora.com.br\/storage\/2025\/11\/Print-reportagem-TV-PB-1160x432.jpg 1160w, https:\/\/www.pbagora.com.br\/storage\/2025\/11\/Print-reportagem-TV-PB-80x30.jpg 80w, https:\/\/www.pbagora.com.br\/storage\/2025\/11\/Print-reportagem-TV-PB-760x283.jpg 760w, https:\/\/www.pbagora.com.br\/storage\/2025\/11\/Print-reportagem-TV-PB-600x223.jpg 600w, https:\/\/www.pbagora.com.br\/storage\/2025\/11\/Print-reportagem-TV-PB.jpg 1757w\" sizes=\"auto, (max-width: 1024px) 100vw, 1024px\"><\/p>\n<p>Uma fam\u00edlia teve a casa destru\u00edda por um inc\u00eandio no distrito de Catol\u00e9 de Z\u00e9 Ferreira, em Campina\u2026<\/p>\n","protected":false},"author":123457,"featured_media":0,"comment_status":"closed","ping_status":"closed","sticky":false,"template":"","format":"standard","meta":{"advgb_blocks_editor_width":"","advgb_blocks_columns_visual_guide":"","footnotes":""},"categories":[34],"tags":[35,10839,10842],"class_list":["post-63040","post","type-post","status-publish","format-standard","hentry","category-g1","tag-g1","tag-policial","tag-principal3"],"author_meta":{"display_name":"Reda\u00e7\u00e3o","author_link":"https:\/\/sindaopcpb.org.br\/author\/redacao\/"},"featured_img":null,"coauthors":[],"tax_additional":{"categories":{"linked":["<a href=\"https:\/\/sindaopcpb.org.br\/g1\/\" class=\"advgb-post-tax-term\">G1<\/a>"],"unlinked":["<span class=\"advgb-post-tax-term\">G1<\/span>"]},"tags":{"linked":["<a href=\"https:\/\/sindaopcpb.org.br\/g1\/\" class=\"advgb-post-tax-term\">g1<\/a>","<a href=\"https:\/\/sindaopcpb.org.br\/g1\/\" class=\"advgb-post-tax-term\">Policial<\/a>","<a href=\"https:\/\/sindaopcpb.org.br\/g1\/\" class=\"advgb-post-tax-term\">Principal3<\/a>"],"unlinked":["<span class=\"advgb-post-tax-term\">g1<\/span>","<span class=\"advgb-post-tax-term\">Policial<\/span>","<span class=\"advgb-post-tax-term\">Principal3<\/span>"]}},"comment_count":"0","relative_dates":{"created":"Publicado 5 meses atr\u00e1s","modified":"Atualizado 5 meses atr\u00e1s"},"absolute_dates":{"created":"Publicado em 21 de novembro de 2025","modified":"Atualizado em 21 de novembro de 2025"},"absolute_dates_time":{"created":"Publicado em 21 de novembro de 2025 09:04","modified":"Atualizado em 21 de novembro de 2025 10:00"},"featured_img_caption":"","series_order":"","_links":{"self":[{"href":"https:\/\/sindaopcpb.org.br\/index.php\/wp-json\/wp\/v2\/posts\/63040","targetHints":{"allow":["GET"]}}],"collection":[{"href":"https:\/\/sindaopcpb.org.br\/index.php\/wp-json\/wp\/v2\/posts"}],"about":[{"href":"https:\/\/sindaopcpb.org.br\/index.php\/wp-json\/wp\/v2\/types\/post"}],"author":[{"embeddable":true,"href":"https:\/\/sindaopcpb.org.br\/index.php\/wp-json\/wp\/v2\/users\/123457"}],"replies":[{"embeddable":true,"href":"https:\/\/sindaopcpb.org.br\/index.php\/wp-json\/wp\/v2\/comments?post=63040"}],"version-history":[{"count":5,"href":"https:\/\/sindaopcpb.org.br\/index.php\/wp-json\/wp\/v2\/posts\/63040\/revisions"}],"predecessor-version":[{"id":63055,"href":"https:\/\/sindaopcpb.org.br\/index.php\/wp-json\/wp\/v2\/posts\/63040\/revisions\/63055"}],"wp:attachment":[{"href":"https:\/\/sindaopcpb.org.br\/index.php\/wp-json\/wp\/v2\/media?parent=63040"}],"wp:term":[{"taxonomy":"category","embeddable":true,"href":"https:\/\/sindaopcpb.org.br\/index.php\/wp-json\/wp\/v2\/categories?post=63040"},{"taxonomy":"post_tag","embeddable":true,"href":"https:\/\/sindaopcpb.org.br\/index.php\/wp-json\/wp\/v2\/tags?post=63040"}],"curies":[{"name":"wp","href":"https:\/\/api.w.org\/{rel}","templated":true}]}}