{"id":63038,"date":"2025-11-21T09:05:43","date_gmt":"2025-11-21T12:05:43","guid":{"rendered":"https:\/\/www.pbagora.com.br\/?p=927089"},"modified":"2025-11-21T09:05:43","modified_gmt":"2025-11-21T12:05:43","slug":"pm-prende-foragido-da-justica-com-arma-e-colete-na-cidade-de-cabedelo","status":"publish","type":"post","link":"https:\/\/sindaopcpb.org.br\/index.php\/2025\/11\/21\/pm-prende-foragido-da-justica-com-arma-e-colete-na-cidade-de-cabedelo\/","title":{"rendered":"PM prende foragido da justi\u00e7a com arma e colete na cidade de Cabedelo"},"content":{"rendered":"<p><img width=\"800\" height=\"445\" src=\"https:\/\/www.pbagora.com.br\/storage\/2025\/11\/Foto-divulgacao-PMPB.png\" class=\"attachment-large size-large wp-post-image\" alt=\"\" style=\"margin-bottom: 20px;\" decoding=\"async\" srcset=\"https:\/\/www.pbagora.com.br\/storage\/2025\/11\/Foto-divulgacao-PMPB.png 800w, https:\/\/www.pbagora.com.br\/storage\/2025\/11\/Foto-divulgacao-PMPB-300x167.png 300w, https:\/\/www.pbagora.com.br\/storage\/2025\/11\/Foto-divulgacao-PMPB-150x83.png 150w, https:\/\/www.pbagora.com.br\/storage\/2025\/11\/Foto-divulgacao-PMPB-768x427.png 768w, https:\/\/www.pbagora.com.br\/storage\/2025\/11\/Foto-divulgacao-PMPB-380x211.png 380w, https:\/\/www.pbagora.com.br\/storage\/2025\/11\/Foto-divulgacao-PMPB-80x46.png 80w, https:\/\/www.pbagora.com.br\/storage\/2025\/11\/Foto-divulgacao-PMPB-760x423.png 760w, https:\/\/www.pbagora.com.br\/storage\/2025\/11\/Foto-divulgacao-PMPB-600x334.png 600w\" sizes=\"(max-width: 800px) 100vw, 800px\" \/><\/p>\n<p><\/p>\n\n\n\n<p>Na tarde ontem (20), policiais do ROTAM prenderam um homem que estava foragido da justi\u00e7a, na cidade de Cabedelo. O acusado foi preso com uma arma de fogo e colete bal\u00edstico. Durante policiamento no bairro Jardim Manguinhos, a equipe policial do ROTAM, com apoio de policiais do 21\u00ba BPM, interceptou um homem que possuia um mandado de pris\u00e3o por porte ilegal de arma, em aberto.<\/p>\n\n\n\n<p>Assim que o acusado percebeu a presen\u00e7a dos policiais tentou fugir, pulando v\u00e1rios muros da vizinhan\u00e7a, mas foi logo alcan\u00e7ado pelas equipes. Com ele foi apreendido um rifle, calibre .44, toucas ninjas, capa de colete bal\u00edstico e tr\u00eas aparelhos celulares.<\/p>\n\n\n\n<p>O acusado, de 42 anos, foi preso e conduzido para a Cidade da Pol\u00edcia, para os demais procedimentos cab\u00edveis.<\/p>\n\n\n\n<p>Reda\u00e7\u00e3o<\/p>\n","protected":false},"excerpt":{"rendered":"<p><img loading=\"lazy\" decoding=\"async\" width=\"800\" height=\"445\" src=\"https:\/\/www.pbagora.com.br\/storage\/2025\/11\/Foto-divulgacao-PMPB.png\" class=\"attachment-large size-large wp-post-image\" alt=\"\" srcset=\"https:\/\/www.pbagora.com.br\/storage\/2025\/11\/Foto-divulgacao-PMPB.png 800w, https:\/\/www.pbagora.com.br\/storage\/2025\/11\/Foto-divulgacao-PMPB-300x167.png 300w, https:\/\/www.pbagora.com.br\/storage\/2025\/11\/Foto-divulgacao-PMPB-150x83.png 150w, https:\/\/www.pbagora.com.br\/storage\/2025\/11\/Foto-divulgacao-PMPB-768x427.png 768w, https:\/\/www.pbagora.com.br\/storage\/2025\/11\/Foto-divulgacao-PMPB-380x211.png 380w, https:\/\/www.pbagora.com.br\/storage\/2025\/11\/Foto-divulgacao-PMPB-80x46.png 80w, https:\/\/www.pbagora.com.br\/storage\/2025\/11\/Foto-divulgacao-PMPB-760x423.png 760w, https:\/\/www.pbagora.com.br\/storage\/2025\/11\/Foto-divulgacao-PMPB-600x334.png 600w\" sizes=\"auto, (max-width: 800px) 100vw, 800px\"><\/p>\n<p>Na tarde ontem (20), policiais do ROTAM prenderam um homem que estava foragido da justi\u00e7a, na cidade de\u2026<\/p>\n","protected":false},"author":123457,"featured_media":0,"comment_status":"closed","ping_status":"closed","sticky":false,"template":"","format":"standard","meta":{"advgb_blocks_editor_width":"","advgb_blocks_columns_visual_guide":"","footnotes":""},"categories":[34],"tags":[35,10839,10842],"class_list":["post-63038","post","type-post","status-publish","format-standard","hentry","category-g1","tag-g1","tag-policial","tag-principal3"],"author_meta":{"display_name":"Reda\u00e7\u00e3o","author_link":"https:\/\/sindaopcpb.org.br\/author\/redacao\/"},"featured_img":null,"coauthors":[],"tax_additional":{"categories":{"linked":["<a href=\"https:\/\/sindaopcpb.org.br\/g1\/\" class=\"advgb-post-tax-term\">G1<\/a>"],"unlinked":["<span class=\"advgb-post-tax-term\">G1<\/span>"]},"tags":{"linked":["<a href=\"https:\/\/sindaopcpb.org.br\/g1\/\" class=\"advgb-post-tax-term\">g1<\/a>","<a href=\"https:\/\/sindaopcpb.org.br\/g1\/\" class=\"advgb-post-tax-term\">Policial<\/a>","<a href=\"https:\/\/sindaopcpb.org.br\/g1\/\" class=\"advgb-post-tax-term\">Principal3<\/a>"],"unlinked":["<span class=\"advgb-post-tax-term\">g1<\/span>","<span class=\"advgb-post-tax-term\">Policial<\/span>","<span class=\"advgb-post-tax-term\">Principal3<\/span>"]}},"comment_count":"0","relative_dates":{"created":"Publicado 5 meses atr\u00e1s","modified":"Atualizado 5 meses atr\u00e1s"},"absolute_dates":{"created":"Publicado em 21 de novembro de 2025","modified":"Atualizado em 21 de novembro de 2025"},"absolute_dates_time":{"created":"Publicado em 21 de novembro de 2025 09:05","modified":"Atualizado em 21 de novembro de 2025 09:05"},"featured_img_caption":"","series_order":"","_links":{"self":[{"href":"https:\/\/sindaopcpb.org.br\/index.php\/wp-json\/wp\/v2\/posts\/63038","targetHints":{"allow":["GET"]}}],"collection":[{"href":"https:\/\/sindaopcpb.org.br\/index.php\/wp-json\/wp\/v2\/posts"}],"about":[{"href":"https:\/\/sindaopcpb.org.br\/index.php\/wp-json\/wp\/v2\/types\/post"}],"author":[{"embeddable":true,"href":"https:\/\/sindaopcpb.org.br\/index.php\/wp-json\/wp\/v2\/users\/123457"}],"replies":[{"embeddable":true,"href":"https:\/\/sindaopcpb.org.br\/index.php\/wp-json\/wp\/v2\/comments?post=63038"}],"version-history":[{"count":3,"href":"https:\/\/sindaopcpb.org.br\/index.php\/wp-json\/wp\/v2\/posts\/63038\/revisions"}],"predecessor-version":[{"id":63050,"href":"https:\/\/sindaopcpb.org.br\/index.php\/wp-json\/wp\/v2\/posts\/63038\/revisions\/63050"}],"wp:attachment":[{"href":"https:\/\/sindaopcpb.org.br\/index.php\/wp-json\/wp\/v2\/media?parent=63038"}],"wp:term":[{"taxonomy":"category","embeddable":true,"href":"https:\/\/sindaopcpb.org.br\/index.php\/wp-json\/wp\/v2\/categories?post=63038"},{"taxonomy":"post_tag","embeddable":true,"href":"https:\/\/sindaopcpb.org.br\/index.php\/wp-json\/wp\/v2\/tags?post=63038"}],"curies":[{"name":"wp","href":"https:\/\/api.w.org\/{rel}","templated":true}]}}