{"id":63029,"date":"2025-11-21T06:12:42","date_gmt":"2025-11-21T09:12:42","guid":{"rendered":"https:\/\/www.pbagora.com.br\/?p=927076"},"modified":"2025-11-21T06:12:42","modified_gmt":"2025-11-21T09:12:42","slug":"moradores-do-bairro-sao-jose-interditam-br-230-em-protesto-contra-falta-de-agua","status":"publish","type":"post","link":"https:\/\/sindaopcpb.org.br\/index.php\/2025\/11\/21\/moradores-do-bairro-sao-jose-interditam-br-230-em-protesto-contra-falta-de-agua\/","title":{"rendered":"Moradores do Bairro S\u00e3o Jos\u00e9 interditam BR-230 em protesto contra falta de \u00e1gua"},"content":{"rendered":"<p><img width=\"576\" height=\"1024\" src=\"https:\/\/www.pbagora.com.br\/storage\/2025\/11\/foto-prf-comunicacao-576x1024.jpg\" class=\"attachment-large size-large wp-post-image\" alt=\"\" style=\"margin-bottom: 20px;\" decoding=\"async\" srcset=\"https:\/\/www.pbagora.com.br\/storage\/2025\/11\/foto-prf-comunicacao-576x1024.jpg 576w, https:\/\/www.pbagora.com.br\/storage\/2025\/11\/foto-prf-comunicacao-169x300.jpg 169w, https:\/\/www.pbagora.com.br\/storage\/2025\/11\/foto-prf-comunicacao-84x150.jpg 84w, https:\/\/www.pbagora.com.br\/storage\/2025\/11\/foto-prf-comunicacao-768x1365.jpg 768w, https:\/\/www.pbagora.com.br\/storage\/2025\/11\/foto-prf-comunicacao-864x1536.jpg 864w, https:\/\/www.pbagora.com.br\/storage\/2025\/11\/foto-prf-comunicacao-380x676.jpg 380w, https:\/\/www.pbagora.com.br\/storage\/2025\/11\/foto-prf-comunicacao-800x1422.jpg 800w, https:\/\/www.pbagora.com.br\/storage\/2025\/11\/foto-prf-comunicacao-80x142.jpg 80w, https:\/\/www.pbagora.com.br\/storage\/2025\/11\/foto-prf-comunicacao-45x80.jpg 45w, https:\/\/www.pbagora.com.br\/storage\/2025\/11\/foto-prf-comunicacao-760x1351.jpg 760w, https:\/\/www.pbagora.com.br\/storage\/2025\/11\/foto-prf-comunicacao-338x600.jpg 338w, https:\/\/www.pbagora.com.br\/storage\/2025\/11\/foto-prf-comunicacao.jpg 900w\" sizes=\"(max-width: 576px) 100vw, 576px\" \/><\/p>\n<p><\/p>\n\n\n\n<p>Moradores do Bairro S\u00e3o Jos\u00e9, em Jo\u00e3o Pessoa, realizaram na tarde de ontem (20) um protesto pr\u00f3ximo ao viaduto de um shopping na BR-230 no sentido Jo\u00e3o Pessoa\/Cabedelo, para denunciar a falta de \u00e1gua na comunidade. Segundo os participantes, o abastecimento est\u00e1 comprometido h\u00e1 tr\u00eas dias, e em alguns pontos h\u00e1 relatos de problemas h\u00e1 dois meses.<\/p>\n\n\n\n<p>Durante o bloqueio, pneus e outros objetos foram queimados, obrigando motoristas a buscar rotas alternativas. A Pol\u00edcia Rodovi\u00e1ria Federal (PRF) e a Pol\u00edcia Militar estiveram no local para orientar o tr\u00e2nsito e negociar a libera\u00e7\u00e3o da pista. Por volta das 18h, a via foi totalmente liberada.<\/p>\n\n\n\n<p>Os moradores afirmaram que procuram a Cagepa repetidamente, mas n\u00e3o recebem resposta efetiva. Muitos dizem que, quando a \u00e1gua chega, ocorre apenas na madrugada e em baixa press\u00e3o, insuficiente para encher caixas d\u2019\u00e1gua e baldes.<\/p>\n\n\n\n<p>Um dos representantes da comunidade, Jos\u00e9 da Penha, destacou a insatisfa\u00e7\u00e3o: \u201cH\u00e1 dois meses enfrentamos essa situa\u00e7\u00e3o. A conta de \u00e1gua e esgoto chega alta, mas n\u00e3o temos abastecimento regular. Se n\u00e3o houver solu\u00e7\u00e3o, voltaremos e poderemos fechar as duas vias\u201d. Moradores tamb\u00e9m levaram baldes vazios ao protesto para simbolizar a falta de abastecimento. Uma das manifestantes relatou: \u201cFaz tr\u00eas dias que n\u00e3o chega um pingo d\u2019\u00e1gua. Ligamos v\u00e1rias vezes para a Cagepa, mas dizem que \u2018n\u00e3o consta falta de \u00e1gua\u2019. Estamos reivindicando nossos direitos\u201d.<\/p>\n\n\n\n<p>O tr\u00e2nsito no trecho da BR-230 ficou complicado durante o protesto, agravando o fluxo j\u00e1 pesado do hor\u00e1rio. A PRF orientou motoristas a utilizarem vias alternativas durante a ocorr\u00eancia. Por volta das 18h, a via estava liberada.<\/p>\n\n\n\n<p>Reda\u00e7\u00e3o<\/p>\n","protected":false},"excerpt":{"rendered":"<p><img loading=\"lazy\" decoding=\"async\" width=\"576\" height=\"1024\" src=\"https:\/\/www.pbagora.com.br\/storage\/2025\/11\/foto-prf-comunicacao-576x1024.jpg\" class=\"attachment-large size-large wp-post-image\" alt=\"\" srcset=\"https:\/\/www.pbagora.com.br\/storage\/2025\/11\/foto-prf-comunicacao-576x1024.jpg 576w, https:\/\/www.pbagora.com.br\/storage\/2025\/11\/foto-prf-comunicacao-169x300.jpg 169w, https:\/\/www.pbagora.com.br\/storage\/2025\/11\/foto-prf-comunicacao-84x150.jpg 84w, https:\/\/www.pbagora.com.br\/storage\/2025\/11\/foto-prf-comunicacao-768x1365.jpg 768w, https:\/\/www.pbagora.com.br\/storage\/2025\/11\/foto-prf-comunicacao-864x1536.jpg 864w, https:\/\/www.pbagora.com.br\/storage\/2025\/11\/foto-prf-comunicacao-380x676.jpg 380w, https:\/\/www.pbagora.com.br\/storage\/2025\/11\/foto-prf-comunicacao-800x1422.jpg 800w, https:\/\/www.pbagora.com.br\/storage\/2025\/11\/foto-prf-comunicacao-80x142.jpg 80w, https:\/\/www.pbagora.com.br\/storage\/2025\/11\/foto-prf-comunicacao-45x80.jpg 45w, https:\/\/www.pbagora.com.br\/storage\/2025\/11\/foto-prf-comunicacao-760x1351.jpg 760w, https:\/\/www.pbagora.com.br\/storage\/2025\/11\/foto-prf-comunicacao-338x600.jpg 338w, https:\/\/www.pbagora.com.br\/storage\/2025\/11\/foto-prf-comunicacao.jpg 900w\" sizes=\"auto, (max-width: 576px) 100vw, 576px\"><\/p>\n<p>Moradores do Bairro S\u00e3o Jos\u00e9, em Jo\u00e3o Pessoa, realizaram na tarde de ontem (20) um protesto pr\u00f3ximo ao\u2026<\/p>\n","protected":false},"author":123457,"featured_media":0,"comment_status":"closed","ping_status":"closed","sticky":false,"template":"","format":"standard","meta":{"advgb_blocks_editor_width":"","advgb_blocks_columns_visual_guide":"","footnotes":""},"categories":[34],"tags":[35,10839,10844],"class_list":["post-63029","post","type-post","status-publish","format-standard","hentry","category-g1","tag-g1","tag-policial","tag-principal2"],"author_meta":{"display_name":"Reda\u00e7\u00e3o","author_link":"https:\/\/sindaopcpb.org.br\/author\/redacao\/"},"featured_img":null,"coauthors":[],"tax_additional":{"categories":{"linked":["<a href=\"https:\/\/sindaopcpb.org.br\/g1\/\" class=\"advgb-post-tax-term\">G1<\/a>"],"unlinked":["<span class=\"advgb-post-tax-term\">G1<\/span>"]},"tags":{"linked":["<a href=\"https:\/\/sindaopcpb.org.br\/g1\/\" class=\"advgb-post-tax-term\">g1<\/a>","<a href=\"https:\/\/sindaopcpb.org.br\/g1\/\" class=\"advgb-post-tax-term\">Policial<\/a>","<a href=\"https:\/\/sindaopcpb.org.br\/g1\/\" class=\"advgb-post-tax-term\">Principal2<\/a>"],"unlinked":["<span class=\"advgb-post-tax-term\">g1<\/span>","<span class=\"advgb-post-tax-term\">Policial<\/span>","<span class=\"advgb-post-tax-term\">Principal2<\/span>"]}},"comment_count":"0","relative_dates":{"created":"Publicado 5 meses atr\u00e1s","modified":"Atualizado 5 meses atr\u00e1s"},"absolute_dates":{"created":"Publicado em 21 de novembro de 2025","modified":"Atualizado em 21 de novembro de 2025"},"absolute_dates_time":{"created":"Publicado em 21 de novembro de 2025 06:12","modified":"Atualizado em 21 de novembro de 2025 06:12"},"featured_img_caption":"","series_order":"","_links":{"self":[{"href":"https:\/\/sindaopcpb.org.br\/index.php\/wp-json\/wp\/v2\/posts\/63029","targetHints":{"allow":["GET"]}}],"collection":[{"href":"https:\/\/sindaopcpb.org.br\/index.php\/wp-json\/wp\/v2\/posts"}],"about":[{"href":"https:\/\/sindaopcpb.org.br\/index.php\/wp-json\/wp\/v2\/types\/post"}],"author":[{"embeddable":true,"href":"https:\/\/sindaopcpb.org.br\/index.php\/wp-json\/wp\/v2\/users\/123457"}],"replies":[{"embeddable":true,"href":"https:\/\/sindaopcpb.org.br\/index.php\/wp-json\/wp\/v2\/comments?post=63029"}],"version-history":[{"count":2,"href":"https:\/\/sindaopcpb.org.br\/index.php\/wp-json\/wp\/v2\/posts\/63029\/revisions"}],"predecessor-version":[{"id":63037,"href":"https:\/\/sindaopcpb.org.br\/index.php\/wp-json\/wp\/v2\/posts\/63029\/revisions\/63037"}],"wp:attachment":[{"href":"https:\/\/sindaopcpb.org.br\/index.php\/wp-json\/wp\/v2\/media?parent=63029"}],"wp:term":[{"taxonomy":"category","embeddable":true,"href":"https:\/\/sindaopcpb.org.br\/index.php\/wp-json\/wp\/v2\/categories?post=63029"},{"taxonomy":"post_tag","embeddable":true,"href":"https:\/\/sindaopcpb.org.br\/index.php\/wp-json\/wp\/v2\/tags?post=63029"}],"curies":[{"name":"wp","href":"https:\/\/api.w.org\/{rel}","templated":true}]}}