{"id":63011,"date":"2025-11-19T18:55:58","date_gmt":"2025-11-19T21:55:58","guid":{"rendered":"https:\/\/www.pbagora.com.br\/?p=926921"},"modified":"2025-11-19T18:55:58","modified_gmt":"2025-11-19T21:55:58","slug":"homem-condenado-por-estupro-de-vulneravel-contra-a-propria-sobrinha-e-preso-em-joao-pessoa","status":"publish","type":"post","link":"https:\/\/sindaopcpb.org.br\/index.php\/2025\/11\/19\/homem-condenado-por-estupro-de-vulneravel-contra-a-propria-sobrinha-e-preso-em-joao-pessoa\/","title":{"rendered":"Homem condenado por estupro de vulner\u00e1vel contra a pr\u00f3pria sobrinha \u00e9 preso em Jo\u00e3o Pessoa"},"content":{"rendered":"<p><img width=\"1024\" height=\"579\" src=\"https:\/\/www.pbagora.com.br\/storage\/2025\/09\/WhatsApp-Image-2025-09-24-at-09.10.50-1024x579.jpeg\" class=\"attachment-large size-large wp-post-image\" alt=\"\" style=\"margin-bottom: 20px;\" decoding=\"async\" srcset=\"https:\/\/www.pbagora.com.br\/storage\/2025\/09\/WhatsApp-Image-2025-09-24-at-09.10.50-1024x579.jpeg 1024w, https:\/\/www.pbagora.com.br\/storage\/2025\/09\/WhatsApp-Image-2025-09-24-at-09.10.50-300x170.jpeg 300w, https:\/\/www.pbagora.com.br\/storage\/2025\/09\/WhatsApp-Image-2025-09-24-at-09.10.50-150x85.jpeg 150w, https:\/\/www.pbagora.com.br\/storage\/2025\/09\/WhatsApp-Image-2025-09-24-at-09.10.50-768x434.jpeg 768w, https:\/\/www.pbagora.com.br\/storage\/2025\/09\/WhatsApp-Image-2025-09-24-at-09.10.50-380x215.jpeg 380w, https:\/\/www.pbagora.com.br\/storage\/2025\/09\/WhatsApp-Image-2025-09-24-at-09.10.50-800x453.jpeg 800w, https:\/\/www.pbagora.com.br\/storage\/2025\/09\/WhatsApp-Image-2025-09-24-at-09.10.50-80x46.jpeg 80w, https:\/\/www.pbagora.com.br\/storage\/2025\/09\/WhatsApp-Image-2025-09-24-at-09.10.50-760x430.jpeg 760w, https:\/\/www.pbagora.com.br\/storage\/2025\/09\/WhatsApp-Image-2025-09-24-at-09.10.50-600x339.jpeg 600w, https:\/\/www.pbagora.com.br\/storage\/2025\/09\/WhatsApp-Image-2025-09-24-at-09.10.50.jpeg 1080w\" sizes=\"(max-width: 1024px) 100vw, 1024px\" \/><\/p>\n<p>A Pol\u00edcia Civil da Para\u00edba, por meio da Delegacia Especializada de Atendimento \u00e0 Mulher de Santa Rita, com o apoio das DEAMs Sul e Norte de Jo\u00e3o Pessoa, deu cumprimento, nessa ter\u00e7a-feira (18), a um mandado de pris\u00e3o condenat\u00f3ria contra um homem de 52 anos, no bairro das Ind\u00fastrias, Zona Sul da capital. Ele foi condenado pelo crime de abuso de vulner\u00e1vel, praticado contra a pr\u00f3pria sobrinha.<\/p>\n\n\n\n<p>O caso teve in\u00edcio em 2018, quando a m\u00e3e da v\u00edtima procurou a DEAM Santa Rita e relatou os abusos, identificando o autor. Na ocasi\u00e3o, a v\u00edtima apresentou v\u00eddeos gravados ap\u00f3s os abusos, nos quais o investigado aparece praticando atos obscenos. A partir desse registro, foram realizadas diversas dilig\u00eancias e investiga\u00e7\u00f5es, que resultaram na consolida\u00e7\u00e3o do conjunto probat\u00f3rio e no encaminhamento do procedimento ao Poder Judici\u00e1rio.<\/p>\n\n\n\n<p>Em novembro deste ano, o Judici\u00e1rio de Santa Rita expediu o mandado de pris\u00e3o ap\u00f3s a condena\u00e7\u00e3o do acusado a mais de 14 anos de reclus\u00e3o, em regime fechado. O levantamento realizado pelas equipes apontou que o homem vinha se ocultando desde 2018, trabalhando informalmente e residindo em ruas projetadas, com o objetivo de evitar a localiza\u00e7\u00e3o pelas autoridades.<\/p>\n\n\n\n<p>A pris\u00e3o foi efetuada de forma integrada pelas Delegacias Especializadas, refor\u00e7ando a import\u00e2ncia da coopera\u00e7\u00e3o no enfrentamento aos crimes sexuais e na prote\u00e7\u00e3o integral das v\u00edtimas. A Pol\u00edcia Civil da Para\u00edba reitera seu compromisso com a responsabiliza\u00e7\u00e3o dos agressores e com a defesa dos direitos das mulheres e crian\u00e7as.<\/p>\n\n\n\n<p><strong><em>Ascom Pol\u00edcia Civil<\/em><\/strong><\/p>\n","protected":false},"excerpt":{"rendered":"<p><img loading=\"lazy\" decoding=\"async\" width=\"1024\" height=\"579\" src=\"https:\/\/www.pbagora.com.br\/storage\/2025\/09\/WhatsApp-Image-2025-09-24-at-09.10.50-1024x579.jpeg\" class=\"attachment-large size-large wp-post-image\" alt=\"\" srcset=\"https:\/\/www.pbagora.com.br\/storage\/2025\/09\/WhatsApp-Image-2025-09-24-at-09.10.50-1024x579.jpeg 1024w, https:\/\/www.pbagora.com.br\/storage\/2025\/09\/WhatsApp-Image-2025-09-24-at-09.10.50-300x170.jpeg 300w, https:\/\/www.pbagora.com.br\/storage\/2025\/09\/WhatsApp-Image-2025-09-24-at-09.10.50-150x85.jpeg 150w, https:\/\/www.pbagora.com.br\/storage\/2025\/09\/WhatsApp-Image-2025-09-24-at-09.10.50-768x434.jpeg 768w, https:\/\/www.pbagora.com.br\/storage\/2025\/09\/WhatsApp-Image-2025-09-24-at-09.10.50-380x215.jpeg 380w, https:\/\/www.pbagora.com.br\/storage\/2025\/09\/WhatsApp-Image-2025-09-24-at-09.10.50-800x453.jpeg 800w, https:\/\/www.pbagora.com.br\/storage\/2025\/09\/WhatsApp-Image-2025-09-24-at-09.10.50-80x46.jpeg 80w, https:\/\/www.pbagora.com.br\/storage\/2025\/09\/WhatsApp-Image-2025-09-24-at-09.10.50-760x430.jpeg 760w, https:\/\/www.pbagora.com.br\/storage\/2025\/09\/WhatsApp-Image-2025-09-24-at-09.10.50-600x339.jpeg 600w, https:\/\/www.pbagora.com.br\/storage\/2025\/09\/WhatsApp-Image-2025-09-24-at-09.10.50.jpeg 1080w\" sizes=\"auto, (max-width: 1024px) 100vw, 1024px\"><\/p>\n<p>A Pol\u00edcia Civil da Para\u00edba, por meio da Delegacia Especializada de Atendimento \u00e0 Mulher de Santa Rita, com\u2026<\/p>\n","protected":false},"author":123457,"featured_media":0,"comment_status":"closed","ping_status":"closed","sticky":false,"template":"","format":"standard","meta":{"advgb_blocks_editor_width":"","advgb_blocks_columns_visual_guide":"","footnotes":""},"categories":[34],"tags":[10840,35,10839],"class_list":["post-63011","post","type-post","status-publish","format-standard","hentry","category-g1","tag-destaque-centro-03","tag-g1","tag-policial"],"author_meta":{"display_name":"Reda\u00e7\u00e3o","author_link":"https:\/\/sindaopcpb.org.br\/author\/redacao\/"},"featured_img":null,"coauthors":[],"tax_additional":{"categories":{"linked":["<a href=\"https:\/\/sindaopcpb.org.br\/g1\/\" class=\"advgb-post-tax-term\">G1<\/a>"],"unlinked":["<span class=\"advgb-post-tax-term\">G1<\/span>"]},"tags":{"linked":["<a href=\"https:\/\/sindaopcpb.org.br\/g1\/\" class=\"advgb-post-tax-term\">Destaque Centro 03<\/a>","<a href=\"https:\/\/sindaopcpb.org.br\/g1\/\" class=\"advgb-post-tax-term\">g1<\/a>","<a href=\"https:\/\/sindaopcpb.org.br\/g1\/\" class=\"advgb-post-tax-term\">Policial<\/a>"],"unlinked":["<span class=\"advgb-post-tax-term\">Destaque Centro 03<\/span>","<span class=\"advgb-post-tax-term\">g1<\/span>","<span class=\"advgb-post-tax-term\">Policial<\/span>"]}},"comment_count":"0","relative_dates":{"created":"Publicado 5 meses atr\u00e1s","modified":"Atualizado 5 meses atr\u00e1s"},"absolute_dates":{"created":"Publicado em 19 de novembro de 2025","modified":"Atualizado em 19 de novembro de 2025"},"absolute_dates_time":{"created":"Publicado em 19 de novembro de 2025 18:55","modified":"Atualizado em 19 de novembro de 2025 18:55"},"featured_img_caption":"","series_order":"","_links":{"self":[{"href":"https:\/\/sindaopcpb.org.br\/index.php\/wp-json\/wp\/v2\/posts\/63011","targetHints":{"allow":["GET"]}}],"collection":[{"href":"https:\/\/sindaopcpb.org.br\/index.php\/wp-json\/wp\/v2\/posts"}],"about":[{"href":"https:\/\/sindaopcpb.org.br\/index.php\/wp-json\/wp\/v2\/types\/post"}],"author":[{"embeddable":true,"href":"https:\/\/sindaopcpb.org.br\/index.php\/wp-json\/wp\/v2\/users\/123457"}],"replies":[{"embeddable":true,"href":"https:\/\/sindaopcpb.org.br\/index.php\/wp-json\/wp\/v2\/comments?post=63011"}],"version-history":[{"count":2,"href":"https:\/\/sindaopcpb.org.br\/index.php\/wp-json\/wp\/v2\/posts\/63011\/revisions"}],"predecessor-version":[{"id":63019,"href":"https:\/\/sindaopcpb.org.br\/index.php\/wp-json\/wp\/v2\/posts\/63011\/revisions\/63019"}],"wp:attachment":[{"href":"https:\/\/sindaopcpb.org.br\/index.php\/wp-json\/wp\/v2\/media?parent=63011"}],"wp:term":[{"taxonomy":"category","embeddable":true,"href":"https:\/\/sindaopcpb.org.br\/index.php\/wp-json\/wp\/v2\/categories?post=63011"},{"taxonomy":"post_tag","embeddable":true,"href":"https:\/\/sindaopcpb.org.br\/index.php\/wp-json\/wp\/v2\/tags?post=63011"}],"curies":[{"name":"wp","href":"https:\/\/api.w.org\/{rel}","templated":true}]}}