{"id":63009,"date":"2025-11-19T11:06:14","date_gmt":"2025-11-19T14:06:14","guid":{"rendered":"https:\/\/www.pbagora.com.br\/?p=926927"},"modified":"2025-11-19T11:06:14","modified_gmt":"2025-11-19T14:06:14","slug":"estudante-dispara-arma-em-escola-civico-militar-de-santa-rita-ninguem-fica-ferido","status":"publish","type":"post","link":"https:\/\/sindaopcpb.org.br\/index.php\/2025\/11\/19\/estudante-dispara-arma-em-escola-civico-militar-de-santa-rita-ninguem-fica-ferido\/","title":{"rendered":"Estudante dispara arma em escola c\u00edvico-militar de Santa Rita; ningu\u00e9m fica ferido"},"content":{"rendered":"<p><img width=\"525\" height=\"356\" src=\"https:\/\/www.pbagora.com.br\/storage\/2025\/11\/Captura-de-tela-2025-11-19-110500.png\" class=\"attachment-large size-large wp-post-image\" alt=\"\" style=\"margin-bottom: 20px;\" decoding=\"async\" loading=\"lazy\" srcset=\"https:\/\/www.pbagora.com.br\/storage\/2025\/11\/Captura-de-tela-2025-11-19-110500.png 525w, https:\/\/www.pbagora.com.br\/storage\/2025\/11\/Captura-de-tela-2025-11-19-110500-300x203.png 300w, https:\/\/www.pbagora.com.br\/storage\/2025\/11\/Captura-de-tela-2025-11-19-110500-150x102.png 150w, https:\/\/www.pbagora.com.br\/storage\/2025\/11\/Captura-de-tela-2025-11-19-110500-380x258.png 380w, https:\/\/www.pbagora.com.br\/storage\/2025\/11\/Captura-de-tela-2025-11-19-110500-80x54.png 80w\" sizes=\"auto, (max-width: 525px) 100vw, 525px\" \/><\/p>\n<p>As aulas na Escola C\u00edvico-Militar Capit\u00e3o Tom\u00e1s Panta, em Santa Rita, foram suspensas na tarde desta ter\u00e7a-feira (18) ap\u00f3s um estudante disparar uma arma dentro da institui\u00e7\u00e3o. N\u00e3o houve feridos. A escola, que possui mais de mil alunos matriculados, iniciou seu primeiro ano letivo em 2021.<\/p>\n\n\n\n<p>O secret\u00e1rio de Seguran\u00e7a, Adenildo Morais, informou que o disparo ocorreu durante o intervalo e que o estudante fugiu em seguida.<\/p>\n\n\n\n<p>A Secretaria Municipal de Educa\u00e7\u00e3o abriu um procedimento administrativo para apurar o caso. A gest\u00e3o escolar acionou o Conselho Tutelar, a Secretaria Municipal de Seguran\u00e7a P\u00fablica e a Pol\u00edcia Militar, que prestaram suporte \u00e0 ocorr\u00eancia. <\/p>\n\n\n\n<p>At\u00e9 o momento, n\u00e3o h\u00e1 informa\u00e7\u00f5es sobre como o estudante teve acesso \u00e0 arma.<\/p>\n\n\n\n<p>A Escola C\u00edvico-Militar Capit\u00e3o Tom\u00e1s Panta \u00e9 mantida com recursos pr\u00f3prios do munic\u00edpio, que arca com toda a responsabilidade financeira da institui\u00e7\u00e3o, conforme a Lei Municipal 1953\/2020.<\/p>\n\n\n\n<p><strong><em>Reda\u00e7\u00e3o<\/em><\/strong><\/p>\n\n\n\n<p><\/p>\n\n\n\n<p><\/p>\n","protected":false},"excerpt":{"rendered":"<p><img decoding=\"async\" width=\"525\" height=\"356\" src=\"https:\/\/www.pbagora.com.br\/storage\/2025\/11\/Captura-de-tela-2025-11-19-110500.png\" class=\"attachment-large size-large wp-post-image\" alt=\"\" loading=\"lazy\" srcset=\"https:\/\/www.pbagora.com.br\/storage\/2025\/11\/Captura-de-tela-2025-11-19-110500.png 525w, https:\/\/www.pbagora.com.br\/storage\/2025\/11\/Captura-de-tela-2025-11-19-110500-300x203.png 300w, https:\/\/www.pbagora.com.br\/storage\/2025\/11\/Captura-de-tela-2025-11-19-110500-150x102.png 150w, https:\/\/www.pbagora.com.br\/storage\/2025\/11\/Captura-de-tela-2025-11-19-110500-380x258.png 380w, https:\/\/www.pbagora.com.br\/storage\/2025\/11\/Captura-de-tela-2025-11-19-110500-80x54.png 80w\" sizes=\"auto, (max-width: 525px) 100vw, 525px\"><\/p>\n<p>As aulas na Escola C\u00edvico-Militar Capit\u00e3o Tom\u00e1s Panta, em Santa Rita, foram suspensas na tarde desta ter\u00e7a-feira (18)\u2026<\/p>\n","protected":false},"author":123457,"featured_media":0,"comment_status":"closed","ping_status":"closed","sticky":false,"template":"","format":"standard","meta":{"advgb_blocks_editor_width":"","advgb_blocks_columns_visual_guide":"","footnotes":""},"categories":[34],"tags":[35,10839],"class_list":["post-63009","post","type-post","status-publish","format-standard","hentry","category-g1","tag-g1","tag-policial"],"author_meta":{"display_name":"Reda\u00e7\u00e3o","author_link":"https:\/\/sindaopcpb.org.br\/author\/redacao\/"},"featured_img":null,"coauthors":[],"tax_additional":{"categories":{"linked":["<a href=\"https:\/\/sindaopcpb.org.br\/g1\/\" class=\"advgb-post-tax-term\">G1<\/a>"],"unlinked":["<span class=\"advgb-post-tax-term\">G1<\/span>"]},"tags":{"linked":["<a href=\"https:\/\/sindaopcpb.org.br\/g1\/\" class=\"advgb-post-tax-term\">g1<\/a>","<a href=\"https:\/\/sindaopcpb.org.br\/g1\/\" class=\"advgb-post-tax-term\">Policial<\/a>"],"unlinked":["<span class=\"advgb-post-tax-term\">g1<\/span>","<span class=\"advgb-post-tax-term\">Policial<\/span>"]}},"comment_count":"0","relative_dates":{"created":"Publicado 5 meses atr\u00e1s","modified":"Atualizado 5 meses atr\u00e1s"},"absolute_dates":{"created":"Publicado em 19 de novembro de 2025","modified":"Atualizado em 19 de novembro de 2025"},"absolute_dates_time":{"created":"Publicado em 19 de novembro de 2025 11:06","modified":"Atualizado em 19 de novembro de 2025 11:06"},"featured_img_caption":"","series_order":"","_links":{"self":[{"href":"https:\/\/sindaopcpb.org.br\/index.php\/wp-json\/wp\/v2\/posts\/63009","targetHints":{"allow":["GET"]}}],"collection":[{"href":"https:\/\/sindaopcpb.org.br\/index.php\/wp-json\/wp\/v2\/posts"}],"about":[{"href":"https:\/\/sindaopcpb.org.br\/index.php\/wp-json\/wp\/v2\/types\/post"}],"author":[{"embeddable":true,"href":"https:\/\/sindaopcpb.org.br\/index.php\/wp-json\/wp\/v2\/users\/123457"}],"replies":[{"embeddable":true,"href":"https:\/\/sindaopcpb.org.br\/index.php\/wp-json\/wp\/v2\/comments?post=63009"}],"version-history":[{"count":1,"href":"https:\/\/sindaopcpb.org.br\/index.php\/wp-json\/wp\/v2\/posts\/63009\/revisions"}],"predecessor-version":[{"id":63010,"href":"https:\/\/sindaopcpb.org.br\/index.php\/wp-json\/wp\/v2\/posts\/63009\/revisions\/63010"}],"wp:attachment":[{"href":"https:\/\/sindaopcpb.org.br\/index.php\/wp-json\/wp\/v2\/media?parent=63009"}],"wp:term":[{"taxonomy":"category","embeddable":true,"href":"https:\/\/sindaopcpb.org.br\/index.php\/wp-json\/wp\/v2\/categories?post=63009"},{"taxonomy":"post_tag","embeddable":true,"href":"https:\/\/sindaopcpb.org.br\/index.php\/wp-json\/wp\/v2\/tags?post=63009"}],"curies":[{"name":"wp","href":"https:\/\/api.w.org\/{rel}","templated":true}]}}