{"id":63001,"date":"2025-11-19T15:37:42","date_gmt":"2025-11-19T18:37:42","guid":{"rendered":"https:\/\/www.pbagora.com.br\/?p=926913"},"modified":"2025-11-19T15:37:42","modified_gmt":"2025-11-19T18:37:42","slug":"homem-investigado-por-assassinato-e-preso-em-santa-rita","status":"publish","type":"post","link":"https:\/\/sindaopcpb.org.br\/index.php\/2025\/11\/19\/homem-investigado-por-assassinato-e-preso-em-santa-rita\/","title":{"rendered":"Homem investigado por assassinato \u00e9 preso em Santa Rita"},"content":{"rendered":"<p><img width=\"800\" height=\"533\" src=\"https:\/\/www.pbagora.com.br\/storage\/2025\/08\/image-51.png\" class=\"attachment-large size-large wp-post-image\" alt=\"\" style=\"margin-bottom: 20px;\" decoding=\"async\" srcset=\"https:\/\/www.pbagora.com.br\/storage\/2025\/08\/image-51.png 800w, https:\/\/www.pbagora.com.br\/storage\/2025\/08\/image-51-300x200.png 300w, https:\/\/www.pbagora.com.br\/storage\/2025\/08\/image-51-150x100.png 150w, https:\/\/www.pbagora.com.br\/storage\/2025\/08\/image-51-768x512.png 768w, https:\/\/www.pbagora.com.br\/storage\/2025\/08\/image-51-380x253.png 380w, https:\/\/www.pbagora.com.br\/storage\/2025\/08\/image-51-80x53.png 80w, https:\/\/www.pbagora.com.br\/storage\/2025\/08\/image-51-760x506.png 760w, https:\/\/www.pbagora.com.br\/storage\/2025\/08\/image-51-600x400.png 600w\" sizes=\"(max-width: 800px) 100vw, 800px\" \/><\/p>\n<p>A Pol\u00edcia Civil da Para\u00edba, por meio do N\u00facleo de Homic\u00eddios da cidade de Santa Rita e o N\u00facleo de Repress\u00e3o Qualificada da 5\u00aa Delegacia Seccional (5\u00aa DSPC), cumpriu, nesta ter\u00e7a-feira (18), mais um mandado de pris\u00e3o referente a crime de homic\u00eddio naquele munic\u00edpio.<\/p>\n\n\n\n<p>O investigado J.M.S. \u00e9 apontado como autor do assassinato que vitimou Wallas da Silva Alves, delito cometido no dia 17 de maio de 2025, no bairro Alto das Populares, em Santa Rita. A pris\u00e3o foi comunicada \u00e0 justi\u00e7a.<\/p>\n\n\n\n<p>Durante as investiga\u00e7\u00f5es, a arma de fogo utilizada no crime foi apreendida, devidamente cadastrada no Sistema Nacional de Armas (SINAB) e submetida a exame de confronto bal\u00edstico. O laudo pericial apresentou resultado positivo (match), confirmando a compatibilidade com o proj\u00e9til encontrado na cena do crime.<\/p>\n\n\n\n<p>Com a pris\u00e3o \u2013 e os ind\u00edcios apontados nas investiga\u00e7\u00f5es \u2013, o caso est\u00e1 na imin\u00eancia de ser mais um crime de homic\u00eddio elucidado pela Pol\u00edcia Civil paraibana, que \u00e9 apontada por institutos de pesquisa como a que mais elucida assassinatos em todo o Norte\/Nordeste.<\/p>\n\n\n\n<p><strong><em>Ascom Pol\u00edcia Civil<\/em><\/strong><\/p>\n","protected":false},"excerpt":{"rendered":"<p><img loading=\"lazy\" decoding=\"async\" width=\"800\" height=\"533\" src=\"https:\/\/www.pbagora.com.br\/storage\/2025\/08\/image-51.png\" class=\"attachment-large size-large wp-post-image\" alt=\"\" srcset=\"https:\/\/www.pbagora.com.br\/storage\/2025\/08\/image-51.png 800w, https:\/\/www.pbagora.com.br\/storage\/2025\/08\/image-51-300x200.png 300w, https:\/\/www.pbagora.com.br\/storage\/2025\/08\/image-51-150x100.png 150w, https:\/\/www.pbagora.com.br\/storage\/2025\/08\/image-51-768x512.png 768w, https:\/\/www.pbagora.com.br\/storage\/2025\/08\/image-51-380x253.png 380w, https:\/\/www.pbagora.com.br\/storage\/2025\/08\/image-51-80x53.png 80w, https:\/\/www.pbagora.com.br\/storage\/2025\/08\/image-51-760x506.png 760w, https:\/\/www.pbagora.com.br\/storage\/2025\/08\/image-51-600x400.png 600w\" sizes=\"auto, (max-width: 800px) 100vw, 800px\"><\/p>\n<p>A Pol\u00edcia Civil da Para\u00edba, por meio do N\u00facleo de Homic\u00eddios da cidade de Santa Rita e o\u2026<\/p>\n","protected":false},"author":123457,"featured_media":0,"comment_status":"closed","ping_status":"closed","sticky":false,"template":"","format":"standard","meta":{"advgb_blocks_editor_width":"","advgb_blocks_columns_visual_guide":"","footnotes":""},"categories":[34],"tags":[35,10839],"class_list":["post-63001","post","type-post","status-publish","format-standard","hentry","category-g1","tag-g1","tag-policial"],"author_meta":{"display_name":"Reda\u00e7\u00e3o","author_link":"https:\/\/sindaopcpb.org.br\/author\/redacao\/"},"featured_img":null,"coauthors":[],"tax_additional":{"categories":{"linked":["<a href=\"https:\/\/sindaopcpb.org.br\/g1\/\" class=\"advgb-post-tax-term\">G1<\/a>"],"unlinked":["<span class=\"advgb-post-tax-term\">G1<\/span>"]},"tags":{"linked":["<a href=\"https:\/\/sindaopcpb.org.br\/g1\/\" class=\"advgb-post-tax-term\">g1<\/a>","<a href=\"https:\/\/sindaopcpb.org.br\/g1\/\" class=\"advgb-post-tax-term\">Policial<\/a>"],"unlinked":["<span class=\"advgb-post-tax-term\">g1<\/span>","<span class=\"advgb-post-tax-term\">Policial<\/span>"]}},"comment_count":"0","relative_dates":{"created":"Publicado 5 meses atr\u00e1s","modified":"Atualizado 5 meses atr\u00e1s"},"absolute_dates":{"created":"Publicado em 19 de novembro de 2025","modified":"Atualizado em 19 de novembro de 2025"},"absolute_dates_time":{"created":"Publicado em 19 de novembro de 2025 15:37","modified":"Atualizado em 19 de novembro de 2025 15:37"},"featured_img_caption":"","series_order":"","_links":{"self":[{"href":"https:\/\/sindaopcpb.org.br\/index.php\/wp-json\/wp\/v2\/posts\/63001","targetHints":{"allow":["GET"]}}],"collection":[{"href":"https:\/\/sindaopcpb.org.br\/index.php\/wp-json\/wp\/v2\/posts"}],"about":[{"href":"https:\/\/sindaopcpb.org.br\/index.php\/wp-json\/wp\/v2\/types\/post"}],"author":[{"embeddable":true,"href":"https:\/\/sindaopcpb.org.br\/index.php\/wp-json\/wp\/v2\/users\/123457"}],"replies":[{"embeddable":true,"href":"https:\/\/sindaopcpb.org.br\/index.php\/wp-json\/wp\/v2\/comments?post=63001"}],"version-history":[{"count":3,"href":"https:\/\/sindaopcpb.org.br\/index.php\/wp-json\/wp\/v2\/posts\/63001\/revisions"}],"predecessor-version":[{"id":63020,"href":"https:\/\/sindaopcpb.org.br\/index.php\/wp-json\/wp\/v2\/posts\/63001\/revisions\/63020"}],"wp:attachment":[{"href":"https:\/\/sindaopcpb.org.br\/index.php\/wp-json\/wp\/v2\/media?parent=63001"}],"wp:term":[{"taxonomy":"category","embeddable":true,"href":"https:\/\/sindaopcpb.org.br\/index.php\/wp-json\/wp\/v2\/categories?post=63001"},{"taxonomy":"post_tag","embeddable":true,"href":"https:\/\/sindaopcpb.org.br\/index.php\/wp-json\/wp\/v2\/tags?post=63001"}],"curies":[{"name":"wp","href":"https:\/\/api.w.org\/{rel}","templated":true}]}}