{"id":62976,"date":"2025-11-18T12:27:57","date_gmt":"2025-11-18T15:27:57","guid":{"rendered":"https:\/\/www.pbagora.com.br\/?p=926773"},"modified":"2025-11-18T12:27:57","modified_gmt":"2025-11-18T15:27:57","slug":"joao-pessoa-policia-civil-prende-coautor-de-homicidio-e-homem-condenado-por-furto","status":"publish","type":"post","link":"https:\/\/sindaopcpb.org.br\/index.php\/2025\/11\/18\/joao-pessoa-policia-civil-prende-coautor-de-homicidio-e-homem-condenado-por-furto\/","title":{"rendered":"Jo\u00e3o Pessoa: Pol\u00edcia Civil prende coautor de homic\u00eddio e homem condenado por furto"},"content":{"rendered":"<p><img width=\"683\" height=\"436\" src=\"https:\/\/www.pbagora.com.br\/storage\/2025\/10\/image-48.png\" class=\"attachment-large size-large wp-post-image\" alt=\"\" style=\"margin-bottom: 20px;\" decoding=\"async\" srcset=\"https:\/\/www.pbagora.com.br\/storage\/2025\/10\/image-48.png 683w, https:\/\/www.pbagora.com.br\/storage\/2025\/10\/image-48-300x192.png 300w, https:\/\/www.pbagora.com.br\/storage\/2025\/10\/image-48-150x96.png 150w, https:\/\/www.pbagora.com.br\/storage\/2025\/10\/image-48-380x243.png 380w, https:\/\/www.pbagora.com.br\/storage\/2025\/10\/image-48-80x50.png 80w, https:\/\/www.pbagora.com.br\/storage\/2025\/10\/image-48-600x383.png 600w\" sizes=\"(max-width: 683px) 100vw, 683px\" \/><\/p>\n<p>A Pol\u00edcia Civil da Para\u00edba deu cumprimento a dois mandados de pris\u00e3o em Jo\u00e3o Pessoa nesta semana, em a\u00e7\u00f5es das delegacias especializadas da Capital.<\/p>\n\n\n\n<p>A primeira opera\u00e7\u00e3o foi realizada pela Delegacia Especializada de Crimes Contra a Pessoa da Capital (DCCPES), que prendeu um homem de 26 anos, indiciado como coautor do homic\u00eddio de Nilton Oliveira da Silva Filho, ocorrido em 4 de setembro de 2025, no bairro Jardim Cidade Universit\u00e1ria. Segundo as investiga\u00e7\u00f5es, o atirador estava na garupa de uma motocicleta no dia do crime e foi preso em flagrante, enquanto o piloto conseguiu fugir. Com apoio da Unidade de Intelig\u00eancia da Pol\u00edcia Civil, o suspeito foi localizado e teve a pris\u00e3o preventiva decretada pela 2\u00aa Vara do Tribunal do J\u00fari da Capital.<\/p>\n\n\n\n<p>A segunda a\u00e7\u00e3o envolveu a Delegacia de Crimes Contra o Patrim\u00f4nio da Capital (DCCPAT), que cumpriu um mandado de pris\u00e3o contra um homem de 36 anos, condenado duas vezes por furto qualificado. Com o benef\u00edcio anteriormente concedido suspenso, ele passou a ter de cumprir nove anos, 11 meses e sete dias em regime fechado. O condenado, que atuava como \u201cflanelinha\u201d na orla de Jo\u00e3o Pessoa, foi localizado no bairro de Mana\u00edra e conduzido ao Poder Judici\u00e1rio para cust\u00f3dia.<\/p>\n\n\n\n<p>As a\u00e7\u00f5es refor\u00e7am o compromisso da Pol\u00edcia Civil da Para\u00edba em investigar crimes e garantir a aplica\u00e7\u00e3o da lei.<\/p>\n\n\n\n<p><strong><em>Reda\u00e7\u00e3o<\/em><\/strong><\/p>\n","protected":false},"excerpt":{"rendered":"<p><img loading=\"lazy\" decoding=\"async\" width=\"683\" height=\"436\" src=\"https:\/\/www.pbagora.com.br\/storage\/2025\/10\/image-48.png\" class=\"attachment-large size-large wp-post-image\" alt=\"\" srcset=\"https:\/\/www.pbagora.com.br\/storage\/2025\/10\/image-48.png 683w, https:\/\/www.pbagora.com.br\/storage\/2025\/10\/image-48-300x192.png 300w, https:\/\/www.pbagora.com.br\/storage\/2025\/10\/image-48-150x96.png 150w, https:\/\/www.pbagora.com.br\/storage\/2025\/10\/image-48-380x243.png 380w, https:\/\/www.pbagora.com.br\/storage\/2025\/10\/image-48-80x50.png 80w, https:\/\/www.pbagora.com.br\/storage\/2025\/10\/image-48-600x383.png 600w\" sizes=\"auto, (max-width: 683px) 100vw, 683px\"><\/p>\n<p>A Pol\u00edcia Civil da Para\u00edba deu cumprimento a dois mandados de pris\u00e3o em Jo\u00e3o Pessoa nesta semana, em\u2026<\/p>\n","protected":false},"author":123457,"featured_media":0,"comment_status":"closed","ping_status":"closed","sticky":false,"template":"","format":"standard","meta":{"advgb_blocks_editor_width":"","advgb_blocks_columns_visual_guide":"","footnotes":""},"categories":[34],"tags":[35,10839],"class_list":["post-62976","post","type-post","status-publish","format-standard","hentry","category-g1","tag-g1","tag-policial"],"author_meta":{"display_name":"Reda\u00e7\u00e3o","author_link":"https:\/\/sindaopcpb.org.br\/author\/redacao\/"},"featured_img":null,"coauthors":[],"tax_additional":{"categories":{"linked":["<a href=\"https:\/\/sindaopcpb.org.br\/g1\/\" class=\"advgb-post-tax-term\">G1<\/a>"],"unlinked":["<span class=\"advgb-post-tax-term\">G1<\/span>"]},"tags":{"linked":["<a href=\"https:\/\/sindaopcpb.org.br\/g1\/\" class=\"advgb-post-tax-term\">g1<\/a>","<a href=\"https:\/\/sindaopcpb.org.br\/g1\/\" class=\"advgb-post-tax-term\">Policial<\/a>"],"unlinked":["<span class=\"advgb-post-tax-term\">g1<\/span>","<span class=\"advgb-post-tax-term\">Policial<\/span>"]}},"comment_count":"0","relative_dates":{"created":"Publicado 5 meses atr\u00e1s","modified":"Atualizado 5 meses atr\u00e1s"},"absolute_dates":{"created":"Publicado em 18 de novembro de 2025","modified":"Atualizado em 18 de novembro de 2025"},"absolute_dates_time":{"created":"Publicado em 18 de novembro de 2025 12:27","modified":"Atualizado em 18 de novembro de 2025 12:27"},"featured_img_caption":"","series_order":"","_links":{"self":[{"href":"https:\/\/sindaopcpb.org.br\/index.php\/wp-json\/wp\/v2\/posts\/62976","targetHints":{"allow":["GET"]}}],"collection":[{"href":"https:\/\/sindaopcpb.org.br\/index.php\/wp-json\/wp\/v2\/posts"}],"about":[{"href":"https:\/\/sindaopcpb.org.br\/index.php\/wp-json\/wp\/v2\/types\/post"}],"author":[{"embeddable":true,"href":"https:\/\/sindaopcpb.org.br\/index.php\/wp-json\/wp\/v2\/users\/123457"}],"replies":[{"embeddable":true,"href":"https:\/\/sindaopcpb.org.br\/index.php\/wp-json\/wp\/v2\/comments?post=62976"}],"version-history":[{"count":3,"href":"https:\/\/sindaopcpb.org.br\/index.php\/wp-json\/wp\/v2\/posts\/62976\/revisions"}],"predecessor-version":[{"id":62990,"href":"https:\/\/sindaopcpb.org.br\/index.php\/wp-json\/wp\/v2\/posts\/62976\/revisions\/62990"}],"wp:attachment":[{"href":"https:\/\/sindaopcpb.org.br\/index.php\/wp-json\/wp\/v2\/media?parent=62976"}],"wp:term":[{"taxonomy":"category","embeddable":true,"href":"https:\/\/sindaopcpb.org.br\/index.php\/wp-json\/wp\/v2\/categories?post=62976"},{"taxonomy":"post_tag","embeddable":true,"href":"https:\/\/sindaopcpb.org.br\/index.php\/wp-json\/wp\/v2\/tags?post=62976"}],"curies":[{"name":"wp","href":"https:\/\/api.w.org\/{rel}","templated":true}]}}