{"id":62968,"date":"2025-11-18T08:28:07","date_gmt":"2025-11-18T11:28:07","guid":{"rendered":"https:\/\/www.pbagora.com.br\/?p=926750"},"modified":"2025-11-18T08:28:07","modified_gmt":"2025-11-18T11:28:07","slug":"delegacias-de-repressao-a-entorpecentes-em-joao-pessoa-e-campina-grande-passam-a-atuar-sob-nova-coordenacao","status":"publish","type":"post","link":"https:\/\/sindaopcpb.org.br\/index.php\/2025\/11\/18\/delegacias-de-repressao-a-entorpecentes-em-joao-pessoa-e-campina-grande-passam-a-atuar-sob-nova-coordenacao\/","title":{"rendered":"Delegacias de Repress\u00e3o a Entorpecentes em Jo\u00e3o Pessoa e Campina Grande passam a atuar sob nova coordena\u00e7\u00e3o"},"content":{"rendered":"<p><img width=\"768\" height=\"526\" src=\"https:\/\/www.pbagora.com.br\/storage\/2025\/11\/APOL.jpg\" class=\"attachment-large size-large wp-post-image\" alt=\"\" style=\"margin-bottom: 20px;\" decoding=\"async\" srcset=\"https:\/\/www.pbagora.com.br\/storage\/2025\/11\/APOL.jpg 768w, https:\/\/www.pbagora.com.br\/storage\/2025\/11\/APOL-300x205.jpg 300w, https:\/\/www.pbagora.com.br\/storage\/2025\/11\/APOL-150x103.jpg 150w, https:\/\/www.pbagora.com.br\/storage\/2025\/11\/APOL-380x260.jpg 380w, https:\/\/www.pbagora.com.br\/storage\/2025\/11\/APOL-80x55.jpg 80w, https:\/\/www.pbagora.com.br\/storage\/2025\/11\/APOL-760x521.jpg 760w, https:\/\/www.pbagora.com.br\/storage\/2025\/11\/APOL-600x411.jpg 600w\" sizes=\"(max-width: 768px) 100vw, 768px\" \/><\/p>\n<p><\/p>\n\n\n\n<p>As\u00a0Delegacias de Repress\u00e3o a Entorpecentes\u00a0(DREs) de Jo\u00e3o Pessoa e Campina Grande passam a atuar sob nova coordena\u00e7\u00e3o.<\/p>\n\n\n\n<p>De acordo com a Pol\u00edcia Civil, o delegado titular da\u00a0Delegacia de Repress\u00e3o ao Crime Organizado\u00a0(DRACO), Diego Beltr\u00e3o, coordenar\u00e1 as DREs nos dois munic\u00edpios.<\/p>\n\n\n\n<p>Em Jo\u00e3o Pessoa, o delegado Alex Amorim substitui Alan Terruel \u00e0 frente da DRE. J\u00e1 em Campina Grande, a delegacia segue sob comando de&nbsp;Afr\u00e2nio Brito.<\/p>\n\n\n\n<p><em><strong>Reda\u00e7\u00e3o<\/strong><\/em><\/p>\n","protected":false},"excerpt":{"rendered":"<p><img loading=\"lazy\" decoding=\"async\" width=\"768\" height=\"526\" src=\"https:\/\/www.pbagora.com.br\/storage\/2025\/11\/APOL.jpg\" class=\"attachment-large size-large wp-post-image\" alt=\"\" srcset=\"https:\/\/www.pbagora.com.br\/storage\/2025\/11\/APOL.jpg 768w, https:\/\/www.pbagora.com.br\/storage\/2025\/11\/APOL-300x205.jpg 300w, https:\/\/www.pbagora.com.br\/storage\/2025\/11\/APOL-150x103.jpg 150w, https:\/\/www.pbagora.com.br\/storage\/2025\/11\/APOL-380x260.jpg 380w, https:\/\/www.pbagora.com.br\/storage\/2025\/11\/APOL-80x55.jpg 80w, https:\/\/www.pbagora.com.br\/storage\/2025\/11\/APOL-760x521.jpg 760w, https:\/\/www.pbagora.com.br\/storage\/2025\/11\/APOL-600x411.jpg 600w\" sizes=\"auto, (max-width: 768px) 100vw, 768px\"><\/p>\n<p>As\u00a0Delegacias de Repress\u00e3o a Entorpecentes\u00a0(DREs) de Jo\u00e3o Pessoa e Campina Grande passam a atuar sob nova coordena\u00e7\u00e3o. De\u2026<\/p>\n","protected":false},"author":123457,"featured_media":0,"comment_status":"closed","ping_status":"closed","sticky":false,"template":"","format":"standard","meta":{"advgb_blocks_editor_width":"","advgb_blocks_columns_visual_guide":"","footnotes":""},"categories":[34],"tags":[10841,35,10839],"class_list":["post-62968","post","type-post","status-publish","format-standard","hentry","category-g1","tag-destaque-centro-02","tag-g1","tag-policial"],"author_meta":{"display_name":"Reda\u00e7\u00e3o","author_link":"https:\/\/sindaopcpb.org.br\/author\/redacao\/"},"featured_img":null,"coauthors":[],"tax_additional":{"categories":{"linked":["<a href=\"https:\/\/sindaopcpb.org.br\/g1\/\" class=\"advgb-post-tax-term\">G1<\/a>"],"unlinked":["<span class=\"advgb-post-tax-term\">G1<\/span>"]},"tags":{"linked":["<a href=\"https:\/\/sindaopcpb.org.br\/g1\/\" class=\"advgb-post-tax-term\">Destaque Centro 02<\/a>","<a href=\"https:\/\/sindaopcpb.org.br\/g1\/\" class=\"advgb-post-tax-term\">g1<\/a>","<a href=\"https:\/\/sindaopcpb.org.br\/g1\/\" class=\"advgb-post-tax-term\">Policial<\/a>"],"unlinked":["<span class=\"advgb-post-tax-term\">Destaque Centro 02<\/span>","<span class=\"advgb-post-tax-term\">g1<\/span>","<span class=\"advgb-post-tax-term\">Policial<\/span>"]}},"comment_count":"0","relative_dates":{"created":"Publicado 5 meses atr\u00e1s","modified":"Atualizado 5 meses atr\u00e1s"},"absolute_dates":{"created":"Publicado em 18 de novembro de 2025","modified":"Atualizado em 18 de novembro de 2025"},"absolute_dates_time":{"created":"Publicado em 18 de novembro de 2025 08:28","modified":"Atualizado em 18 de novembro de 2025 08:28"},"featured_img_caption":"","series_order":"","_links":{"self":[{"href":"https:\/\/sindaopcpb.org.br\/index.php\/wp-json\/wp\/v2\/posts\/62968","targetHints":{"allow":["GET"]}}],"collection":[{"href":"https:\/\/sindaopcpb.org.br\/index.php\/wp-json\/wp\/v2\/posts"}],"about":[{"href":"https:\/\/sindaopcpb.org.br\/index.php\/wp-json\/wp\/v2\/types\/post"}],"author":[{"embeddable":true,"href":"https:\/\/sindaopcpb.org.br\/index.php\/wp-json\/wp\/v2\/users\/123457"}],"replies":[{"embeddable":true,"href":"https:\/\/sindaopcpb.org.br\/index.php\/wp-json\/wp\/v2\/comments?post=62968"}],"version-history":[{"count":3,"href":"https:\/\/sindaopcpb.org.br\/index.php\/wp-json\/wp\/v2\/posts\/62968\/revisions"}],"predecessor-version":[{"id":62980,"href":"https:\/\/sindaopcpb.org.br\/index.php\/wp-json\/wp\/v2\/posts\/62968\/revisions\/62980"}],"wp:attachment":[{"href":"https:\/\/sindaopcpb.org.br\/index.php\/wp-json\/wp\/v2\/media?parent=62968"}],"wp:term":[{"taxonomy":"category","embeddable":true,"href":"https:\/\/sindaopcpb.org.br\/index.php\/wp-json\/wp\/v2\/categories?post=62968"},{"taxonomy":"post_tag","embeddable":true,"href":"https:\/\/sindaopcpb.org.br\/index.php\/wp-json\/wp\/v2\/tags?post=62968"}],"curies":[{"name":"wp","href":"https:\/\/api.w.org\/{rel}","templated":true}]}}