{"id":62089,"date":"2025-10-21T08:32:03","date_gmt":"2025-10-21T11:32:03","guid":{"rendered":"https:\/\/www.pbagora.com.br\/?p=922429"},"modified":"2025-10-21T11:32:03","modified_gmt":"2025-10-21T14:32:03","slug":"cadaver-encontrado-em-bayeux-e-identificado-como-de-jovem-desaparecido-corpo-tinha-sinais-de-tortura","status":"publish","type":"post","link":"https:\/\/sindaopcpb.org.br\/index.php\/2025\/10\/21\/cadaver-encontrado-em-bayeux-e-identificado-como-de-jovem-desaparecido-corpo-tinha-sinais-de-tortura\/","title":{"rendered":"Cad\u00e1ver encontrado em Bayeux \u00e9 identificado como de jovem desaparecido; corpo tinha sinais de tortura"},"content":{"rendered":"<p><img width=\"768\" height=\"511\" src=\"https:\/\/www.pbagora.com.br\/storage\/2025\/10\/ipc-pb.jpeg\" class=\"attachment-large size-large wp-post-image\" alt=\"\" style=\"margin-bottom: 20px;\" decoding=\"async\" loading=\"lazy\" srcset=\"https:\/\/www.pbagora.com.br\/storage\/2025\/10\/ipc-pb.jpeg 768w, https:\/\/www.pbagora.com.br\/storage\/2025\/10\/ipc-pb-300x200.jpeg 300w, https:\/\/www.pbagora.com.br\/storage\/2025\/10\/ipc-pb-150x100.jpeg 150w, https:\/\/www.pbagora.com.br\/storage\/2025\/10\/ipc-pb-380x253.jpeg 380w, https:\/\/www.pbagora.com.br\/storage\/2025\/10\/ipc-pb-80x53.jpeg 80w, https:\/\/www.pbagora.com.br\/storage\/2025\/10\/ipc-pb-760x506.jpeg 760w, https:\/\/www.pbagora.com.br\/storage\/2025\/10\/ipc-pb-600x399.jpeg 600w\" sizes=\"auto, (max-width: 768px) 100vw, 768px\" \/><\/p>\n<p><\/p>\n\n\n\n<p>Ap\u00f3s uma investiga\u00e7\u00e3o via exame de DNA realizado pelo Instituto de Pol\u00edcia Cient\u00edfica (IPC), foi determinado que o corpo encontrado neste fim de semana no mangue \u00e0s margens do Rio Para\u00edba, em Bayeux, \u00e9 do jovem Hebert Jonas da Silva Fran\u00e7a, de 19 anos, conhecido como Bolinha. Ele estava desaparecido desde o dia 14 de outubro, e a confirma\u00e7\u00e3o da identidade foi feita ap\u00f3s exame de DNA realizado pelo Instituto de Pol\u00edcia Cient\u00edfica (IPC).<\/p>\n\n\n\n<p>De acordo com a Pol\u00edcia Civil, o corpo foi encontrado na manh\u00e3 de s\u00e1bado (19), ap\u00f3s a mar\u00e9 baixa revelar a v\u00edtima, que apresentava as m\u00e3os amarradas, sinais de tortura, corte na regi\u00e3o do pesco\u00e7o e marcas de disparos de arma de fogo na cabe\u00e7a. O corpo foi removido do local e submetido a exames periciais.<\/p>\n\n\n\n<p>O delegado Douglas Garcia, respons\u00e1vel pela investiga\u00e7\u00e3o, afirmou que as dilig\u00eancias seguem em andamento e que novas informa\u00e7\u00f5es est\u00e3o sendo apuradas. \u201cN\u00e3o podemos detalhar as a\u00e7\u00f5es para n\u00e3o comprometer o bom andamento da investiga\u00e7\u00e3o\u201d, destacou.<\/p>\n\n\n\n<p>Ainda segundo a investiga\u00e7\u00e3o, Ebert teria ido \u00e0 regi\u00e3o de Bayeux acompanhado de uma jovem que mant\u00e9m rela\u00e7\u00f5es com uma fac\u00e7\u00e3o criminosa rival \u00e0quela que atua na \u00e1rea onde o jovem morava, em Jo\u00e3o Pessoa. O pai da v\u00edtima relatou que o filho n\u00e3o tinha envolvimento direto com o crime organizado, mas convivia com pessoas ligadas \u00e0 fac\u00e7\u00e3o local. O enterro de Hebert Jonas foi realizado nesta segunda-feira (20).<\/p>\n\n\n\n<p><strong>Reda\u00e7\u00e3o<\/strong><\/p>\n","protected":false},"excerpt":{"rendered":"<p><img loading=\"lazy\" decoding=\"async\" width=\"768\" height=\"511\" src=\"https:\/\/www.pbagora.com.br\/storage\/2025\/10\/ipc-pb.jpeg\" class=\"attachment-large size-large wp-post-image\" alt=\"\" srcset=\"https:\/\/www.pbagora.com.br\/storage\/2025\/10\/ipc-pb.jpeg 768w, https:\/\/www.pbagora.com.br\/storage\/2025\/10\/ipc-pb-300x200.jpeg 300w, https:\/\/www.pbagora.com.br\/storage\/2025\/10\/ipc-pb-150x100.jpeg 150w, https:\/\/www.pbagora.com.br\/storage\/2025\/10\/ipc-pb-380x253.jpeg 380w, https:\/\/www.pbagora.com.br\/storage\/2025\/10\/ipc-pb-80x53.jpeg 80w, https:\/\/www.pbagora.com.br\/storage\/2025\/10\/ipc-pb-760x506.jpeg 760w, https:\/\/www.pbagora.com.br\/storage\/2025\/10\/ipc-pb-600x399.jpeg 600w\" sizes=\"auto, (max-width: 768px) 100vw, 768px\"><\/p>\n<p>Ap\u00f3s uma investiga\u00e7\u00e3o via exame de DNA realizado pelo Instituto de Pol\u00edcia Cient\u00edfica (IPC), foi determinado que o\u2026<\/p>\n","protected":false},"author":123457,"featured_media":0,"comment_status":"closed","ping_status":"closed","sticky":false,"template":"","format":"standard","meta":{"advgb_blocks_editor_width":"","advgb_blocks_columns_visual_guide":"","footnotes":""},"categories":[34],"tags":[35,10839,10848],"class_list":["post-62089","post","type-post","status-publish","format-standard","hentry","category-g1","tag-g1","tag-policial","tag-rodape-01"],"author_meta":{"display_name":"Reda\u00e7\u00e3o","author_link":"https:\/\/sindaopcpb.org.br\/author\/redacao\/"},"featured_img":null,"coauthors":[],"tax_additional":{"categories":{"linked":["<a href=\"https:\/\/sindaopcpb.org.br\/g1\/\" class=\"advgb-post-tax-term\">G1<\/a>"],"unlinked":["<span class=\"advgb-post-tax-term\">G1<\/span>"]},"tags":{"linked":["<a href=\"https:\/\/sindaopcpb.org.br\/g1\/\" class=\"advgb-post-tax-term\">g1<\/a>","<a href=\"https:\/\/sindaopcpb.org.br\/g1\/\" class=\"advgb-post-tax-term\">Policial<\/a>","<a href=\"https:\/\/sindaopcpb.org.br\/g1\/\" class=\"advgb-post-tax-term\">Rodape 01<\/a>"],"unlinked":["<span class=\"advgb-post-tax-term\">g1<\/span>","<span class=\"advgb-post-tax-term\">Policial<\/span>","<span class=\"advgb-post-tax-term\">Rodape 01<\/span>"]}},"comment_count":"0","relative_dates":{"created":"Publicado 6 meses atr\u00e1s","modified":"Atualizado 6 meses atr\u00e1s"},"absolute_dates":{"created":"Publicado em 21 de outubro de 2025","modified":"Atualizado em 21 de outubro de 2025"},"absolute_dates_time":{"created":"Publicado em 21 de outubro de 2025 08:32","modified":"Atualizado em 21 de outubro de 2025 11:32"},"featured_img_caption":"","series_order":"","_links":{"self":[{"href":"https:\/\/sindaopcpb.org.br\/index.php\/wp-json\/wp\/v2\/posts\/62089","targetHints":{"allow":["GET"]}}],"collection":[{"href":"https:\/\/sindaopcpb.org.br\/index.php\/wp-json\/wp\/v2\/posts"}],"about":[{"href":"https:\/\/sindaopcpb.org.br\/index.php\/wp-json\/wp\/v2\/types\/post"}],"author":[{"embeddable":true,"href":"https:\/\/sindaopcpb.org.br\/index.php\/wp-json\/wp\/v2\/users\/123457"}],"replies":[{"embeddable":true,"href":"https:\/\/sindaopcpb.org.br\/index.php\/wp-json\/wp\/v2\/comments?post=62089"}],"version-history":[{"count":3,"href":"https:\/\/sindaopcpb.org.br\/index.php\/wp-json\/wp\/v2\/posts\/62089\/revisions"}],"predecessor-version":[{"id":62100,"href":"https:\/\/sindaopcpb.org.br\/index.php\/wp-json\/wp\/v2\/posts\/62089\/revisions\/62100"}],"wp:attachment":[{"href":"https:\/\/sindaopcpb.org.br\/index.php\/wp-json\/wp\/v2\/media?parent=62089"}],"wp:term":[{"taxonomy":"category","embeddable":true,"href":"https:\/\/sindaopcpb.org.br\/index.php\/wp-json\/wp\/v2\/categories?post=62089"},{"taxonomy":"post_tag","embeddable":true,"href":"https:\/\/sindaopcpb.org.br\/index.php\/wp-json\/wp\/v2\/tags?post=62089"}],"curies":[{"name":"wp","href":"https:\/\/api.w.org\/{rel}","templated":true}]}}